{"id":10036,"date":"2019-08-13T21:27:43","date_gmt":"2019-08-14T00:27:43","guid":{"rendered":"http:\/\/marisaono.com\/delicia\/?p=10036"},"modified":"2019-08-13T21:27:43","modified_gmt":"2019-08-14T00:27:43","slug":"agenda-lamen-e-defumados-2","status":"publish","type":"post","link":"https:\/\/marisaono.com\/delicia\/2019\/08\/13\/agenda-lamen-e-defumados-2\/","title":{"rendered":"Agenda: Lamen e Defumados"},"content":{"rendered":"<div class=\"translate_block\" style=\"display: none;\">\n<a class=\"translate_translate\" id=\"translate_button_post-10036\" lang=\"en\" xml:lang=\"en\" href=\"javascript:show_translate_popup('en', 'post', 10036);\">[Translate]<\/a><img src=\"https:\/\/marisaono.com\/delicia\/wp-content\/plugins\/google-ajax-translation\/transparent.gif\" id=\"translate_loading_post-10036\" class=\"translate_loading\" style=\"display: none;\" width=\"16\" height=\"16\" alt=\"\" \/>\n<hr class=\"translate_hr\" \/>\n<\/div>\n<div id=\"content_div-10036\">\n<p>Lamen<\/p>\n<p>Quando: dia 25 de agosto (domingo), das 10 \u00e0s 16 horas<span class=\"im\"><br \/>\nOnde: Aqui em casa, pr\u00f3ximo ao Haras Setti e o campo de beisebol da<br \/>\nYakult em Ibi\u00fana.<br \/>\nReceitas apresentadas: Duas massas para lamen, caldo base, molhos para<br \/>\no shoyu lamen e para o miso lamen, porco marinado (chashu), ovo<br \/>\nmarinado (aji tsuke tamago). Tamb\u00e9m apresento ideias de &#8220;topping&#8221;,<br \/>\nexplico sobre as farinhas a serem utilizadas e falo sobre os insumos.<br \/>\nSegue almo\u00e7o com um shoyu lamen e um miso lamen, usando os itens<br \/>\napresentados na aula, mais ch\u00e1 e sobremesa.<br \/>\nValor: 200\/pessoa<br \/>\nRestam 2 vagas<\/span><\/p>\n<p><span class=\"im\"><br \/>\n<\/span>Bacon, Pernil e Pastrami<\/p>\n<p>Quando: Dia 15 de setembro, domingo, das 10 \u00e0s 16 horas.<span class=\"im\"><br \/>\nOnde: Aqui em casa, pr\u00f3ximo ao Haras Setti e o campo de beisebol da<br \/>\nYakult em Ibi\u00fana.<br \/>\n<\/span>Receitas apresentadas: Bacon, copa lombo defumada e pastrami. T\u00e9cnicas<br \/>\nde salga, cura e defuma\u00e7\u00e3o. Orienta\u00e7\u00f5es sobre madeiras ideais para<br \/>\ndefuma\u00e7\u00e3o. Op\u00e7\u00f5es de defumadores caseiros. Almo\u00e7o com as carnes<br \/>\npreparadas no dia, acompanhado de p\u00e3es, salada, ch\u00e1 e um doce para<br \/>\nfinalizar.<span class=\"im\"><br \/>\nValor: 200\/pessoa<br \/>\nRestam 4 vagas<br \/>\n<\/span><\/p>\n<p>Mais informa\u00e7\u00f5es pelo e-mail marisaono@gmail.com<\/p>\n<p>&nbsp;<\/p>\n<a href=\"https:\/\/www.freetellafriend.com\/tell\/?url=https%3A%2F%2Fmarisaono.com%2Fdelicia%2F2019%2F08%2F13%2Fagenda-lamen-e-defumados-2%2F&title=Agenda%3A+Lamen+e+Defumados\" onclick=\"window.open('https:\/\/www.freetellafriend.com\/tell\/?url=https%3A%2F%2Fmarisaono.com%2Fdelicia%2F2019%2F08%2F13%2Fagenda-lamen-e-defumados-2%2F&title=Agenda%3A+Lamen+e+Defumados', 'freetellafriend', 'scrollbars=1,menubar=0,width=617,height=530,resizable=1,toolbar=0,location=0,status=0,screenX=210,screenY=100,left=210,top=100'); return false;\" target=\"_blank\" title=\"Share This Post\"><img decoding=\"async\" src=\"http:\/\/marisaono.com\/delicia\/wp-content\/plugins\/tell-a-friend\/button.gif\" style=\"width:127px;height:16px;border:0px;\" alt=\"Share This Post\" title=\"Share This Post\" \/><\/a><\/div>\n","protected":false},"excerpt":{"rendered":"<p>[Translate] Lamen Quando: dia 25 de agosto (domingo), das 10 \u00e0s 16 horas Onde: Aqui em casa, pr\u00f3ximo ao Haras Setti e o campo de beisebol da Yakult em Ibi\u00fana. Receitas apresentadas: Duas massas para lamen, caldo base, molhos para &hellip; <a href=\"https:\/\/marisaono.com\/delicia\/2019\/08\/13\/agenda-lamen-e-defumados-2\/\">Continuar a ler <span class=\"meta-nav\">&rarr;<\/span><\/a><\/p>\n","protected":false},"author":1,"featured_media":0,"comment_status":"open","ping_status":"open","sticky":false,"template":"","format":"standard","meta":{"spay_email":"","footnotes":"","jetpack_publicize_message":"","jetpack_is_tweetstorm":false},"categories":[1],"tags":[],"jetpack_featured_media_url":"","jetpack_publicize_connections":[],"jetpack_sharing_enabled":true,"jetpack_shortlink":"https:\/\/wp.me\/pccs7-2BS","jetpack-related-posts":[{"id":9861,"url":"https:\/\/marisaono.com\/delicia\/2018\/09\/02\/agenda-de-setembro-lamen-e-defumados\/","url_meta":{"origin":10036,"position":0},"title":"Agenda de Setembro: Lamen e Defumados","date":"Setembro 2, 2018","format":false,"excerpt":"\u00a0 \u00a0 \u00a0 \u00a0 \u00a0 \u00a0 \u00a0 \u00a0 \u00a0 \u00a0 Quer aprender a fazer um shoyu lamen e um miso lamen, do caldo \u00e0 massa, passando por toda explica\u00e7\u00e3o sobre t\u00e9cnicas e insumos? Quando: Domingo, dia 16 de setembro, das 10 \u00e0s 16 horas, das 10 \u00e0s 16 horas Onde:\u2026","rel":"","context":"Similar post","img":{"alt_text":"","src":"https:\/\/i2.wp.com\/marisaono.com\/delicia\/wp-content\/uploads\/oficina-de-lamen-e1535924422256.jpg?resize=350%2C200","width":350,"height":200},"classes":[]},{"id":9989,"url":"https:\/\/marisaono.com\/delicia\/2019\/05\/14\/agenda-de-julho\/","url_meta":{"origin":10036,"position":1},"title":"Agenda de Junho","date":"Maio 14, 2019","format":false,"excerpt":"Aqui v\u00e3o as datas dos pr\u00f3ximos cursos aqui em casa: Miso e fermentados \u00e0 base de arroz Quando: Dia 2 de junho, domingo, das 10 as 16 horas Onde: Aqui em casa, pr\u00f3ximo ao Haras Setti e o campo de beisebol da Yakult em Ibi\u00fana. Programa\u00e7\u00e3o: O que \u00e9 koji,\u2026","rel":"","context":"With 6 comments","img":{"alt_text":"","src":"","width":0,"height":0},"classes":[]},{"id":9931,"url":"https:\/\/marisaono.com\/delicia\/2018\/12\/02\/lamen-e-defumados\/","url_meta":{"origin":10036,"position":2},"title":"Lamen e Defumados","date":"Dezembro 2, 2018","format":false,"excerpt":"Os dois \u00faltimos cursos do ano s\u00e3o estes, depois, s\u00f3 ano que vem. Lamen: Quando: dia 9 de Dezembro (domingo), das 10 \u00e0s 16 horas, das 10 \u00e0s 16 horas Onde: Aqui em casa, pr\u00f3ximo ao Haras Setti e o campo de beisebol da Yakult em Ibi\u00fana. Receitas apresentadas: Duas\u2026","rel":"","context":"Similar post","img":{"alt_text":"","src":"https:\/\/i2.wp.com\/marisaono.com\/delicia\/wp-content\/uploads\/miso-lamen.jpg?resize=350%2C200","width":350,"height":200},"classes":[]},{"id":10045,"url":"https:\/\/marisaono.com\/delicia\/2019\/09\/08\/agenda-8\/","url_meta":{"origin":10036,"position":3},"title":"Agenda","date":"Setembro 8, 2019","format":false,"excerpt":"Atualizando a agenda dos pr\u00f3ximos cursos: Defumados Bacon, Pernil e Pastrami Quando: Dia 15 de setembro, domingo, das 10 \u00e0s 16 horas. Onde: Aqui em casa, pr\u00f3ximo ao Haras Setti e o campo de beisebol da Yakult em Ibi\u00fana. Receitas apresentadas: Bacon, copa lombo defumada e pastrami. T\u00e9cnicas de salga,\u2026","rel":"","context":"Similar post","img":{"alt_text":"","src":"","width":0,"height":0},"classes":[]},{"id":9977,"url":"https:\/\/marisaono.com\/delicia\/2019\/03\/27\/agenda-7\/","url_meta":{"origin":10036,"position":4},"title":"Agenda","date":"Mar\u00e7o 27, 2019","format":false,"excerpt":"Bem, estive um bom tempo sem publicar nada. \u00c9 que fiquei pelo menos 14 dias sem conex\u00e3o. Mais uns contratempos por aqui, uns aborrecimentos. Aqui v\u00e3o as datas dos pr\u00f3ximos cursos Lamen Quando: dia 14 de Abril (domingo), das 10 \u00e0s 16 horas Onde: Aqui em casa, pr\u00f3ximo ao Haras\u2026","rel":"","context":"Similar post","img":{"alt_text":"","src":"","width":0,"height":0},"classes":[]},{"id":10930,"url":"https:\/\/marisaono.com\/delicia\/2020\/02\/23\/agenda-10\/","url_meta":{"origin":10036,"position":5},"title":"Agenda","date":"Fevereiro 23, 2020","format":false,"excerpt":"Lamen Quando: Dia 8 de mar\u00e7o, domingo, das 10 \u00e0s 16 horas. Onde: Aqui em casa, pr\u00f3ximo ao Haras Setti e o campo de beisebol da Yakult em Ibi\u00fana. Receitas apresentadas: 2 massas, caldo \u00e0 base de porco e frango, chashu (porco marinado) e os molhos \u00e0 base de shoyu\u2026","rel":"","context":"Similar post","img":{"alt_text":"","src":"","width":0,"height":0},"classes":[]}],"_links":{"self":[{"href":"https:\/\/marisaono.com\/delicia\/wp-json\/wp\/v2\/posts\/10036"}],"collection":[{"href":"https:\/\/marisaono.com\/delicia\/wp-json\/wp\/v2\/posts"}],"about":[{"href":"https:\/\/marisaono.com\/delicia\/wp-json\/wp\/v2\/types\/post"}],"author":[{"embeddable":true,"href":"https:\/\/marisaono.com\/delicia\/wp-json\/wp\/v2\/users\/1"}],"replies":[{"embeddable":true,"href":"https:\/\/marisaono.com\/delicia\/wp-json\/wp\/v2\/comments?post=10036"}],"version-history":[{"count":1,"href":"https:\/\/marisaono.com\/delicia\/wp-json\/wp\/v2\/posts\/10036\/revisions"}],"predecessor-version":[{"id":10037,"href":"https:\/\/marisaono.com\/delicia\/wp-json\/wp\/v2\/posts\/10036\/revisions\/10037"}],"wp:attachment":[{"href":"https:\/\/marisaono.com\/delicia\/wp-json\/wp\/v2\/media?parent=10036"}],"wp:term":[{"taxonomy":"category","embeddable":true,"href":"https:\/\/marisaono.com\/delicia\/wp-json\/wp\/v2\/categories?post=10036"},{"taxonomy":"post_tag","embeddable":true,"href":"https:\/\/marisaono.com\/delicia\/wp-json\/wp\/v2\/tags?post=10036"}],"curies":[{"name":"wp","href":"https:\/\/api.w.org\/{rel}","templated":true}]}}