{"id":10910,"date":"2020-02-11T22:45:08","date_gmt":"2020-02-12T01:45:08","guid":{"rendered":"http:\/\/marisaono.com\/delicia\/?p=10910"},"modified":"2020-02-11T22:45:20","modified_gmt":"2020-02-12T01:45:20","slug":"curry-do-desespero","status":"publish","type":"post","link":"https:\/\/marisaono.com\/delicia\/2020\/02\/11\/curry-do-desespero\/","title":{"rendered":"Curry do Desespero"},"content":{"rendered":"<div class=\"translate_block\" style=\"display: none;\">\n<a class=\"translate_translate\" id=\"translate_button_post-10910\" lang=\"en\" xml:lang=\"en\" href=\"javascript:show_translate_popup('en', 'post', 10910);\">[Translate]<\/a><img src=\"https:\/\/marisaono.com\/delicia\/wp-content\/plugins\/google-ajax-translation\/transparent.gif\" id=\"translate_loading_post-10910\" class=\"translate_loading\" style=\"display: none;\" width=\"16\" height=\"16\" alt=\"\" \/>\n<hr class=\"translate_hr\" \/>\n<\/div>\n<div id=\"content_div-10910\">\n\n<figure class=\"wp-block-image\"><img loading=\"lazy\" decoding=\"async\" width=\"768\" height=\"1024\" src=\"http:\/\/marisaono.com\/delicia\/wp-content\/uploads\/IMG_20200211_110554862_HDR-2-768x1024.jpg\" alt=\"\" class=\"wp-image-10923\" srcset=\"https:\/\/marisaono.com\/delicia\/wp-content\/uploads\/IMG_20200211_110554862_HDR-2.jpg 768w, https:\/\/marisaono.com\/delicia\/wp-content\/uploads\/IMG_20200211_110554862_HDR-2-203x270.jpg 203w\" sizes=\"(max-width: 768px) 100vw, 768px\" \/><\/figure>\n\n\n\n<p>Sempre que compro carne mo\u00edda, refogo um bom bocado, divido e guardo. Ultimamente ando comprando paleta de boi, que \u00e9 um corte muito saboroso e magro. Com isso feito, j\u00e1 tenho um algo para come\u00e7ar diversos pratos r\u00e1pidos. No caso, esse curry feito com carne mo\u00edda, legumes picadinhos e temperos que tinha em casa: gr\u00e3os de coentro, cominho, gengibre, pimenta e feno grego em p\u00f3. Se tiver um moedor em casa para triturar todos os gr\u00e3os, \u00f3timo.  Hoje em dia, nas feiras, h\u00e1 quem moa na hora, o que \u00e9 bem conveniente. Mas n\u00e3o se preocupe: se n\u00e3o tiver isso mas tiver p\u00f3 de curry, tamb\u00e9m funciona. A vantagem \u00e9 que fica pronto r\u00e1pido com esse atalho da carne pr\u00e9-refogada e leva vegetais, que com arroz, vira uma refei\u00e7\u00e3o bem satisfat\u00f3ria. E aprendi com o tempo que idosos comem melhor quando os vegetais est\u00e3o picados e bem cozidos e que em pratos condimentados, podemos reduzir o sal sem prejudicar o sabor. <\/p>\n\n\n\n<figure class=\"wp-block-image\"><img loading=\"lazy\" decoding=\"async\" width=\"768\" height=\"1024\" src=\"http:\/\/marisaono.com\/delicia\/wp-content\/uploads\/IMG_20200211_103008288-1-768x1024.jpg\" alt=\"\" class=\"wp-image-10922\" srcset=\"https:\/\/marisaono.com\/delicia\/wp-content\/uploads\/IMG_20200211_103008288-1.jpg 768w, https:\/\/marisaono.com\/delicia\/wp-content\/uploads\/IMG_20200211_103008288-1-203x270.jpg 203w\" sizes=\"(max-width: 768px) 100vw, 768px\" \/><\/figure>\n\n\n\n<pre class=\"wp-block-verse\">Para 2 pessoas:<br>2 dentes de alho picados<br>1\/2 cebola picada<br>2 colheres de \u00f3leo, para refogar<br>1 colher de ch\u00e1 de coentro triturado<br>1 colher de ch\u00e1 de cominho triturado<br>1 colher de ch\u00e1 de c\u00farcuma em p\u00f3<br>1\/2 colher de ch\u00e1 de feno grego em p\u00f3<br>Ou substitua todas as especiarias por mais ou menos 1 colher de curry em p\u00f3 (ou menos, dependendo do gosto)<br>1 x\u00edcara de carne mo\u00edda refogada<br>2 x\u00edcaras de legumes picados (cenoura, abobrinha, vagem, berinjela, etc)<br>2 colheres de sopa de pur\u00ea de tomate ou 1 tomate picado<br>Sal, pimenta-do-reino, pimenta vermelha e gengibre ralado \u00e0 gosto<br><br>Refogue o alho at\u00e9 come\u00e7ar a dourar. Junte a cebola e refogue em fogo baixo, at\u00e9 ficar macio. Adicione o coentro e o cominho (ou o p\u00f3 de curry) e refogue at\u00e9 ficar cheiroso. Adicione a c\u00farcuma, o feno grego e a carne. Refogue um pouco e adicione os vegetais, come\u00e7ando com os que demoram mais para cozinhar, como a cenoura. A dica aqui \u00e9 picar os vegetais que demoram mais em cubinhos menores, de mais ou menos 1,5 cm de lado; a berinjela eu cortei em cubos de 3 cm). <br>Adicione pouca \u00e1gua, \u00e9 um curry mais \"seco\". <br>Junte o pur\u00ea de tomate ou o tomate picado.<br>Tempere com sal, pimentas \u00e0 gosto e cozinhe at\u00e9 ficar tudo macio. <br>E fique \u00e0 vontade para personalizar: uma pitada de cravo ou de noz-moscada, cardamomo, uma colher de shoyu, talvez leite de coco. <br>Sirva com arroz. H\u00e1 quem goste de uma colher de iogurte ou um ovo frito por cima. Eu gosto de ralar um queijo que derreta, por cima.<br><br><br><\/pre>\n\n\n\n<p>Essa receita entra na categoria &#8220;Cozinha do desespero&#8221; porque fica pronta em pouco tempo, mesmo que n\u00e3o use carne mo\u00edda pr\u00e9-refogada e, junto com arroz, \u00e9 uma refei\u00e7\u00e3o completa. <\/p>\n<a href=\"https:\/\/www.freetellafriend.com\/tell\/?url=https%3A%2F%2Fmarisaono.com%2Fdelicia%2F2020%2F02%2F11%2Fcurry-do-desespero%2F&title=Curry+do+Desespero\" onclick=\"window.open('https:\/\/www.freetellafriend.com\/tell\/?url=https%3A%2F%2Fmarisaono.com%2Fdelicia%2F2020%2F02%2F11%2Fcurry-do-desespero%2F&title=Curry+do+Desespero', 'freetellafriend', 'scrollbars=1,menubar=0,width=617,height=530,resizable=1,toolbar=0,location=0,status=0,screenX=210,screenY=100,left=210,top=100'); return false;\" target=\"_blank\" title=\"Share This Post\"><img decoding=\"async\" src=\"http:\/\/marisaono.com\/delicia\/wp-content\/plugins\/tell-a-friend\/button.gif\" style=\"width:127px;height:16px;border:0px;\" alt=\"Share This Post\" title=\"Share This Post\" \/><\/a><\/div>\n","protected":false},"excerpt":{"rendered":"<p>[Translate] Sempre que compro carne mo\u00edda, refogo um bom bocado, divido e guardo. Ultimamente ando comprando paleta de boi, que \u00e9 um corte muito saboroso e magro. Com isso feito, j\u00e1 tenho um algo para come\u00e7ar diversos pratos r\u00e1pidos. No &hellip; <a href=\"https:\/\/marisaono.com\/delicia\/2020\/02\/11\/curry-do-desespero\/\">Continuar a ler <span class=\"meta-nav\">&rarr;<\/span><\/a><\/p>\n","protected":false},"author":1,"featured_media":10923,"comment_status":"open","ping_status":"open","sticky":false,"template":"","format":"standard","meta":{"spay_email":"","footnotes":"","jetpack_publicize_message":"","jetpack_is_tweetstorm":false},"categories":[11,97,51,35,256],"tags":[162,161,85],"jetpack_featured_media_url":"https:\/\/marisaono.com\/delicia\/wp-content\/uploads\/IMG_20200211_110554862_HDR-2.jpg","jetpack_publicize_connections":[],"jetpack_sharing_enabled":true,"jetpack_shortlink":"https:\/\/wp.me\/pccs7-2PY","jetpack-related-posts":[{"id":10999,"url":"https:\/\/marisaono.com\/delicia\/2020\/07\/12\/video-dry-kare\/","url_meta":{"origin":10910,"position":0},"title":"Video: Dry Kar\u00ea","date":"Julho 12, 2020","format":false,"excerpt":"Eu j\u00e1 publiquei uma receita de Dry Kar\u00ea. Mas esta vers\u00e3o n\u00e3o vai curry em p\u00f3 e rende 2 por\u00e7\u00f5es. \u00c9 um prato r\u00e1pido, satisfat\u00f3rio e faz sucesso entre as crian\u00e7as japonesas (e \u00e9 um jeito de fazer a crian\u00e7ada comer vegetais que n\u00e3o est\u00e3o acostumados, porque j\u00e1 que \u00e9\u2026","rel":"","context":"In &quot;Prato principal&quot;","img":{"alt_text":"","src":"https:\/\/i2.wp.com\/img.youtube.com\/vi\/4PjU6hDtsyU\/0.jpg?resize=350%2C200","width":350,"height":200},"classes":[]},{"id":644,"url":"https:\/\/marisaono.com\/delicia\/2009\/01\/17\/dry-kare\/","url_meta":{"origin":10910,"position":1},"title":"Dry Kare","date":"Janeiro 17, 2009","format":false,"excerpt":"Nos \u00faltimos anos, esse prato tornou-se muito popular, principalmente entre as crian\u00e7as japonesas. Ali\u00e1s, soube outro dia que kare est\u00e1 presente nas refei\u00e7\u00f5es escolares de l\u00e1. De todas as escolas! Ou seja, ao menos uma vez por m\u00eas servem algum tipo de curry. E o curry hoje \u00e9 o segundo\u2026","rel":"","context":"In &quot;cotidiano&quot;","img":{"alt_text":"","src":"https:\/\/i2.wp.com\/marisaono.com\/delicia\/wp-content\/uploads\/Dry-Kare.jpg?resize=350%2C200&ssl=1","width":350,"height":200},"classes":[]},{"id":8777,"url":"https:\/\/marisaono.com\/delicia\/2015\/12\/20\/natsu-yasai-kare-ou-curry-a-japonesa-com-vegetais-de-verao\/","url_meta":{"origin":10910,"position":2},"title":"Natsu Yasai Kar\u00ea. Ou Curry \u00e0 Japonesa com Vegetais de Ver\u00e3o","date":"Dezembro 20, 2015","format":false,"excerpt":"\u00c9 uma receita t\u00e3o f\u00e1cil que n\u00e3o sei porqu\u00ea n\u00e3o publiquei antes. Como faz calor e a horta est\u00e1 produzindo algo, resolvi fazer esse curry quase vegetariano. \u00c9 uma receita r\u00e1pida, j\u00e1 que apelo para o preparado para curry japon\u00eas (que pode ser em flocos ou em tabletes). Ali\u00e1s, eu\u2026","rel":"","context":"In &quot;Cozinha do Desespero&quot;","img":{"alt_text":"","src":"https:\/\/i0.wp.com\/marisaono.com\/delicia\/wp-content\/uploads\/CIMG0277.jpg?resize=350%2C200&ssl=1","width":350,"height":200},"classes":[]},{"id":472,"url":"https:\/\/marisaono.com\/delicia\/2008\/06\/18\/kare\/","url_meta":{"origin":10910,"position":3},"title":"Kare","date":"Junho 18, 2008","format":false,"excerpt":"S\u00f3 hoje me dei conta que ainda n\u00e3o publiquei nenhuma receita de kare. Os primeiros currys datam de 1872. Era quase uma sopa, de cor amarela. O tempo passou e o curry virou kare, mais espesso, escuro, adocicado, que pouco lembra o curry indiano. A paix\u00e3o do japon\u00eas pelo curry\u2026","rel":"","context":"In &quot;Culin\u00e1ria japonesa&quot;","img":{"alt_text":"","src":"https:\/\/i0.wp.com\/marisaono.com\/delicia\/wp-content\/uploads\/2008\/06\/kare-1.jpg?resize=350%2C200&ssl=1","width":350,"height":200},"classes":[]},{"id":2641,"url":"https:\/\/marisaono.com\/delicia\/2010\/08\/10\/soup-kare\/","url_meta":{"origin":10910,"position":4},"title":"Soup Kare","date":"Agosto 10, 2010","format":false,"excerpt":"Sopa de Curry. Essa vers\u00e3o \u00e9 t\u00edpica de Hokkaido, mas \u00e9 coisa recente. Um restaurante resolveu lan\u00e7ar um prato de sopa \u00e0 base de curry, com peda\u00e7os grandes de vegetais e uma coxa de frango assada. O fato de ser r\u00e1pido para ser servido, ser nutritivo e com n\u00e3o muito\u2026","rel":"","context":"In &quot;Culin\u00e1ria japonesa&quot;","img":{"alt_text":"","src":"https:\/\/i1.wp.com\/marisaono.com\/delicia\/wp-content\/uploads\/soup-kare1.jpg?resize=350%2C200&ssl=1","width":350,"height":200},"classes":[]},{"id":5151,"url":"https:\/\/marisaono.com\/delicia\/2012\/08\/30\/sato-imo-koroke-croquete-de-inhame\/","url_meta":{"origin":10910,"position":5},"title":"Sato-imo Koroke (Croquete de Inhame)","date":"Agosto 30, 2012","format":false,"excerpt":"Os japoneses t\u00eam um grande apre\u00e7o pelo inhame. S\u00e3o cozidos com shoyu ou miso, com outros vegetais ou com carne e tamb\u00e9m virem croquetes, que \u00a0podem complementar uma refei\u00e7\u00e3o ou ser consumido como petisco, acompanhando uma cerveja. A melhor variedade para esse prato \u00e9 o ebi-imo, inhame de formato curvo,\u2026","rel":"","context":"In &quot;Culin\u00e1ria japonesa&quot;","img":{"alt_text":"","src":"https:\/\/i0.wp.com\/marisaono.com\/delicia\/wp-content\/uploads\/IMG_0699.jpg?resize=350%2C200&ssl=1","width":350,"height":200},"classes":[]}],"_links":{"self":[{"href":"https:\/\/marisaono.com\/delicia\/wp-json\/wp\/v2\/posts\/10910"}],"collection":[{"href":"https:\/\/marisaono.com\/delicia\/wp-json\/wp\/v2\/posts"}],"about":[{"href":"https:\/\/marisaono.com\/delicia\/wp-json\/wp\/v2\/types\/post"}],"author":[{"embeddable":true,"href":"https:\/\/marisaono.com\/delicia\/wp-json\/wp\/v2\/users\/1"}],"replies":[{"embeddable":true,"href":"https:\/\/marisaono.com\/delicia\/wp-json\/wp\/v2\/comments?post=10910"}],"version-history":[{"count":1,"href":"https:\/\/marisaono.com\/delicia\/wp-json\/wp\/v2\/posts\/10910\/revisions"}],"predecessor-version":[{"id":10924,"href":"https:\/\/marisaono.com\/delicia\/wp-json\/wp\/v2\/posts\/10910\/revisions\/10924"}],"wp:featuredmedia":[{"embeddable":true,"href":"https:\/\/marisaono.com\/delicia\/wp-json\/wp\/v2\/media\/10923"}],"wp:attachment":[{"href":"https:\/\/marisaono.com\/delicia\/wp-json\/wp\/v2\/media?parent=10910"}],"wp:term":[{"taxonomy":"category","embeddable":true,"href":"https:\/\/marisaono.com\/delicia\/wp-json\/wp\/v2\/categories?post=10910"},{"taxonomy":"post_tag","embeddable":true,"href":"https:\/\/marisaono.com\/delicia\/wp-json\/wp\/v2\/tags?post=10910"}],"curies":[{"name":"wp","href":"https:\/\/api.w.org\/{rel}","templated":true}]}}