{"id":10984,"date":"2020-06-18T18:13:07","date_gmt":"2020-06-18T21:13:07","guid":{"rendered":"http:\/\/marisaono.com\/delicia\/?p=10984"},"modified":"2020-06-18T18:13:17","modified_gmt":"2020-06-18T21:13:17","slug":"video-kare","status":"publish","type":"post","link":"https:\/\/marisaono.com\/delicia\/2020\/06\/18\/video-kare\/","title":{"rendered":"V\u00eddeo: Kar\u00ea"},"content":{"rendered":"<div class=\"translate_block\" style=\"display: none;\">\n<a class=\"translate_translate\" id=\"translate_button_post-10984\" lang=\"en\" xml:lang=\"en\" href=\"javascript:show_translate_popup('en', 'post', 10984);\">[Translate]<\/a><img src=\"https:\/\/marisaono.com\/delicia\/wp-content\/plugins\/google-ajax-translation\/transparent.gif\" id=\"translate_loading_post-10984\" class=\"translate_loading\" style=\"display: none;\" width=\"16\" height=\"16\" alt=\"\" \/>\n<hr class=\"translate_hr\" \/>\n<\/div>\n<div id=\"content_div-10984\">\n\n<figure class=\"wp-block-embed-youtube wp-block-embed is-type-video is-provider-youtube wp-embed-aspect-16-9 wp-has-aspect-ratio\"><div class=\"wp-block-embed__wrapper\">\n<span class=\"embed-youtube\" style=\"text-align:center; display: block;\"><iframe loading=\"lazy\" class=\"youtube-player\" width=\"640\" height=\"360\" src=\"https:\/\/www.youtube.com\/embed\/Fb8KbEb3LO0?version=3&#038;rel=1&#038;showsearch=0&#038;showinfo=1&#038;iv_load_policy=1&#038;fs=1&#038;hl=pt-PT&#038;autohide=2&#038;wmode=transparent\" allowfullscreen=\"true\" style=\"border:0;\" sandbox=\"allow-scripts allow-same-origin allow-popups allow-presentation\"><\/iframe><\/span>\n<\/div><\/figure>\n\n\n\n<p>Tem v\u00eddeo novo no YouTube: Kar\u00ea ou curry \u00e0 moda japonesa, sem usar o famoso tablete pronto.  Se voc\u00ea gosta de sabores intensos, dobre a quantidade de especiarias. Se n\u00e3o quiser comprar esse monte de especiarias, compre um vidro de Garam Masala, dispon\u00edvel em lojas especializadas (tem muitas que vendem pela internet). O que sobrar de roux (mistura de farinha, manteiga e especiarias) pode ser tranquilamente congelado. A pimenta vermelha fica \u00e0 gosto, eu usaria at\u00e9 mais. <\/p>\n\n\n\n<p>E se achou a receita muito trabalhosa, espere um pouco que em breve farei um v\u00eddeo sobre um kar\u00ea r\u00e1pido, f\u00e1cil, gostoso, que vai menos ingredientes e que tamb\u00e9m n\u00e3o apela para o tablete industrializado (nada contra, ali\u00e1s, mas com a pandemia, tem coisa sumindo ou ficando muito caro). <\/p>\n<a href=\"https:\/\/www.freetellafriend.com\/tell\/?url=https%3A%2F%2Fmarisaono.com%2Fdelicia%2F2020%2F06%2F18%2Fvideo-kare%2F&title=V%C3%ADdeo%3A+Kar%C3%AA\" onclick=\"window.open('https:\/\/www.freetellafriend.com\/tell\/?url=https%3A%2F%2Fmarisaono.com%2Fdelicia%2F2020%2F06%2F18%2Fvideo-kare%2F&title=V%C3%ADdeo%3A+Kar%C3%AA', 'freetellafriend', 'scrollbars=1,menubar=0,width=617,height=530,resizable=1,toolbar=0,location=0,status=0,screenX=210,screenY=100,left=210,top=100'); return false;\" target=\"_blank\" title=\"Share This Post\"><img decoding=\"async\" src=\"http:\/\/marisaono.com\/delicia\/wp-content\/plugins\/tell-a-friend\/button.gif\" style=\"width:127px;height:16px;border:0px;\" alt=\"Share This Post\" title=\"Share This Post\" \/><\/a><\/div>\n","protected":false},"excerpt":{"rendered":"<p>[Translate] Tem v\u00eddeo novo no YouTube: Kar\u00ea ou curry \u00e0 moda japonesa, sem usar o famoso tablete pronto. Se voc\u00ea gosta de sabores intensos, dobre a quantidade de especiarias. Se n\u00e3o quiser comprar esse monte de especiarias, compre um vidro &hellip; <a href=\"https:\/\/marisaono.com\/delicia\/2020\/06\/18\/video-kare\/\">Continuar a ler <span class=\"meta-nav\">&rarr;<\/span><\/a><\/p>\n","protected":false},"author":1,"featured_media":0,"comment_status":"open","ping_status":"open","sticky":false,"template":"","format":"standard","meta":{"spay_email":"","footnotes":"","jetpack_publicize_message":"","jetpack_is_tweetstorm":false},"categories":[15,51,256,264],"tags":[162,291,161,160,307,225,298],"jetpack_featured_media_url":"","jetpack_publicize_connections":[],"jetpack_sharing_enabled":true,"jetpack_shortlink":"https:\/\/wp.me\/pccs7-2Ra","jetpack-related-posts":[{"id":10999,"url":"https:\/\/marisaono.com\/delicia\/2020\/07\/12\/video-dry-kare\/","url_meta":{"origin":10984,"position":0},"title":"Video: Dry Kar\u00ea","date":"Julho 12, 2020","format":false,"excerpt":"Eu j\u00e1 publiquei uma receita de Dry Kar\u00ea. Mas esta vers\u00e3o n\u00e3o vai curry em p\u00f3 e rende 2 por\u00e7\u00f5es. \u00c9 um prato r\u00e1pido, satisfat\u00f3rio e faz sucesso entre as crian\u00e7as japonesas (e \u00e9 um jeito de fazer a crian\u00e7ada comer vegetais que n\u00e3o est\u00e3o acostumados, porque j\u00e1 que \u00e9\u2026","rel":"","context":"In &quot;Prato principal&quot;","img":{"alt_text":"","src":"https:\/\/i2.wp.com\/img.youtube.com\/vi\/4PjU6hDtsyU\/0.jpg?resize=350%2C200","width":350,"height":200},"classes":[]},{"id":11309,"url":"https:\/\/marisaono.com\/delicia\/2021\/12\/23\/video-novo-kare-pan\/","url_meta":{"origin":10984,"position":1},"title":"V\u00eddeo Novo: Kare Pan","date":"Dezembro 23, 2021","format":false,"excerpt":"O v\u00eddeo desta semana \u00e9 o do Kare Pan, um p\u00e3o recheado com uma pasta de curry. Apesar da apar\u00eancia, \u00e9 uma receita japonesa. Para a receita uso a massa de butter roll que ensinei aqui: https:\/\/marisaono.com\/delicia\/2021\/07\/21\/table-dinner-butter-rolls-e-english-muffins-com-farelo-de-aveia\/ https:\/\/youtu.be\/6Gx9MJEftNY","rel":"","context":"In &quot;Culin\u00e1ria japonesa&quot;","img":{"alt_text":"","src":"https:\/\/i1.wp.com\/img.youtube.com\/vi\/6Gx9MJEftNY\/0.jpg?resize=350%2C200","width":350,"height":200},"classes":[]},{"id":644,"url":"https:\/\/marisaono.com\/delicia\/2009\/01\/17\/dry-kare\/","url_meta":{"origin":10984,"position":2},"title":"Dry Kare","date":"Janeiro 17, 2009","format":false,"excerpt":"Nos \u00faltimos anos, esse prato tornou-se muito popular, principalmente entre as crian\u00e7as japonesas. Ali\u00e1s, soube outro dia que kare est\u00e1 presente nas refei\u00e7\u00f5es escolares de l\u00e1. De todas as escolas! Ou seja, ao menos uma vez por m\u00eas servem algum tipo de curry. E o curry hoje \u00e9 o segundo\u2026","rel":"","context":"In &quot;cotidiano&quot;","img":{"alt_text":"","src":"https:\/\/i2.wp.com\/marisaono.com\/delicia\/wp-content\/uploads\/Dry-Kare.jpg?resize=350%2C200&ssl=1","width":350,"height":200},"classes":[]},{"id":8777,"url":"https:\/\/marisaono.com\/delicia\/2015\/12\/20\/natsu-yasai-kare-ou-curry-a-japonesa-com-vegetais-de-verao\/","url_meta":{"origin":10984,"position":3},"title":"Natsu Yasai Kar\u00ea. Ou Curry \u00e0 Japonesa com Vegetais de Ver\u00e3o","date":"Dezembro 20, 2015","format":false,"excerpt":"\u00c9 uma receita t\u00e3o f\u00e1cil que n\u00e3o sei porqu\u00ea n\u00e3o publiquei antes. Como faz calor e a horta est\u00e1 produzindo algo, resolvi fazer esse curry quase vegetariano. \u00c9 uma receita r\u00e1pida, j\u00e1 que apelo para o preparado para curry japon\u00eas (que pode ser em flocos ou em tabletes). Ali\u00e1s, eu\u2026","rel":"","context":"In &quot;Cozinha do Desespero&quot;","img":{"alt_text":"","src":"https:\/\/i0.wp.com\/marisaono.com\/delicia\/wp-content\/uploads\/CIMG0277.jpg?resize=350%2C200&ssl=1","width":350,"height":200},"classes":[]},{"id":8281,"url":"https:\/\/marisaono.com\/delicia\/2015\/05\/11\/kare-de-mandioca-comida-de-imigrante\/","url_meta":{"origin":10984,"position":4},"title":"Kar\u00ea de Mandioca, Comida de Imigrante","date":"Maio 11, 2015","format":false,"excerpt":"Estou meio nost\u00e1lgica. Os primeiros kar\u00eas (curries \u00e0 moda japonesa) que comi foram feitos pela minha m\u00e3e. Que aprendeu com a m\u00e3e dela e com as senhoras do clube da cooperativa. Eram amarelas, com um caldo n\u00e3o muito espesso. Nem eram muito picantes. Quando cheguei no Jap\u00e3o, o primeiro prato\u2026","rel":"","context":"In &quot;Culin\u00e1ria japonesa&quot;","img":{"alt_text":"","src":"https:\/\/i0.wp.com\/marisaono.com\/delicia\/wp-content\/uploads\/IMG_5591.jpg?resize=350%2C200&ssl=1","width":350,"height":200},"classes":[]},{"id":472,"url":"https:\/\/marisaono.com\/delicia\/2008\/06\/18\/kare\/","url_meta":{"origin":10984,"position":5},"title":"Kare","date":"Junho 18, 2008","format":false,"excerpt":"S\u00f3 hoje me dei conta que ainda n\u00e3o publiquei nenhuma receita de kare. Os primeiros currys datam de 1872. Era quase uma sopa, de cor amarela. O tempo passou e o curry virou kare, mais espesso, escuro, adocicado, que pouco lembra o curry indiano. A paix\u00e3o do japon\u00eas pelo curry\u2026","rel":"","context":"In &quot;Culin\u00e1ria japonesa&quot;","img":{"alt_text":"","src":"https:\/\/i0.wp.com\/marisaono.com\/delicia\/wp-content\/uploads\/2008\/06\/kare-1.jpg?resize=350%2C200&ssl=1","width":350,"height":200},"classes":[]}],"_links":{"self":[{"href":"https:\/\/marisaono.com\/delicia\/wp-json\/wp\/v2\/posts\/10984"}],"collection":[{"href":"https:\/\/marisaono.com\/delicia\/wp-json\/wp\/v2\/posts"}],"about":[{"href":"https:\/\/marisaono.com\/delicia\/wp-json\/wp\/v2\/types\/post"}],"author":[{"embeddable":true,"href":"https:\/\/marisaono.com\/delicia\/wp-json\/wp\/v2\/users\/1"}],"replies":[{"embeddable":true,"href":"https:\/\/marisaono.com\/delicia\/wp-json\/wp\/v2\/comments?post=10984"}],"version-history":[{"count":1,"href":"https:\/\/marisaono.com\/delicia\/wp-json\/wp\/v2\/posts\/10984\/revisions"}],"predecessor-version":[{"id":10985,"href":"https:\/\/marisaono.com\/delicia\/wp-json\/wp\/v2\/posts\/10984\/revisions\/10985"}],"wp:attachment":[{"href":"https:\/\/marisaono.com\/delicia\/wp-json\/wp\/v2\/media?parent=10984"}],"wp:term":[{"taxonomy":"category","embeddable":true,"href":"https:\/\/marisaono.com\/delicia\/wp-json\/wp\/v2\/categories?post=10984"},{"taxonomy":"post_tag","embeddable":true,"href":"https:\/\/marisaono.com\/delicia\/wp-json\/wp\/v2\/tags?post=10984"}],"curies":[{"name":"wp","href":"https:\/\/api.w.org\/{rel}","templated":true}]}}