{"id":11002,"date":"2020-07-13T20:18:31","date_gmt":"2020-07-13T23:18:31","guid":{"rendered":"http:\/\/marisaono.com\/delicia\/?p=11002"},"modified":"2020-07-13T20:18:40","modified_gmt":"2020-07-13T23:18:40","slug":"cansei-teriyaki-nao-e-molho","status":"publish","type":"post","link":"https:\/\/marisaono.com\/delicia\/2020\/07\/13\/cansei-teriyaki-nao-e-molho\/","title":{"rendered":"Cansei! Teriyaki N\u00e3o \u00c9 Molho!"},"content":{"rendered":"<div class=\"translate_block\" style=\"display: none;\">\n<a class=\"translate_translate\" id=\"translate_button_post-11002\" lang=\"en\" xml:lang=\"en\" href=\"javascript:show_translate_popup('en', 'post', 11002);\">[Translate]<\/a><img src=\"https:\/\/marisaono.com\/delicia\/wp-content\/plugins\/google-ajax-translation\/transparent.gif\" id=\"translate_loading_post-11002\" class=\"translate_loading\" style=\"display: none;\" width=\"16\" height=\"16\" alt=\"\" \/>\n<hr class=\"translate_hr\" \/>\n<\/div>\n<div id=\"content_div-11002\">\n\n<p>Outro dia vi no Facebook uma foto de um &#8220;teriyaki de frango&#8221;. Eram tiras de peito de frango em um molho escuro, denso e sem brilho. Era muito, muito molho, estava quase uma sopa. <\/p>\n\n\n\n<p>Teriyaki n\u00e3o \u00e9 molho, nem nome de prato. N\u00e3o existe &#8220;molho teriyaki&#8221; nem &#8220;teriyaki de frango&#8221;. Teriyaki \u00e9 uma t\u00e9cnica. Ent\u00e3o pode existir frango teriryaki assim como existe frango frito, assado, cozido, ensopado. <\/p>\n\n\n\n<p>E como \u00e9 t\u00e9cnica, pode tamb\u00e9m existir porco teriyaki, hamburguer teriyaki, berinjela teriyaki, cogumelo teriyaki e at\u00e9 rodelas de car\u00e1 (n\u00e3o o inhame, estou falando daquele tub\u00e9rculo gorducho e crocante quando cru) teriyaki. <\/p>\n\n\n\n<p>Aqui est\u00e1 o v\u00eddeo de como fazer um teriyaki. E usem mirin, que por conta dos a\u00e7\u00facares que possui, d\u00e1 brilho e mant\u00e9m a carne mais suculenta. <\/p>\n\n\n\n<figure class=\"wp-block-embed-youtube wp-block-embed is-type-video is-provider-youtube wp-embed-aspect-16-9 wp-has-aspect-ratio\"><div class=\"wp-block-embed__wrapper\">\n<span class=\"embed-youtube\" style=\"text-align:center; display: block;\"><iframe loading=\"lazy\" class=\"youtube-player\" width=\"640\" height=\"360\" src=\"https:\/\/www.youtube.com\/embed\/iRPZuiQRKpE?version=3&#038;rel=1&#038;showsearch=0&#038;showinfo=1&#038;iv_load_policy=1&#038;fs=1&#038;hl=pt-PT&#038;autohide=2&#038;wmode=transparent\" allowfullscreen=\"true\" style=\"border:0;\" sandbox=\"allow-scripts allow-same-origin allow-popups allow-presentation\"><\/iframe><\/span>\n<\/div><\/figure>\n<a href=\"https:\/\/www.freetellafriend.com\/tell\/?url=https%3A%2F%2Fmarisaono.com%2Fdelicia%2F2020%2F07%2F13%2Fcansei-teriyaki-nao-e-molho%2F&title=Cansei%21+Teriyaki+N%C3%A3o+%C3%89+Molho%21\" onclick=\"window.open('https:\/\/www.freetellafriend.com\/tell\/?url=https%3A%2F%2Fmarisaono.com%2Fdelicia%2F2020%2F07%2F13%2Fcansei-teriyaki-nao-e-molho%2F&title=Cansei%21+Teriyaki+N%C3%A3o+%C3%89+Molho%21', 'freetellafriend', 'scrollbars=1,menubar=0,width=617,height=530,resizable=1,toolbar=0,location=0,status=0,screenX=210,screenY=100,left=210,top=100'); return false;\" target=\"_blank\" title=\"Share This Post\"><img decoding=\"async\" src=\"http:\/\/marisaono.com\/delicia\/wp-content\/plugins\/tell-a-friend\/button.gif\" style=\"width:127px;height:16px;border:0px;\" alt=\"Share This Post\" title=\"Share This Post\" \/><\/a><\/div>\n","protected":false},"excerpt":{"rendered":"<p>[Translate] Outro dia vi no Facebook uma foto de um &#8220;teriyaki de frango&#8221;. Eram tiras de peito de frango em um molho escuro, denso e sem brilho. Era muito, muito molho, estava quase uma sopa. Teriyaki n\u00e3o \u00e9 molho, nem &hellip; <a href=\"https:\/\/marisaono.com\/delicia\/2020\/07\/13\/cansei-teriyaki-nao-e-molho\/\">Continuar a ler <span class=\"meta-nav\">&rarr;<\/span><\/a><\/p>\n","protected":false},"author":1,"featured_media":0,"comment_status":"open","ping_status":"open","sticky":false,"template":"","format":"standard","meta":{"spay_email":"","footnotes":"","jetpack_publicize_message":"","jetpack_is_tweetstorm":false},"categories":[11,20,51,35,256,264],"tags":[291,298],"jetpack_featured_media_url":"","jetpack_publicize_connections":[],"jetpack_sharing_enabled":true,"jetpack_shortlink":"https:\/\/wp.me\/pccs7-2Rs","jetpack-related-posts":[{"id":154,"url":"https:\/\/marisaono.com\/delicia\/2007\/12\/02\/teriyaki\/","url_meta":{"origin":11002,"position":0},"title":"Teriyaki","date":"Dezembro 2, 2007","format":false,"excerpt":"Ao contr\u00e1rio do que muita gente pensa, teriyaki n\u00e3o \u00e9 molho, \u00e9 t\u00e9cnica de preparo. A carne (frango, porco, boi, peixes, sobretudo os gordos) s\u00e3o fritos em uma frigideira com pouco \u00f3leo, at\u00e9 dourar e cozinhar por dentro. A finaliza\u00e7\u00e3o \u00e9 na mesma frigideira, onde de coloca shoyu, mirim, sake\u2026","rel":"","context":"In &quot;carnes.&quot;","img":{"alt_text":"","src":"","width":0,"height":0},"classes":[]},{"id":642,"url":"https:\/\/marisaono.com\/delicia\/2009\/01\/14\/salmao-teriyaki\/","url_meta":{"origin":11002,"position":1},"title":"Salm\u00e3o Teriyaki","date":"Janeiro 14, 2009","format":false,"excerpt":"J\u00e1 falei sobre teriyaki h\u00e1 muito tempo. A receita \u00e9 a mesma, as orieta\u00e7\u00f5es tamb\u00e9m. A \u00fanica diferen\u00e7a \u00e9 que para o salm\u00e3o, eu prefiro salga-lo levemente e deixar uma noite, perdendo \u00e1gua. Ele ganha uma textura firme, o sabor altera um pouco. Para o teriyaki, sempre prefiro peixes de\u2026","rel":"","context":"In &quot;Culin\u00e1ria japonesa&quot;","img":{"alt_text":"","src":"https:\/\/i0.wp.com\/marisaono.com\/delicia\/wp-content\/uploads\/Sake-Teriyaki.jpg?resize=350%2C200&ssl=1","width":350,"height":200},"classes":[]},{"id":6828,"url":"https:\/\/marisaono.com\/delicia\/2013\/11\/26\/ama-kara-supearibu-costelinha-caramelada\/","url_meta":{"origin":11002,"position":2},"title":"Ama-Kara Supearibu (Costelinha Caramelada)","date":"Novembro 26, 2013","format":false,"excerpt":"Hoje o a\u00e7ougueiro ofereceu-me costelinhas de porco. Estavam com uma cara boa, pouca gordura, a carne estava bem rosada. Trouxe para casa. \u00c9 um dos cortes favoritos de minha m\u00e3e. Ela disse que queria come-las \"ama-karai\". Enquanto preparava, fiquei c\u00e1 com meus bot\u00f5es pensando sobre nomes e gostos e desgostos.\u2026","rel":"","context":"In &quot;Culin\u00e1ria japonesa&quot;","img":{"alt_text":"","src":"https:\/\/i1.wp.com\/marisaono.com\/delicia\/wp-content\/uploads\/IMG_3713.jpg?resize=350%2C200&ssl=1","width":350,"height":200},"classes":[]},{"id":9901,"url":"https:\/\/marisaono.com\/delicia\/2018\/10\/26\/frango-moido-tsukune-e-minchi-katsu-de-frango\/","url_meta":{"origin":11002,"position":3},"title":"Frango Mo\u00eddo : Tsukune e Minchi Katsu de Frango","date":"Outubro 26, 2018","format":false,"excerpt":"No post anterior falei sobre carne mo\u00edda de boi, hamb\u00farguer, etc. Hoje vou falar sobre o frango mo\u00eddo. No Jap\u00e3o \u00e9 muito popular, principalmente por conta do pre\u00e7o, \u00e9 bem mais barato que o porco ou o boi. L\u00e1 se encontra tanto o peito quanto a carne das coxas mo\u00eddas,\u2026","rel":"","context":"In &quot;carnes.&quot;","img":{"alt_text":"","src":"https:\/\/i0.wp.com\/marisaono.com\/delicia\/wp-content\/uploads\/IMG_1530.jpg?resize=350%2C200&ssl=1","width":350,"height":200},"classes":[]},{"id":4592,"url":"https:\/\/marisaono.com\/delicia\/2012\/02\/08\/momotaro\/","url_meta":{"origin":11002,"position":4},"title":"Momotaro","date":"Fevereiro 8, 2012","format":false,"excerpt":"Fiquei muito lisonjeada com o convite do Adriano Kanashiro para conhecer o Momotaro. H\u00e1 algum tempo ele disse que acompanhava o blog e, confesso, n\u00e3o levei a s\u00e9rio. E o curioso \u00e9 que ele \u00e9 de Londrina e eu morei muitos anos nessa cidade. E mais: conheci o pai dele,\u2026","rel":"","context":"In &quot;Culin\u00e1ria japonesa&quot;","img":{"alt_text":"","src":"https:\/\/i2.wp.com\/marisaono.com\/delicia\/wp-content\/uploads\/CIMG0732.jpg?resize=350%2C200&ssl=1","width":350,"height":200},"classes":[]},{"id":6207,"url":"https:\/\/marisaono.com\/delicia\/2013\/06\/28\/pavilhao-do-japao-na-sial-2013\/","url_meta":{"origin":11002,"position":5},"title":"Pavilh\u00e3o do Jap\u00e3o na Sial 2013","date":"Junho 28, 2013","format":false,"excerpt":"Hoje fui \u00e0 Sial, no Expo Center Norte, visitar o pavilh\u00e3o japon\u00eas. Recebi o convite da Jetro -\u00a0Japan\u00a0External Trade Organization. Fui bem recebida pelo Lauro Tsuyoshi Suzuki, coordenador de alimentos. A NPO Aidensha trouxe um leite de soja em embalagem tetrapack, com alto teor de soja. Tanto que vira tofu,\u2026","rel":"","context":"In &quot;Culin\u00e1ria japonesa&quot;","img":{"alt_text":"","src":"https:\/\/i2.wp.com\/marisaono.com\/delicia\/wp-content\/uploads\/IMG_2561.jpg?resize=350%2C200&ssl=1","width":350,"height":200},"classes":[]}],"_links":{"self":[{"href":"https:\/\/marisaono.com\/delicia\/wp-json\/wp\/v2\/posts\/11002"}],"collection":[{"href":"https:\/\/marisaono.com\/delicia\/wp-json\/wp\/v2\/posts"}],"about":[{"href":"https:\/\/marisaono.com\/delicia\/wp-json\/wp\/v2\/types\/post"}],"author":[{"embeddable":true,"href":"https:\/\/marisaono.com\/delicia\/wp-json\/wp\/v2\/users\/1"}],"replies":[{"embeddable":true,"href":"https:\/\/marisaono.com\/delicia\/wp-json\/wp\/v2\/comments?post=11002"}],"version-history":[{"count":1,"href":"https:\/\/marisaono.com\/delicia\/wp-json\/wp\/v2\/posts\/11002\/revisions"}],"predecessor-version":[{"id":11003,"href":"https:\/\/marisaono.com\/delicia\/wp-json\/wp\/v2\/posts\/11002\/revisions\/11003"}],"wp:attachment":[{"href":"https:\/\/marisaono.com\/delicia\/wp-json\/wp\/v2\/media?parent=11002"}],"wp:term":[{"taxonomy":"category","embeddable":true,"href":"https:\/\/marisaono.com\/delicia\/wp-json\/wp\/v2\/categories?post=11002"},{"taxonomy":"post_tag","embeddable":true,"href":"https:\/\/marisaono.com\/delicia\/wp-json\/wp\/v2\/tags?post=11002"}],"curies":[{"name":"wp","href":"https:\/\/api.w.org\/{rel}","templated":true}]}}