{"id":11022,"date":"2020-08-31T09:43:49","date_gmt":"2020-08-31T12:43:49","guid":{"rendered":"http:\/\/marisaono.com\/delicia\/?p=11022"},"modified":"2020-08-31T09:43:53","modified_gmt":"2020-08-31T12:43:53","slug":"molho-branco-com-maizena","status":"publish","type":"post","link":"https:\/\/marisaono.com\/delicia\/2020\/08\/31\/molho-branco-com-maizena\/","title":{"rendered":"Molho Branco Com Maizena?"},"content":{"rendered":"<div class=\"translate_block\" style=\"display: none;\">\n<a class=\"translate_translate\" id=\"translate_button_post-11022\" lang=\"en\" xml:lang=\"en\" href=\"javascript:show_translate_popup('en', 'post', 11022);\">[Translate]<\/a><img src=\"https:\/\/marisaono.com\/delicia\/wp-content\/plugins\/google-ajax-translation\/transparent.gif\" id=\"translate_loading_post-11022\" class=\"translate_loading\" style=\"display: none;\" width=\"16\" height=\"16\" alt=\"\" \/>\n<hr class=\"translate_hr\" \/>\n<\/div>\n<div id=\"content_div-11022\">\n\n<p>Sim, eu sei que muita gente se horroriza com molho branco feito com amido de milho. Dir\u00e3o que o correto \u00e9 usar uma mistura de farinha e manteiga. Mas como eu adoro uma pol\u00eamica, vamos l\u00e1: Tenho um livreto de receitas com a data de 6 de julho de 1949. Claro que a data \u00e9 question\u00e1vel, mas o livreto com certeza \u00e9 muito velho, por conta do desgaste do papel e pela grafia. <\/p>\n\n\n\n<figure class=\"wp-block-image\"><img loading=\"lazy\" decoding=\"async\" width=\"805\" height=\"1024\" src=\"http:\/\/marisaono.com\/delicia\/wp-content\/uploads\/Capa-livreto-Maizena-805x1024.jpg\" alt=\"\" class=\"wp-image-11023\" srcset=\"https:\/\/marisaono.com\/delicia\/wp-content\/uploads\/Capa-livreto-Maizena-805x1024.jpg 805w, https:\/\/marisaono.com\/delicia\/wp-content\/uploads\/Capa-livreto-Maizena-212x270.jpg 212w, https:\/\/marisaono.com\/delicia\/wp-content\/uploads\/Capa-livreto-Maizena-768x977.jpg 768w, https:\/\/marisaono.com\/delicia\/wp-content\/uploads\/Capa-livreto-Maizena-1200x1527.jpg 1200w, https:\/\/marisaono.com\/delicia\/wp-content\/uploads\/Capa-livreto-Maizena.jpg 1470w\" sizes=\"(max-width: 805px) 100vw, 805px\" \/><\/figure>\n\n\n\n<p>E entre tantas p\u00e9rolas da culin\u00e1ria, encontro uma receita de molho branco feito com amido de milho: <\/p>\n\n\n\n<figure class=\"wp-block-image\"><img loading=\"lazy\" decoding=\"async\" width=\"784\" height=\"1024\" src=\"http:\/\/marisaono.com\/delicia\/wp-content\/uploads\/receita-de-molho-branco-com-maizena-784x1024.jpg\" alt=\"\" class=\"wp-image-11024\" srcset=\"https:\/\/marisaono.com\/delicia\/wp-content\/uploads\/receita-de-molho-branco-com-maizena-784x1024.jpg 784w, https:\/\/marisaono.com\/delicia\/wp-content\/uploads\/receita-de-molho-branco-com-maizena-207x270.jpg 207w, https:\/\/marisaono.com\/delicia\/wp-content\/uploads\/receita-de-molho-branco-com-maizena-768x1002.jpg 768w, https:\/\/marisaono.com\/delicia\/wp-content\/uploads\/receita-de-molho-branco-com-maizena-1200x1566.jpg 1200w, https:\/\/marisaono.com\/delicia\/wp-content\/uploads\/receita-de-molho-branco-com-maizena.jpg 1369w\" sizes=\"(max-width: 784px) 100vw, 784px\" \/><\/figure>\n\n\n\n<p>E n\u00e3o \u00e9 s\u00f3 de &#8220;m\u00f4lho branco&#8221;, tamb\u00e9m tem um &#8220;cr\u00eame ingl\u00eas&#8221; e um &#8220;substituto para natas batidas&#8221;. <\/p>\n\n\n\n<p>Bem, acreditando que o livro tenha realmente 71 anos ou mais, n\u00e3o seria o caso de aceitar o molho branco feito com amido de milho como parte da nossa tradi\u00e7\u00e3o culin\u00e1ria? \u00c9 algo para se pensar. <\/p>\n<a href=\"https:\/\/www.freetellafriend.com\/tell\/?url=https%3A%2F%2Fmarisaono.com%2Fdelicia%2F2020%2F08%2F31%2Fmolho-branco-com-maizena%2F&title=Molho+Branco+Com+Maizena%3F\" onclick=\"window.open('https:\/\/www.freetellafriend.com\/tell\/?url=https%3A%2F%2Fmarisaono.com%2Fdelicia%2F2020%2F08%2F31%2Fmolho-branco-com-maizena%2F&title=Molho+Branco+Com+Maizena%3F', 'freetellafriend', 'scrollbars=1,menubar=0,width=617,height=530,resizable=1,toolbar=0,location=0,status=0,screenX=210,screenY=100,left=210,top=100'); return false;\" target=\"_blank\" title=\"Share This Post\"><img decoding=\"async\" src=\"http:\/\/marisaono.com\/delicia\/wp-content\/plugins\/tell-a-friend\/button.gif\" style=\"width:127px;height:16px;border:0px;\" alt=\"Share This Post\" title=\"Share This Post\" \/><\/a><\/div>\n","protected":false},"excerpt":{"rendered":"<p>[Translate] Sim, eu sei que muita gente se horroriza com molho branco feito com amido de milho. Dir\u00e3o que o correto \u00e9 usar uma mistura de farinha e manteiga. Mas como eu adoro uma pol\u00eamica, vamos l\u00e1: Tenho um livreto &hellip; <a href=\"https:\/\/marisaono.com\/delicia\/2020\/08\/31\/molho-branco-com-maizena\/\">Continuar a ler <span class=\"meta-nav\">&rarr;<\/span><\/a><\/p>\n","protected":false},"author":1,"featured_media":11023,"comment_status":"open","ping_status":"open","sticky":false,"template":"","format":"standard","meta":{"spay_email":"","footnotes":"","jetpack_publicize_message":"","jetpack_is_tweetstorm":false},"categories":[16,28],"tags":[332,335,333,322,334,336],"jetpack_featured_media_url":"https:\/\/marisaono.com\/delicia\/wp-content\/uploads\/Capa-livreto-Maizena.jpg","jetpack_publicize_connections":[],"jetpack_sharing_enabled":true,"jetpack_shortlink":"https:\/\/wp.me\/pccs7-2RM","jetpack-related-posts":[{"id":3609,"url":"https:\/\/marisaono.com\/delicia\/2011\/09\/14\/buta-shoga-yaki-porco-com-molho-de-gengibre\/","url_meta":{"origin":11022,"position":0},"title":"Buta Shoga-yaki (Porco com Molho de Gengibre)","date":"Setembro 14, 2011","format":false,"excerpt":"Pensei que j\u00e1 havia publicado essa receita, j\u00e1 que o prato \u00e9 muito popular. Trata-se de fatias de porco passadas rapidamente na frigideira, envoltas em um molho \u00e0 base de gengibre e servidas sobre repolho fatiado. Em uma refei\u00e7\u00e3o, acompanha bem arroz branco e um misoshiru. Na verdade, \u00e9 apenas\u2026","rel":"","context":"In &quot;carnes.&quot;","img":{"alt_text":"","src":"https:\/\/i0.wp.com\/marisaono.com\/delicia\/wp-content\/uploads\/IMG_0522.jpg?resize=350%2C200&ssl=1","width":350,"height":200},"classes":[]},{"id":1561,"url":"https:\/\/marisaono.com\/delicia\/2009\/08\/11\/tofu-na-manteiga-com-gergelim\/","url_meta":{"origin":11022,"position":1},"title":"Tofu na Manteiga com Gergelim","date":"Agosto 11, 2009","format":false,"excerpt":"N\u00e3o sou vegetariana, por\u00e9m eventualmente dispenso carne. Gosto muito de tofu, apesar dele n\u00e3o ter muito sabor. Por isso mesmo, ele vai bem com muita coisa. Se quiser um prato com visual perfeito, procure fazer com tofu bem firme. O da foto \u00e9 tofu caseiro, n\u00e3o t\u00e3o firme e deformaram\u2026","rel":"","context":"In &quot;Culin\u00e1ria japonesa&quot;","img":{"alt_text":"","src":"https:\/\/i2.wp.com\/marisaono.com\/delicia\/wp-content\/uploads\/tofu-na-manteiga-e-gergelim.jpg?resize=350%2C200&ssl=1","width":350,"height":200},"classes":[]},{"id":2992,"url":"https:\/\/marisaono.com\/delicia\/2011\/01\/14\/nasu-iridashi\/","url_meta":{"origin":11022,"position":2},"title":"Nasu Iridashi","date":"Janeiro 14, 2011","format":false,"excerpt":"Prometo que esta \u00e9 a \u00faltima receita de beringela da temporada. Ela \u00e9 muito simples. Beringela frita e servida com um molho \u00e0 base de shoyu, dashi e suco de gengibre. 2 berinjelas 1 1\/2 x\u00edcara de dashi (caldo \u00e0 base de peixe e\/0u kombu) ou caldo leve de galinha\u2026","rel":"","context":"In &quot;Culin\u00e1ria japonesa&quot;","img":{"alt_text":"","src":"https:\/\/i2.wp.com\/marisaono.com\/delicia\/wp-content\/uploads\/Nasu-Iridashi.jpg?resize=350%2C200&ssl=1","width":350,"height":200},"classes":[]},{"id":36,"url":"https:\/\/marisaono.com\/delicia\/2007\/07\/09\/katakuri-ko\/","url_meta":{"origin":11022,"position":3},"title":"Katakuri-ko","date":"Julho 9, 2007","format":false,"excerpt":"Ao p\u00e9 da letra, a express\u00e3o acima significa farinha de katakuri. E o que \u00e9 katakuri? \u00c9 uma planta, da fam\u00edlia dos l\u00edrios (Erythronium japonicum), da qual se extrai um amido. No entanto, essa planta, existente no Jap\u00e3o, Cor\u00e9ia e China, est\u00e1 desaparecendo no arquip\u00e9lago japon\u00eas. Crescendo sob a sombra\u2026","rel":"","context":"In &quot;Culin\u00e1ria japonesa&quot;","img":{"alt_text":"","src":"","width":0,"height":0},"classes":[]},{"id":3715,"url":"https:\/\/marisaono.com\/delicia\/2011\/10\/18\/su-buta-ou-porco-agridoce\/","url_meta":{"origin":11022,"position":4},"title":"Su-Buta ou Porco Agridoce","date":"Outubro 18, 2011","format":false,"excerpt":"Essa \u00e9 mais uma daquelas receitas que eu achava que j\u00e1 tinha publicado e parece que n\u00e3o. Esta vers\u00e3o \u00e9 muito simples, f\u00e1cil e r\u00e1pida. De diferente, uso o vinagre preto chin\u00eas, que tem um sabor mais marcante, complexo. Mas se n\u00e3o encontrar - sei que muitos leitores est\u00e3o longe\u2026","rel":"","context":"In &quot;Cozinha do Desespero&quot;","img":{"alt_text":"","src":"https:\/\/i0.wp.com\/marisaono.com\/delicia\/wp-content\/uploads\/IMG_0642.jpg?resize=350%2C200&ssl=1","width":350,"height":200},"classes":[]},{"id":3554,"url":"https:\/\/marisaono.com\/delicia\/2011\/08\/21\/macarrao-de-amido-de-milho\/","url_meta":{"origin":11022,"position":5},"title":"Macarr\u00e3o de Amido de Milho","date":"Agosto 21, 2011","format":false,"excerpt":"N\u00e3o resisto a uma coisa diferente. No s\u00e1bado encontrei esse macarr\u00e3o feito de amido de milho. Nunca tinha visto, nunca provei. N\u00e3o sei como \u00e9 feito, mas tenho a impress\u00e3o de que se trata de amido tratado com algum \u00e1lcali para gelatinizar. Parece com o macarr\u00e3o de feij\u00e3o verde, mung\u2026","rel":"","context":"In &quot;curiosidades&quot;","img":{"alt_text":"","src":"https:\/\/i0.wp.com\/marisaono.com\/delicia\/wp-content\/uploads\/IMG_6594.jpg?resize=350%2C200&ssl=1","width":350,"height":200},"classes":[]}],"_links":{"self":[{"href":"https:\/\/marisaono.com\/delicia\/wp-json\/wp\/v2\/posts\/11022"}],"collection":[{"href":"https:\/\/marisaono.com\/delicia\/wp-json\/wp\/v2\/posts"}],"about":[{"href":"https:\/\/marisaono.com\/delicia\/wp-json\/wp\/v2\/types\/post"}],"author":[{"embeddable":true,"href":"https:\/\/marisaono.com\/delicia\/wp-json\/wp\/v2\/users\/1"}],"replies":[{"embeddable":true,"href":"https:\/\/marisaono.com\/delicia\/wp-json\/wp\/v2\/comments?post=11022"}],"version-history":[{"count":2,"href":"https:\/\/marisaono.com\/delicia\/wp-json\/wp\/v2\/posts\/11022\/revisions"}],"predecessor-version":[{"id":11028,"href":"https:\/\/marisaono.com\/delicia\/wp-json\/wp\/v2\/posts\/11022\/revisions\/11028"}],"wp:featuredmedia":[{"embeddable":true,"href":"https:\/\/marisaono.com\/delicia\/wp-json\/wp\/v2\/media\/11023"}],"wp:attachment":[{"href":"https:\/\/marisaono.com\/delicia\/wp-json\/wp\/v2\/media?parent=11022"}],"wp:term":[{"taxonomy":"category","embeddable":true,"href":"https:\/\/marisaono.com\/delicia\/wp-json\/wp\/v2\/categories?post=11022"},{"taxonomy":"post_tag","embeddable":true,"href":"https:\/\/marisaono.com\/delicia\/wp-json\/wp\/v2\/tags?post=11022"}],"curies":[{"name":"wp","href":"https:\/\/api.w.org\/{rel}","templated":true}]}}