{"id":11259,"date":"2021-09-30T23:08:29","date_gmt":"2021-10-01T02:08:29","guid":{"rendered":"http:\/\/marisaono.com\/delicia\/?p=11259"},"modified":"2021-09-30T23:08:34","modified_gmt":"2021-10-01T02:08:34","slug":"ultimos-videos-do-canal","status":"publish","type":"post","link":"https:\/\/marisaono.com\/delicia\/2021\/09\/30\/ultimos-videos-do-canal\/","title":{"rendered":"\u00daltimos V\u00eddeos do Canal"},"content":{"rendered":"<div class=\"translate_block\" style=\"display: none;\">\n<a class=\"translate_translate\" id=\"translate_button_post-11259\" lang=\"en\" xml:lang=\"en\" href=\"javascript:show_translate_popup('en', 'post', 11259);\">[Translate]<\/a><img src=\"https:\/\/marisaono.com\/delicia\/wp-content\/plugins\/google-ajax-translation\/transparent.gif\" id=\"translate_loading_post-11259\" class=\"translate_loading\" style=\"display: none;\" width=\"16\" height=\"16\" alt=\"\" \/>\n<hr class=\"translate_hr\" \/>\n<\/div>\n<div id=\"content_div-11259\">\n\n<p>Fiz um v\u00eddeo de uma receita que publiquei em 2013, que \u00e9 uma torta que d\u00e1 para fazer com praticamente tudo que voc\u00ea tem na geladeira. \u00c9 \u00f3tima para aproveitar sobras. <\/p>\n\n\n\n<p><a href=\"http:\/\/marisaono.com\/delicia\/2013\/04\/29\/quiche-sem-massa-limpa-geladeira\/\" target=\"_blank\" rel=\"noreferrer noopener\">http:\/\/marisaono.com\/delicia\/2013\/04\/29\/quiche-sem-massa-limpa-geladeira\/<\/a><\/p>\n\n\n\n<figure class=\"wp-block-embed is-type-video is-provider-youtube wp-block-embed-youtube wp-embed-aspect-16-9 wp-has-aspect-ratio\"><div class=\"wp-block-embed__wrapper\">\n<span class=\"embed-youtube\" style=\"text-align:center; display: block;\"><iframe loading=\"lazy\" class=\"youtube-player\" width=\"640\" height=\"360\" src=\"https:\/\/www.youtube.com\/embed\/4bcrn6I6Jds?version=3&#038;rel=1&#038;showsearch=0&#038;showinfo=1&#038;iv_load_policy=1&#038;fs=1&#038;hl=pt-PT&#038;autohide=2&#038;wmode=transparent\" allowfullscreen=\"true\" style=\"border:0;\" sandbox=\"allow-scripts allow-same-origin allow-popups allow-presentation\"><\/iframe><\/span>\n<\/div><\/figure>\n\n\n\n<p>Aqui dou a dica para fazer uma batata frita sequinha e sem bagun\u00e7a: <\/p>\n\n\n\n<figure class=\"wp-block-embed is-type-video is-provider-youtube wp-block-embed-youtube wp-embed-aspect-16-9 wp-has-aspect-ratio\"><div class=\"wp-block-embed__wrapper\">\n<span class=\"embed-youtube\" style=\"text-align:center; display: block;\"><iframe loading=\"lazy\" class=\"youtube-player\" width=\"640\" height=\"360\" src=\"https:\/\/www.youtube.com\/embed\/CP3YVRD01d4?version=3&#038;rel=1&#038;showsearch=0&#038;showinfo=1&#038;iv_load_policy=1&#038;fs=1&#038;hl=pt-PT&#038;autohide=2&#038;wmode=transparent\" allowfullscreen=\"true\" style=\"border:0;\" sandbox=\"allow-scripts allow-same-origin allow-popups allow-presentation\"><\/iframe><\/span>\n<\/div><\/figure>\n\n\n\n<p>Tamb\u00e9m tem dica de como conservar uma ab\u00f3bora cortada por mais tempo: <\/p>\n\n\n\n<figure class=\"wp-block-embed is-type-video is-provider-youtube wp-block-embed-youtube wp-embed-aspect-16-9 wp-has-aspect-ratio\"><div class=\"wp-block-embed__wrapper\">\n<span class=\"embed-youtube\" style=\"text-align:center; display: block;\"><iframe loading=\"lazy\" class=\"youtube-player\" width=\"640\" height=\"360\" src=\"https:\/\/www.youtube.com\/embed\/MISpc7afiFU?version=3&#038;rel=1&#038;showsearch=0&#038;showinfo=1&#038;iv_load_policy=1&#038;fs=1&#038;hl=pt-PT&#038;autohide=2&#038;wmode=transparent\" allowfullscreen=\"true\" style=\"border:0;\" sandbox=\"allow-scripts allow-same-origin allow-popups allow-presentation\"><\/iframe><\/span>\n<\/div><\/figure>\n\n\n\n<p>E continuando com dicas, aqui tem a dica de como fazer cebolas caramelizadas na metade do tempo. \u00c9 algo bom para ter no congelador, para dar um sabor extra a um cozido ou mesmo colocar no p\u00e3o, para um sandu\u00edche. Tem muito sabor e \u00e9 adocicada. <\/p>\n\n\n\n<figure class=\"wp-block-embed is-type-video is-provider-youtube wp-block-embed-youtube wp-embed-aspect-16-9 wp-has-aspect-ratio\"><div class=\"wp-block-embed__wrapper\">\n<span class=\"embed-youtube\" style=\"text-align:center; display: block;\"><iframe loading=\"lazy\" class=\"youtube-player\" width=\"640\" height=\"360\" src=\"https:\/\/www.youtube.com\/embed\/tZefS8tyhsQ?version=3&#038;rel=1&#038;showsearch=0&#038;showinfo=1&#038;iv_load_policy=1&#038;fs=1&#038;hl=pt-PT&#038;autohide=2&#038;wmode=transparent\" allowfullscreen=\"true\" style=\"border:0;\" sandbox=\"allow-scripts allow-same-origin allow-popups allow-presentation\"><\/iframe><\/span>\n<\/div><\/figure>\n<a href=\"https:\/\/www.freetellafriend.com\/tell\/?url=https%3A%2F%2Fmarisaono.com%2Fdelicia%2F2021%2F09%2F30%2Fultimos-videos-do-canal%2F&title=%C3%9Altimos+V%C3%ADdeos+do+Canal\" onclick=\"window.open('https:\/\/www.freetellafriend.com\/tell\/?url=https%3A%2F%2Fmarisaono.com%2Fdelicia%2F2021%2F09%2F30%2Fultimos-videos-do-canal%2F&title=%C3%9Altimos+V%C3%ADdeos+do+Canal', 'freetellafriend', 'scrollbars=1,menubar=0,width=617,height=530,resizable=1,toolbar=0,location=0,status=0,screenX=210,screenY=100,left=210,top=100'); return false;\" target=\"_blank\" title=\"Share This Post\"><img decoding=\"async\" src=\"http:\/\/marisaono.com\/delicia\/wp-content\/plugins\/tell-a-friend\/button.gif\" style=\"width:127px;height:16px;border:0px;\" alt=\"Share This Post\" title=\"Share This Post\" \/><\/a><\/div>\n","protected":false},"excerpt":{"rendered":"<p>[Translate] Fiz um v\u00eddeo de uma receita que publiquei em 2013, que \u00e9 uma torta que d\u00e1 para fazer com praticamente tudo que voc\u00ea tem na geladeira. \u00c9 \u00f3tima para aproveitar sobras. http:\/\/marisaono.com\/delicia\/2013\/04\/29\/quiche-sem-massa-limpa-geladeira\/ Aqui dou a dica para fazer uma &hellip; <a href=\"https:\/\/marisaono.com\/delicia\/2021\/09\/30\/ultimos-videos-do-canal\/\">Continuar a ler <span class=\"meta-nav\">&rarr;<\/span><\/a><\/p>\n","protected":false},"author":1,"featured_media":0,"comment_status":"open","ping_status":"open","sticky":false,"template":"","format":"standard","meta":{"spay_email":"","footnotes":"","jetpack_publicize_message":"","jetpack_is_tweetstorm":false},"categories":[17,256,264],"tags":[],"jetpack_featured_media_url":"","jetpack_publicize_connections":[],"jetpack_sharing_enabled":true,"jetpack_shortlink":"https:\/\/wp.me\/pccs7-2VB","jetpack-related-posts":[{"id":5922,"url":"https:\/\/marisaono.com\/delicia\/2013\/03\/28\/zarudofu-tofu-na-peneira\/","url_meta":{"origin":11259,"position":0},"title":"Zarudofu (Tofu na Peneira)","date":"Mar\u00e7o 28, 2013","format":false,"excerpt":"Desta vez n\u00e3o \u00e9 uma receita, \u00e9 um v\u00eddeo. N\u00e3o assisti, n\u00e3o editei, simplesmente publiquei. Para editar teria que ter um programa espec\u00edfico em um computador um pouco melhor e, a esta altura, creio que n\u00e3o valha a pena turbinar este aqui. Trata-se de um tofu feito em uma peneira,\u2026","rel":"","context":"In &quot;Culin\u00e1ria japonesa&quot;","img":{"alt_text":"","src":"","width":0,"height":0},"classes":[]},{"id":11256,"url":"https:\/\/marisaono.com\/delicia\/2021\/09\/20\/videos-novos-no-canal-5\/","url_meta":{"origin":11259,"position":1},"title":"V\u00eddeos Novos no Canal","date":"Setembro 20, 2021","format":false,"excerpt":"Antes de tudo, quero contar que passei por um procedimento para a retirado de um tumor no rosto. Ainda estou no processo de cicatriza\u00e7\u00e3o e daqui umas semanas saberei se todo o tumor foi retirado. O primeiro v\u00eddeo \u00e9 de um peixe assado com uma cobertura de miso e maionese.\u2026","rel":"","context":"In &quot;receita&quot;","img":{"alt_text":"","src":"https:\/\/i2.wp.com\/img.youtube.com\/vi\/2U3fPRkRaLI\/0.jpg?resize=350%2C200","width":350,"height":200},"classes":[]},{"id":6005,"url":"https:\/\/marisaono.com\/delicia\/2013\/04\/29\/quiche-sem-massa-limpa-geladeira\/","url_meta":{"origin":11259,"position":2},"title":"Quiche Sem Massa Limpa-Geladeira","date":"Abril 29, 2013","format":false,"excerpt":"Acho o nome infeliz, mas \u00e9 assim que chamam. Prefiro chamar de \"enformado\". O fato \u00e9 que ainda n\u00e3o publiquei uma receita dele, apesar de fazer com alguma frequ\u00eancia. Vejo na geladeira o que est\u00e1 sobrando e fa\u00e7o. 4 ovos 1\/2 x\u00edcara de farinha 1 colher de ch\u00e1 de fermento\u2026","rel":"","context":"In &quot;Cozinha do Desespero&quot;","img":{"alt_text":"","src":"https:\/\/i2.wp.com\/marisaono.com\/delicia\/wp-content\/uploads\/IMG_2096.jpg?resize=350%2C200&ssl=1","width":350,"height":200},"classes":[]},{"id":11020,"url":"https:\/\/marisaono.com\/delicia\/2020\/08\/26\/videos-novos-no-canal\/","url_meta":{"origin":11259,"position":3},"title":"V\u00eddeos Novos No Canal","date":"Agosto 26, 2020","format":false,"excerpt":"Se lembram da receita de mistura pronta para panquecas? Ela rende uma torta com o que tiver na geladeira: espinafre, queijo, carne mo\u00edda, abobrinha refogada, milho... Rende uma forma pequena mas pode ser dobrada sem problemas e fica muito boa, tanto como um lanche ou como acompanhamento e eu muitas\u2026","rel":"","context":"In &quot;lanches&quot;","img":{"alt_text":"","src":"https:\/\/i2.wp.com\/img.youtube.com\/vi\/w5pZxEO61KM\/0.jpg?resize=350%2C200","width":350,"height":200},"classes":[]},{"id":11272,"url":"https:\/\/marisaono.com\/delicia\/2021\/10\/15\/videos-novos\/","url_meta":{"origin":11259,"position":4},"title":"V\u00eddeos Novos","date":"Outubro 15, 2021","format":false,"excerpt":"Tem receita f\u00e1cil de subuta (porco agridoce) com todas as dicas para fazer igual ao restaurante. \u00c9 simples, as cores s\u00e3o vivas e a textura e sabor s\u00e3o \u00f3timos. S\u00f3 n\u00e3o vai ketchup nem abacaxi. https:\/\/youtu.be\/-6cZbIJLi38 E tamb\u00e9m fiz uma transmiss\u00e3o ao vivo, na quarta-feira. Fiz um molho para yakiniku,\u2026","rel":"","context":"In &quot;Prato principal&quot;","img":{"alt_text":"","src":"https:\/\/i1.wp.com\/img.youtube.com\/vi\/-6cZbIJLi38\/0.jpg?resize=350%2C200","width":350,"height":200},"classes":[]},{"id":1970,"url":"https:\/\/marisaono.com\/delicia\/2010\/02\/13\/dadinhos-de-tapioca\/","url_meta":{"origin":11259,"position":5},"title":"Dadinhos de Tapioca","date":"Fevereiro 13, 2010","format":false,"excerpt":"Tanta gente falando e fazendo esses dadinhos do Mocot\u00f3 que eu tive que experimentar. A receita original leva queijo de coalho. Como n\u00e3o tinha, usei queijo minas curado ralado. Como ficou? Ficou muito bom! Lembra um pouco mochi frito (massa de arroz glutinoso). Crocante por\u00a0 fora, massinha por dentro. Rende\u2026","rel":"","context":"In &quot;F\u00e1cil&quot;","img":{"alt_text":"","src":"https:\/\/i2.wp.com\/marisaono.com\/delicia\/wp-content\/uploads\/Dadinho-de-Tapioca.jpg?resize=350%2C200&ssl=1","width":350,"height":200},"classes":[]}],"_links":{"self":[{"href":"https:\/\/marisaono.com\/delicia\/wp-json\/wp\/v2\/posts\/11259"}],"collection":[{"href":"https:\/\/marisaono.com\/delicia\/wp-json\/wp\/v2\/posts"}],"about":[{"href":"https:\/\/marisaono.com\/delicia\/wp-json\/wp\/v2\/types\/post"}],"author":[{"embeddable":true,"href":"https:\/\/marisaono.com\/delicia\/wp-json\/wp\/v2\/users\/1"}],"replies":[{"embeddable":true,"href":"https:\/\/marisaono.com\/delicia\/wp-json\/wp\/v2\/comments?post=11259"}],"version-history":[{"count":1,"href":"https:\/\/marisaono.com\/delicia\/wp-json\/wp\/v2\/posts\/11259\/revisions"}],"predecessor-version":[{"id":11260,"href":"https:\/\/marisaono.com\/delicia\/wp-json\/wp\/v2\/posts\/11259\/revisions\/11260"}],"wp:attachment":[{"href":"https:\/\/marisaono.com\/delicia\/wp-json\/wp\/v2\/media?parent=11259"}],"wp:term":[{"taxonomy":"category","embeddable":true,"href":"https:\/\/marisaono.com\/delicia\/wp-json\/wp\/v2\/categories?post=11259"},{"taxonomy":"post_tag","embeddable":true,"href":"https:\/\/marisaono.com\/delicia\/wp-json\/wp\/v2\/tags?post=11259"}],"curies":[{"name":"wp","href":"https:\/\/api.w.org\/{rel}","templated":true}]}}