{"id":128,"date":"2007-10-14T20:29:00","date_gmt":"2007-10-14T23:29:00","guid":{"rendered":"http:\/\/marisaono.com\/delicia\/?p=128"},"modified":"2012-01-04T17:07:05","modified_gmt":"2012-01-04T20:07:05","slug":"pao-de-aveia","status":"publish","type":"post","link":"https:\/\/marisaono.com\/delicia\/2007\/10\/14\/pao-de-aveia\/","title":{"rendered":"P\u00e3o de Aveia"},"content":{"rendered":"<div class=\"translate_block\" style=\"display: none;\">\n<a class=\"translate_translate\" id=\"translate_button_post-128\" lang=\"en\" xml:lang=\"en\" href=\"javascript:show_translate_popup('en', 'post', 128);\">[Translate]<\/a><img src=\"https:\/\/marisaono.com\/delicia\/wp-content\/plugins\/google-ajax-translation\/transparent.gif\" id=\"translate_loading_post-128\" class=\"translate_loading\" style=\"display: none;\" width=\"16\" height=\"16\" alt=\"\" \/>\n<hr class=\"translate_hr\" \/>\n<\/div>\n<div id=\"content_div-128\">\n<p><img loading=\"lazy\" decoding=\"async\" class=\"alignnone size-full wp-image-1393\" title=\"P\u00e3o de Aveia\" src=\"http:\/\/marisaono.com\/delicia\/wp-content\/uploads\/img_1343.jpg\" alt=\"P\u00e3o de Aveia\" width=\"400\" height=\"300\" srcset=\"https:\/\/marisaono.com\/delicia\/wp-content\/uploads\/img_1343.jpg 400w, https:\/\/marisaono.com\/delicia\/wp-content\/uploads\/img_1343-360x270.jpg 360w\" sizes=\"(max-width: 400px) 100vw, 400px\" \/><\/p>\n<p>A inten\u00e7\u00e3o era de fazer um p\u00e3o macio e leve.<br \/>\nPeguei a receita de um p\u00e3o branco. Branco mesmo, ele costuma ser assado menos que o habitual e \u00e9, praticamente, cozido no vapor. E fiz minhas altera\u00e7\u00f5es.<br \/>\nO p\u00e3o n\u00e3o ficou exatamente branco, mas ficou claro. N\u00e3o formou casca crocante porque foi assado em forno bem quente e n\u00e3o recebeu ovos ou qualquer cobertura, exceto um pouco de farinha.<\/p>\n<p>600 gramas de farinha de trigo<br \/>\n1 x\u00edcara de aveia fina<br \/>\n350 ml de leite<br \/>\n80 gramas de manteiga derretida<br \/>\n10 gramas de sal<br \/>\n30 gramas de a\u00e7\u00facar<br \/>\n40 gramas de glucose<br \/>\n1 ovo m\u00e9dio<br \/>\n5 gramas de melhorador<br \/>\n6 gramas de fermento seco<\/p>\n<p>Misturei tudo e bati na batedeira, com o gancho para massas, por cerca de 15 minutos.<br \/>\nDeixei crescer uma vez, coberto. Cortei em tiras, dei n\u00f3s e coloquei na assadeira para crescer novamente. Polvilhei com farinha de trigo e levei ao forno bem quente, at\u00e9 corar ligeiramente.<br \/>\nRenderam 24 p\u00e3es pequenos.<br \/>\n<!--adsense#google2--><\/p>\n<a href=\"https:\/\/www.freetellafriend.com\/tell\/?url=https%3A%2F%2Fmarisaono.com%2Fdelicia%2F2007%2F10%2F14%2Fpao-de-aveia%2F&title=P%C3%A3o+de+Aveia\" onclick=\"window.open('https:\/\/www.freetellafriend.com\/tell\/?url=https%3A%2F%2Fmarisaono.com%2Fdelicia%2F2007%2F10%2F14%2Fpao-de-aveia%2F&title=P%C3%A3o+de+Aveia', 'freetellafriend', 'scrollbars=1,menubar=0,width=617,height=530,resizable=1,toolbar=0,location=0,status=0,screenX=210,screenY=100,left=210,top=100'); return false;\" target=\"_blank\" title=\"Share This Post\"><img decoding=\"async\" src=\"http:\/\/marisaono.com\/delicia\/wp-content\/plugins\/tell-a-friend\/button.gif\" style=\"width:127px;height:16px;border:0px;\" alt=\"Share This Post\" title=\"Share This Post\" \/><\/a><\/div>\n","protected":false},"excerpt":{"rendered":"<p>[Translate] A inten\u00e7\u00e3o era de fazer um p\u00e3o macio e leve. Peguei a receita de um p\u00e3o branco. Branco mesmo, ele costuma ser assado menos que o habitual e \u00e9, praticamente, cozido no vapor. E fiz minhas altera\u00e7\u00f5es. O p\u00e3o &hellip; <a href=\"https:\/\/marisaono.com\/delicia\/2007\/10\/14\/pao-de-aveia\/\">Continuar a ler <span class=\"meta-nav\">&rarr;<\/span><\/a><\/p>\n","protected":false},"author":1,"featured_media":1393,"comment_status":"open","ping_status":"open","sticky":false,"template":"","format":"standard","meta":{"spay_email":"","footnotes":"","jetpack_publicize_message":"","jetpack_is_tweetstorm":false},"categories":[24,26,256],"tags":[111],"jetpack_featured_media_url":"https:\/\/marisaono.com\/delicia\/wp-content\/uploads\/img_1343.jpg","jetpack_publicize_connections":[],"jetpack_sharing_enabled":true,"jetpack_shortlink":"https:\/\/wp.me\/pccs7-24","jetpack-related-posts":[{"id":11224,"url":"https:\/\/marisaono.com\/delicia\/2021\/07\/21\/table-dinner-butter-rolls-e-english-muffins-com-farelo-de-aveia\/","url_meta":{"origin":128,"position":0},"title":"Table\/Dinner\/Butter Rolls e English Muffins com Farelo de Aveia","date":"Julho 21, 2021","format":false,"excerpt":"Dnner\/Table\/Butter Rolls e English Muffin com farelo de aveia marisaono.com Pois \u00e9, faz tempo que n\u00e3o publico um post, n\u00e3o? Hoje fiz p\u00e3es (tenho feito com frequ\u00eancia, claro) e desta vez resolvi testar umas ideias novas e deram certo. O primeiro \u00e9 um p\u00e3ozinho muito fofo e levemente adocicado, muito\u2026","rel":"","context":"In &quot;lanches&quot;","img":{"alt_text":"Imagem","src":"https:\/\/pbs.twimg.com\/media\/E62sogyXsAAVyzn?format=jpg&name=small","width":350,"height":200},"classes":[]},{"id":8897,"url":"https:\/\/marisaono.com\/delicia\/2016\/03\/11\/pao-trancado-de-matcha\/","url_meta":{"origin":128,"position":1},"title":"P\u00e3o Tran\u00e7ado de Matcha","date":"Mar\u00e7o 11, 2016","format":false,"excerpt":"N\u00e3o, a ideia n\u00e3o \u00e9 original. P\u00e3es tran\u00e7ados, recheados com algum creme colorido existem h\u00e1 muito tempo. A novidade \u00e9 que nunca fiz um e resolvi fazer com matcha (ch\u00e1 verde muito especial, mo\u00eddo finamente). P\u00e3es com ch\u00e1 n\u00e3o s\u00e3o uma novidade no Jap\u00e3o. D\u00e1 um pouco de trabalho, porque\u2026","rel":"","context":"In &quot;massas&quot;","img":{"alt_text":"","src":"https:\/\/i0.wp.com\/marisaono.com\/delicia\/wp-content\/uploads\/IMG_0189.jpg?resize=350%2C200&ssl=1","width":350,"height":200},"classes":[]},{"id":3583,"url":"https:\/\/marisaono.com\/delicia\/2011\/09\/05\/pao-de-residuo-de-soja\/","url_meta":{"origin":128,"position":2},"title":"P\u00e3o de Res\u00edduo de Soja","date":"Setembro 5, 2011","format":false,"excerpt":"Aqui em casa costumamos fazer tofu. Para quem quiser se aventurar a fazer em casa, publiquei uma receita de kinugoshi tofu (quase um flan de leite de soja) aqui: http:\/\/marisaono.com\/delicia\/?p=3243 Comemos o tofu, mas sobra o res\u00edduo (conhecido como okara). E ele n\u00e3o \u00e9 disperdi\u00e7ado. Seco no forno, em fogo\u2026","rel":"","context":"In &quot;lanches&quot;","img":{"alt_text":"","src":"https:\/\/i0.wp.com\/marisaono.com\/delicia\/wp-content\/uploads\/130120102436.jpg?resize=350%2C200&ssl=1","width":350,"height":200},"classes":[]},{"id":6121,"url":"https:\/\/marisaono.com\/delicia\/2013\/06\/05\/english-muffins\/","url_meta":{"origin":128,"position":3},"title":"English Muffins","date":"Junho 5, 2013","format":false,"excerpt":"Pensei que j\u00e1 tinha publicado essa receita. Esses p\u00e3es pequenos, redondos e textura um pouco mais pegajosa eram vendidos nos supermercados no Jap\u00e3o. Eu gosto deles, ficam bons por alguns dias, melhores depois de aquecidos na chapa ou no forninho el\u00e9trico. Um pouco de manteiga e pronto. Fiz duas vers\u00f5es,\u2026","rel":"","context":"In &quot;F\u00e1cil&quot;","img":{"alt_text":"","src":"https:\/\/i1.wp.com\/marisaono.com\/delicia\/wp-content\/uploads\/IMG_2411.jpg?resize=350%2C200&ssl=1","width":350,"height":200},"classes":[]},{"id":621,"url":"https:\/\/marisaono.com\/delicia\/2008\/12\/21\/veneziana\/","url_meta":{"origin":128,"position":4},"title":"Veneziana","date":"Dezembro 21, 2008","format":false,"excerpt":"J\u00e1 comentei sobre esse p\u00e3o doce que comia no Jap\u00e3o. Ontem, conversando com LP sobre p\u00e3es, panetones, t\u00e9cnicas, ingredientes, ci\u00eancia e outras tantas coisas mais, surgiu um esbo\u00e7o dessa receita. Hoje, a m\u00e3e pediu um p\u00e3o doce, bem macio. Usei o fermento natural que mantenho vivo na geladeira, alimentando-o com\u2026","rel":"","context":"In &quot;cotidiano&quot;","img":{"alt_text":"","src":"https:\/\/i1.wp.com\/marisaono.com\/delicia\/wp-content\/uploads\/Veneza11.jpg?resize=350%2C200&ssl=1","width":350,"height":200},"classes":[]},{"id":5259,"url":"https:\/\/marisaono.com\/delicia\/2012\/10\/05\/pao-de-cebola-com-cara-moela-quinua-e-farelo-de-aveia\/","url_meta":{"origin":128,"position":5},"title":"P\u00e3o de Cebola com Car\u00e1-Moela, Quinua e Farelo de Aveia","date":"Outubro 5, 2012","format":false,"excerpt":"Fui \u00e0 feira com minha m\u00e3e. Enquanto ela escolhia batatas, fui comprar cebolas. Quando volto, percebo que ela tamb\u00e9m havia comprado cebolas. Eram muitas para duas pessoas. \u00a0Por outro lado, os cara-moela (ganhei os primeiros da Neide Rigo, dos mesmos que ela comenta aqui:\u00a0http:\/\/come-se.blogspot.com.br\/2012\/09\/cara-moela-coluna-do-paladar-4.html\u00a0), estavam brotando. Uns foram plantados e\u2026","rel":"","context":"In &quot;lanches&quot;","img":{"alt_text":"","src":"https:\/\/i1.wp.com\/marisaono.com\/delicia\/wp-content\/uploads\/IMG_0936.jpg?resize=350%2C200&ssl=1","width":350,"height":200},"classes":[]}],"_links":{"self":[{"href":"https:\/\/marisaono.com\/delicia\/wp-json\/wp\/v2\/posts\/128"}],"collection":[{"href":"https:\/\/marisaono.com\/delicia\/wp-json\/wp\/v2\/posts"}],"about":[{"href":"https:\/\/marisaono.com\/delicia\/wp-json\/wp\/v2\/types\/post"}],"author":[{"embeddable":true,"href":"https:\/\/marisaono.com\/delicia\/wp-json\/wp\/v2\/users\/1"}],"replies":[{"embeddable":true,"href":"https:\/\/marisaono.com\/delicia\/wp-json\/wp\/v2\/comments?post=128"}],"version-history":[{"count":4,"href":"https:\/\/marisaono.com\/delicia\/wp-json\/wp\/v2\/posts\/128\/revisions"}],"predecessor-version":[{"id":1392,"href":"https:\/\/marisaono.com\/delicia\/wp-json\/wp\/v2\/posts\/128\/revisions\/1392"}],"wp:featuredmedia":[{"embeddable":true,"href":"https:\/\/marisaono.com\/delicia\/wp-json\/wp\/v2\/media\/1393"}],"wp:attachment":[{"href":"https:\/\/marisaono.com\/delicia\/wp-json\/wp\/v2\/media?parent=128"}],"wp:term":[{"taxonomy":"category","embeddable":true,"href":"https:\/\/marisaono.com\/delicia\/wp-json\/wp\/v2\/categories?post=128"},{"taxonomy":"post_tag","embeddable":true,"href":"https:\/\/marisaono.com\/delicia\/wp-json\/wp\/v2\/tags?post=128"}],"curies":[{"name":"wp","href":"https:\/\/api.w.org\/{rel}","templated":true}]}}