{"id":131,"date":"2007-10-19T20:15:45","date_gmt":"2007-10-19T23:15:45","guid":{"rendered":"http:\/\/marisaono.com\/delicia\/?p=131"},"modified":"2009-05-31T13:26:22","modified_gmt":"2009-05-31T16:26:22","slug":"reinaugurando","status":"publish","type":"post","link":"https:\/\/marisaono.com\/delicia\/2007\/10\/19\/reinaugurando\/","title":{"rendered":"Reinaugurando\u2026"},"content":{"rendered":"<div class=\"translate_block\" style=\"display: none;\">\n<a class=\"translate_translate\" id=\"translate_button_post-131\" lang=\"en\" xml:lang=\"en\" href=\"javascript:show_translate_popup('en', 'post', 131);\">[Translate]<\/a><img src=\"https:\/\/marisaono.com\/delicia\/wp-content\/plugins\/google-ajax-translation\/transparent.gif\" id=\"translate_loading_post-131\" class=\"translate_loading\" style=\"display: none;\" width=\"16\" height=\"16\" alt=\"\" \/>\n<hr class=\"translate_hr\" \/>\n<\/div>\n<div id=\"content_div-131\">\n<p>Eu comecei com um blog no Blogger, mas resolvi come\u00e7ar tudo de novo com outro visual, outro servidor e tudo mais.<\/p>\n<p>Bem-vindos ao novo Del\u00edcia!<\/p>\n<p>Marisa Tiemi Ono<\/p>\n<a href=\"https:\/\/www.freetellafriend.com\/tell\/?url=https%3A%2F%2Fmarisaono.com%2Fdelicia%2F2007%2F10%2F19%2Freinaugurando%2F&title=Reinaugurando%E2%80%A6\" onclick=\"window.open('https:\/\/www.freetellafriend.com\/tell\/?url=https%3A%2F%2Fmarisaono.com%2Fdelicia%2F2007%2F10%2F19%2Freinaugurando%2F&title=Reinaugurando%E2%80%A6', 'freetellafriend', 'scrollbars=1,menubar=0,width=617,height=530,resizable=1,toolbar=0,location=0,status=0,screenX=210,screenY=100,left=210,top=100'); return false;\" target=\"_blank\" title=\"Share This Post\"><img decoding=\"async\" src=\"http:\/\/marisaono.com\/delicia\/wp-content\/plugins\/tell-a-friend\/button.gif\" style=\"width:127px;height:16px;border:0px;\" alt=\"Share This Post\" title=\"Share This Post\" \/><\/a><\/div>\n","protected":false},"excerpt":{"rendered":"<p>[Translate] Eu comecei com um blog no Blogger, mas resolvi come\u00e7ar tudo de novo com outro visual, outro servidor e tudo mais. Bem-vindos ao novo Del\u00edcia! Marisa Tiemi Ono<\/p>\n","protected":false},"author":1,"featured_media":0,"comment_status":"open","ping_status":"open","sticky":false,"template":"","format":"standard","meta":{"spay_email":"","footnotes":"","jetpack_publicize_message":"","jetpack_is_tweetstorm":false},"categories":[14],"tags":[],"jetpack_featured_media_url":"","jetpack_publicize_connections":[],"jetpack_sharing_enabled":true,"jetpack_shortlink":"https:\/\/wp.me\/pccs7-27","jetpack-related-posts":[{"id":207,"url":"https:\/\/marisaono.com\/delicia\/2008\/01\/29\/obrigada\/","url_meta":{"origin":131,"position":0},"title":"Obrigada!","date":"Janeiro 29, 2008","format":false,"excerpt":"A cada dia o n\u00fameros de visitantes desse humilde blog aumentam. Eu n\u00e3o sei onde estou acertando ou errando. N\u00e3o sei quem s\u00e3o nem o que gostariam de ler aqui. Bem, talvez seja a hora de voc\u00eas me conhecerem melhor. Sou fluminense, nascida em Itagua\u00ed, de onde sa\u00ed com poucos\u2026","rel":"","context":"In &quot;cotidiano&quot;","img":{"alt_text":"","src":"","width":0,"height":0},"classes":[]},{"id":866,"url":"https:\/\/marisaono.com\/delicia\/2009\/05\/03\/mais-um-pouco-sobre-mim\/","url_meta":{"origin":131,"position":1},"title":"Mais Um Pouco Sobre Mim...","date":"Maio 3, 2009","format":false,"excerpt":"As estat\u00edsticas do provedor apontam para uma m\u00e9dia de 600 visitantes di\u00e1rios deste modesto blogue e subindo (as estat\u00edsticas do Wordpress s\u00e3o ainda maiores e n\u00e3o sei explicar a discrep\u00e2ncia). Cada visitante l\u00ea, em m\u00e9dia, 5 post a cada visita. Para muitos blogues, isso \u00e9 um valor muito baixo. Para\u2026","rel":"","context":"In &quot;cotidiano&quot;","img":{"alt_text":"","src":"","width":0,"height":0},"classes":[]},{"id":5007,"url":"https:\/\/marisaono.com\/delicia\/2012\/07\/06\/cinco-anos-milesimo-post\/","url_meta":{"origin":131,"position":2},"title":"Cinco Anos, Mil\u00e9simo Post","date":"Julho 6, 2012","format":false,"excerpt":"Este \u00e9 o mil\u00e9simo post. Tudo come\u00e7ou ainda no blogspot, em 2 de julho de 2007. Ou seja, tamb\u00e9m estou comemorando 5 anos de \"escrivinha\u00e7\u00e3o\". Isso tudo \u00e9 mais m\u00e9rito dos leitores que meu. Se eu continuasse com os 50 acessos di\u00e1rios por muito tempo, teria desistido. Ou, pelo menos,\u2026","rel":"","context":"With 20 comments","img":{"alt_text":"","src":"","width":0,"height":0},"classes":[]},{"id":3137,"url":"https:\/\/marisaono.com\/delicia\/2011\/03\/30\/continuando-sobre-shojin-ryori\/","url_meta":{"origin":131,"position":3},"title":"Continuando Sobre Shojin Ryori","date":"Mar\u00e7o 30, 2011","format":false,"excerpt":"Toshio Tanahashi come\u00e7ou falando que os seres humanos, como outros animais, precisa comer para viver. Mas, diferente de v\u00e1rios outros animais, precisa cozinhar para poder comer. E a\u00ed que surge a culin\u00e1ria, como uma atividade que exige do intelecto humano. Pouco falou de t\u00e9cnicas culin\u00e1rias. Dizia maravilhado com a variedade,\u2026","rel":"","context":"In &quot;cotidiano&quot;","img":{"alt_text":"","src":"","width":0,"height":0},"classes":[]},{"id":662,"url":"https:\/\/marisaono.com\/delicia\/2009\/02\/23\/alho-negro\/","url_meta":{"origin":131,"position":4},"title":"Alho Negro","date":"Fevereiro 23, 2009","format":false,"excerpt":"Eu gosto quando uma experi\u00eancia d\u00e1 certo. E tamb\u00e9m gosto de receber elogios sinceros. H\u00e1 alguns meses estou trabalhando na produ\u00e7\u00e3o de um alho maturado. H\u00e1 uns dois meses, depois de v\u00e1rios dias controlando temperatura, umidade, etc, saiu o primeiro lote. Eu gostei do resultado. Gostei tanto que mandei uma\u2026","rel":"","context":"In &quot;cotidiano&quot;","img":{"alt_text":"","src":"https:\/\/i2.wp.com\/marisaono.com\/delicia\/wp-content\/uploads\/Alho-Negro.jpg?resize=350%2C200&ssl=1","width":350,"height":200},"classes":[]},{"id":10083,"url":"https:\/\/marisaono.com\/delicia\/2020\/01\/04\/a-polemica-do-queijo-furadinho\/","url_meta":{"origin":131,"position":5},"title":"A Pol\u00eamica do Queijo Furadinho","date":"Janeiro 4, 2020","format":false,"excerpt":"Que nem \u00e9 nova. Volta e meia aparece nas redes sociais uma not\u00edcia sobre o fato do queijo minas \"furadinho\" ser cheio de coliformes fecais. Bem, vamos come\u00e7ar pelo come\u00e7o. O que s\u00e3o coliformes fecais? S\u00e3o bact\u00e9rias que existem nos intestinos de animais. N\u00e3o s\u00f3 de humanos, como muitos pensam.\u2026","rel":"","context":"In &quot;Opini\u00e3o&quot;","img":{"alt_text":"","src":"","width":0,"height":0},"classes":[]}],"_links":{"self":[{"href":"https:\/\/marisaono.com\/delicia\/wp-json\/wp\/v2\/posts\/131"}],"collection":[{"href":"https:\/\/marisaono.com\/delicia\/wp-json\/wp\/v2\/posts"}],"about":[{"href":"https:\/\/marisaono.com\/delicia\/wp-json\/wp\/v2\/types\/post"}],"author":[{"embeddable":true,"href":"https:\/\/marisaono.com\/delicia\/wp-json\/wp\/v2\/users\/1"}],"replies":[{"embeddable":true,"href":"https:\/\/marisaono.com\/delicia\/wp-json\/wp\/v2\/comments?post=131"}],"version-history":[{"count":1,"href":"https:\/\/marisaono.com\/delicia\/wp-json\/wp\/v2\/posts\/131\/revisions"}],"predecessor-version":[{"id":1176,"href":"https:\/\/marisaono.com\/delicia\/wp-json\/wp\/v2\/posts\/131\/revisions\/1176"}],"wp:attachment":[{"href":"https:\/\/marisaono.com\/delicia\/wp-json\/wp\/v2\/media?parent=131"}],"wp:term":[{"taxonomy":"category","embeddable":true,"href":"https:\/\/marisaono.com\/delicia\/wp-json\/wp\/v2\/categories?post=131"},{"taxonomy":"post_tag","embeddable":true,"href":"https:\/\/marisaono.com\/delicia\/wp-json\/wp\/v2\/tags?post=131"}],"curies":[{"name":"wp","href":"https:\/\/api.w.org\/{rel}","templated":true}]}}