{"id":132,"date":"2007-10-20T15:42:38","date_gmt":"2007-10-20T17:42:38","guid":{"rendered":"http:\/\/marisaono.com\/delicia\/?p=132"},"modified":"2007-10-20T15:42:38","modified_gmt":"2007-10-20T17:42:38","slug":"minha-dispensa","status":"publish","type":"post","link":"https:\/\/marisaono.com\/delicia\/2007\/10\/20\/minha-dispensa\/","title":{"rendered":"Minha Dispensa"},"content":{"rendered":"<div class=\"translate_block\" style=\"display: none;\">\n<a class=\"translate_translate\" id=\"translate_button_post-132\" lang=\"en\" xml:lang=\"en\" href=\"javascript:show_translate_popup('en', 'post', 132);\">[Translate]<\/a><img src=\"https:\/\/marisaono.com\/delicia\/wp-content\/plugins\/google-ajax-translation\/transparent.gif\" id=\"translate_loading_post-132\" class=\"translate_loading\" style=\"display: none;\" width=\"16\" height=\"16\" alt=\"\" \/>\n<hr class=\"translate_hr\" \/>\n<\/div>\n<div id=\"content_div-132\">\n<p align=\"justify\">Perguntaram-me o que eu tinha na dispensa. Bem, a inten\u00e7\u00e3o era de listar o b\u00e1sico em uma cozinha oriental. E eu tive que co\u00e7ar a cabe\u00e7a para listar os ingredientes poss\u00edveis e necess\u00e1rios. N\u00e3o tirei fotos dos alien\u00edgenas guardados na geladeira (fermentos de arroz, p\u00e3o, soja e outras coisas mais assustadoras&#8230;<\/p>\n<p align=\"left\">&nbsp;<\/p>\n<p align=\"justify\"><img loading=\"lazy\" decoding=\"async\" src=\"http:\/\/marisaono.com\/delicia\/wp-content\/plugins\/hot-linked-image-cacher\/upload\/lh6.google.com\/marisaono\/Rxo09GsPQCI\/AAAAAAAAAx0\/C-9g_dPjbow\/Curry.JPG?imgmax=512\" align=\"left\" height=\"192\" width=\"256\" \/> Curries e Masalas. Da esquerda para direita: \u00c1rabe, japon\u00eas (da House, no vidro) e os dois, da lata e da caixa azul s\u00e3o indianos.<\/p>\n<p align=\"left\">&nbsp;<\/p>\n<p align=\"left\">Se pudesse, faria uma vez por semana. Mas algu\u00e9m em casa diz que enjoou.<\/p>\n<p align=\"justify\">&nbsp;<\/p>\n<p align=\"justify\">&nbsp;<\/p>\n<p align=\"justify\"><img loading=\"lazy\" decoding=\"async\" src=\"http:\/\/marisaono.com\/delicia\/wp-content\/plugins\/hot-linked-image-cacher\/upload\/lh6.google.com\/marisaono\/Rxo1AGsPQEI\/AAAAAAAAAyE\/wbKpvOgsvr0\/Pimentasspa.JPG?imgmax=512\" align=\"left\" height=\"192\" width=\"256\" \/>Pimentas em pasta e XO.<\/p>\n<p align=\"left\">&nbsp;<\/p>\n<p align=\"left\">Da esquerda para direita: Kotyenjan (o vidro e em tubo, na caixa) de origem coreana.<\/p>\n<p align=\"left\">&nbsp;<\/p>\n<p align=\"justify\">XO, que \u00e9 pasta de vieiras, camar\u00f5es e ostra.Tobanjan, pasta de pimenta de origem chinesa. Adoro em um prato chamado <a href=\"http:\/\/marisaono.com\/blog\/?p=22\" target=\"_blank\">Mabo Tofu<\/a>. Guardo na geladeira, duram bem.<\/p>\n<p align=\"justify\"><img loading=\"lazy\" decoding=\"async\" src=\"http:\/\/marisaono.com\/delicia\/wp-content\/plugins\/hot-linked-image-cacher\/upload\/lh6.google.com\/marisaono\/Rxo1IWsPQJI\/AAAAAAAAAys\/bLSg0ktAO9c\/Shoyu.JPG?imgmax=512\" align=\"left\" height=\"192\" width=\"256\" \/>Shoyus japoneses.<\/p>\n<p align=\"left\">&nbsp;<\/p>\n<p align=\"left\">O da esquerda foi feito com soja preta.<\/p>\n<p align=\"left\">O da direita, <a href=\"http:\/\/marisaono.com\/blog\/?p=62\" target=\"_blank\">Kikkoman, <\/a>produzido em Singapura e importado pela Sendai.<\/p>\n<p align=\"left\">&nbsp;<\/p>\n<p align=\"left\">\u00c9 comum eu ter mais de uma garrafa em casa. Ao menos uma do claro e uma do escuro. Gosto tamb\u00e9m das vers\u00f5es light, com menos sal.<\/p>\n<p align=\"justify\"><img loading=\"lazy\" decoding=\"async\" src=\"http:\/\/marisaono.com\/delicia\/wp-content\/plugins\/hot-linked-image-cacher\/upload\/lh6.google.com\/marisaono\/Rxo1J2sPQKI\/AAAAAAAAAy0\/GMFkTtd5758\/ShoyuspaChines.JPG?imgmax=512\" align=\"left\" height=\"192\" width=\"256\" \/>Shoyu Chin\u00eas.<\/p>\n<p align=\"left\">&nbsp;<\/p>\n<p align=\"left\">Denso, escuro, forte. Existe uma outra vers\u00e3o, mais leve, menos viscosa.<\/p>\n<p align=\"left\">&nbsp;<\/p>\n<p align=\"left\">&nbsp;<\/p>\n<p align=\"left\">&nbsp;<\/p>\n<p align=\"justify\"><img loading=\"lazy\" decoding=\"async\" src=\"http:\/\/marisaono.com\/delicia\/wp-content\/plugins\/hot-linked-image-cacher\/upload\/lh6.google.com\/marisaono\/Rxo1KWsPQLI\/AAAAAAAAAy8\/XKsByPYCgSw\/ComparandospaShoyus.JPG?imgmax=512\" align=\"left\" height=\"192\" width=\"256\" \/>Compara\u00e7\u00e3o dos dois shoyus. Acima, escuro e opaco, \u00e9 o chin\u00eas. Abaixo, transl\u00facido e claro, \u00e9 o da Kikkoman.Cada um para uma utiliza\u00e7\u00e3o e com suas caracter\u00edsticas pr\u00f3prias.<\/p>\n<p align=\"justify\">&nbsp;<\/p>\n<p align=\"justify\">&nbsp;<\/p>\n<p align=\"justify\">&nbsp;<\/p>\n<p align=\"justify\"><img loading=\"lazy\" decoding=\"async\" src=\"http:\/\/marisaono.com\/delicia\/wp-content\/plugins\/hot-linked-image-cacher\/upload\/lh6.google.com\/marisaono\/Rxo1MmsPQNI\/AAAAAAAAAzM\/W9DjElnseWE\/CaldosspaIndustrializadospaespaBonitospaSeco.JPG?imgmax=512\" align=\"left\" height=\"192\" width=\"256\" \/> Acima:Bonito seco e laminado, chamado tamb\u00e9m de Katsuo bushi ou Hana katsuo. Uso para caldos. Mas \u00e9 caro. N\u00e3o uso sempre, mas de vez em quando, \u00e9 bom sentir o verdadeiro sabor de um bom caldo (<a href=\"http:\/\/marisaono.com\/blog\/?s=dashi\" target=\"_blank\">dashi<\/a>).<\/p>\n<p align=\"left\">Abaixo: Caldo de alga kombu industrializada (kombu dashi). Basta dissolver em \u00e1gua quente.<\/p>\n<p align=\"left\">&nbsp;<\/p>\n<p align=\"justify\">&nbsp;<\/p>\n<p align=\"left\"><img loading=\"lazy\" decoding=\"async\" src=\"http:\/\/marisaono.com\/delicia\/wp-content\/plugins\/hot-linked-image-cacher\/upload\/lh6.google.com\/marisaono\/Rxo1D2sPQGI\/AAAAAAAAAyU\/G3OiX3Ph7vg\/kombu.JPG?imgmax=512\" align=\"left\" height=\"192\" width=\"256\" \/><\/p>\n<p align=\"left\">&nbsp;<\/p>\n<p align=\"left\">Alga Kombu. No caso, esta \u00e9 para fazer caldos (dashi)<\/p>\n<p align=\"left\">&nbsp;<\/p>\n<p align=\"left\">S\u00e3o mais largas e grossas que as utilizadas para cozidos. Costumam ser mais baratas, tamb\u00e9m Uso com certa frequ\u00eancia.<\/p>\n<p align=\"left\">&nbsp;<\/p>\n<p align=\"left\">&nbsp;<\/p>\n<p align=\"left\">&nbsp;<\/p>\n<p align=\"justify\"><img loading=\"lazy\" decoding=\"async\" src=\"http:\/\/marisaono.com\/delicia\/wp-content\/plugins\/hot-linked-image-cacher\/upload\/lh6.google.com\/marisaono\/Rxo1LGsPQMI\/AAAAAAAAAzE\/5vkXkm2d-RI\/OleospadespaGergelim.JPG?imgmax=512\" align=\"left\" height=\"192\" width=\"256\" \/><\/p>\n<p align=\"left\">\u00d3leo de Gergelim. No caso, est\u00e1 turvo porque mantenho sempre na geladeira. Oxida facilmente em contato coma luz e ar. Este \u00e9 da<\/p>\n<p align=\"left\">Kadoya.<\/p>\n<p align=\"left\">&nbsp;<\/p>\n<p align=\"left\">Na Liberdade encontrei da Ajinomoto. Prefiro, \u00e9 mais clara, leve.<\/p>\n<p align=\"left\">&nbsp;<\/p>\n<p align=\"justify\">&nbsp;<\/p>\n<p align=\"justify\"><img loading=\"lazy\" decoding=\"async\" src=\"http:\/\/marisaono.com\/delicia\/wp-content\/plugins\/hot-linked-image-cacher\/upload\/lh6.google.com\/marisaono\/Rxo1NmsPQOI\/AAAAAAAAAzU\/T5X7B2JovaM\/AnisspaEstreladospaespaPimentaspaSzechuan.JPG?imgmax=512\" align=\"left\" height=\"192\" width=\"256\" \/> Anis Estrelado e Pimenta Szechuan.<\/p>\n<p align=\"left\">&nbsp;<\/p>\n<p align=\"left\">Uso em alguns cozidos de inspira\u00e7\u00e3o chinesa. Tem uma receita de frango que estou louca para experimentar&#8230;<\/p>\n<p align=\"left\">N\u00e3o vou usar muito, mas \u00e9 sempre bom ter. De qualquer forma, n\u00e3o estragam se guardados em potes bem fechados e em local seco.<\/p>\n<p align=\"justify\"><img loading=\"lazy\" decoding=\"async\" src=\"http:\/\/marisaono.com\/delicia\/wp-content\/plugins\/hot-linked-image-cacher\/upload\/lh6.google.com\/marisaono\/Rxo1UWsPQRI\/AAAAAAAAAzs\/mx3REqYVDkY\/Misso.JPG?imgmax=512\" align=\"left\" height=\"192\" width=\"256\" \/><\/p>\n<p align=\"left\">&nbsp;<\/p>\n<p align=\"left\">Misso. No caso, feito em casa.<\/p>\n<p align=\"left\">Misso \u00e9 uma pasta feita com soja, arroz maltado e sal. Leva seis meses para ficar pronto (ou mais, depende da temperatura) e poder ser consumido.<\/p>\n<p align=\"left\">Para comprar, existem os artesanais e os industrializados. Dos industrializados, recomendo o da marca Marukome.<\/p>\n<p align=\"justify\"><img loading=\"lazy\" decoding=\"async\" src=\"http:\/\/marisaono.com\/delicia\/wp-content\/plugins\/hot-linked-image-cacher\/upload\/lh6.google.com\/marisaono\/Rxo1tmsPQeI\/AAAAAAAAA1U\/Ga41Xefagk4\/Ch%C3%A1.JPG?imgmax=512\" align=\"left\" height=\"192\" width=\"256\" \/><\/p>\n<p align=\"left\">&nbsp;<\/p>\n<p align=\"left\">E, para finalizar, claro, um ch\u00e1&#8230;<\/p>\n<p align=\"left\">Este \u00e9 da prov\u00edncia de Shizuoka. Notem como as folhas s\u00e3o pequenas e finas &#8211; e, se pudessem sentir &#8211; s\u00e3o sedosas ao tato. Esse ch\u00e1 foi feito com folhas do in\u00edcio da primavera, quando s\u00e3o mais tenras e delicadas.<\/p>\n<p><!--adsense#google2--><\/p>\n<a href=\"https:\/\/www.freetellafriend.com\/tell\/?url=https%3A%2F%2Fmarisaono.com%2Fdelicia%2F2007%2F10%2F20%2Fminha-dispensa%2F&title=Minha+Dispensa\" onclick=\"window.open('https:\/\/www.freetellafriend.com\/tell\/?url=https%3A%2F%2Fmarisaono.com%2Fdelicia%2F2007%2F10%2F20%2Fminha-dispensa%2F&title=Minha+Dispensa', 'freetellafriend', 'scrollbars=1,menubar=0,width=617,height=530,resizable=1,toolbar=0,location=0,status=0,screenX=210,screenY=100,left=210,top=100'); return false;\" target=\"_blank\" title=\"Share This Post\"><img decoding=\"async\" src=\"http:\/\/marisaono.com\/delicia\/wp-content\/plugins\/tell-a-friend\/button.gif\" style=\"width:127px;height:16px;border:0px;\" alt=\"Share This Post\" title=\"Share This Post\" \/><\/a><\/div>\n","protected":false},"excerpt":{"rendered":"<p>[Translate] Perguntaram-me o que eu tinha na dispensa. Bem, a inten\u00e7\u00e3o era de listar o b\u00e1sico em uma cozinha oriental. E eu tive que co\u00e7ar a cabe\u00e7a para listar os ingredientes poss\u00edveis e necess\u00e1rios. N\u00e3o tirei fotos dos alien\u00edgenas guardados &hellip; <a href=\"https:\/\/marisaono.com\/delicia\/2007\/10\/20\/minha-dispensa\/\">Continuar a ler <span class=\"meta-nav\">&rarr;<\/span><\/a><\/p>\n","protected":false},"author":1,"featured_media":0,"comment_status":"open","ping_status":"open","sticky":false,"template":"","format":"standard","meta":{"spay_email":"","footnotes":"","jetpack_publicize_message":"","jetpack_is_tweetstorm":false},"categories":[15,17],"tags":[],"jetpack_featured_media_url":"","jetpack_publicize_connections":[],"jetpack_sharing_enabled":true,"jetpack_shortlink":"https:\/\/wp.me\/pccs7-28","jetpack-related-posts":[{"id":137,"url":"https:\/\/marisaono.com\/delicia\/2007\/10\/30\/minha-dispensa-parte-dois\/","url_meta":{"origin":132,"position":0},"title":"Minha Dispensa - Parte Dois","date":"Outubro 30, 2007","format":false,"excerpt":"Coisas que tenho aqui estocado ou desenvolvendo... \u00a0 \u00a0 \u00a0 \u00a0 \u00a0 \u00a0 \u00a0 \u00a0 Potes de miso e dois potes de gengibre em conserva (gari) \u00a0 \u00a0 \u00a0 \u00a0 \u00a0 \u00a0 \u00a0 \u00a0 Miso maturando. \u00a0 \u00a0 \u00a0 \u00a0 \u00a0 \u00a0 \u00a0 \u00a0 Apesar da apar\u00eancia horr\u00edvel, isto \u00e9\u2026","rel":"","context":"In &quot;cotidiano&quot;","img":{"alt_text":"","src":"","width":0,"height":0},"classes":[]},{"id":2252,"url":"https:\/\/marisaono.com\/delicia\/2010\/05\/21\/mousse-de-iogurte-e-morangos\/","url_meta":{"origin":132,"position":1},"title":"Mousse de Iogurte e Morangos","date":"Maio 21, 2010","format":false,"excerpt":"Quando eu era crian\u00e7a queria ganhar um conjunto de Quimica de presente do dia das crian\u00e7as. Como nasci pr\u00f3ximo a essa data, nunca ganhei presente do dia das crian\u00e7as. Bem, tamb\u00e9m n\u00e3o ganhei o tal conjunto no Natal. Hoje me divirto transformando minha cozinha em um laborat\u00f3rio. Na verdade, tem\u2026","rel":"","context":"In &quot;Doces&quot;","img":{"alt_text":"","src":"https:\/\/i1.wp.com\/marisaono.com\/delicia\/wp-content\/uploads\/Mousse-de-Iogurte-e-Morangos.jpg?resize=350%2C200&ssl=1","width":350,"height":200},"classes":[]},{"id":3719,"url":"https:\/\/marisaono.com\/delicia\/2011\/10\/20\/vinagre-nao-e-so-azedo\/","url_meta":{"origin":132,"position":2},"title":"Vinagre N\u00e3o \u00c9 S\u00f3 Azedo","date":"Outubro 20, 2011","format":false,"excerpt":"No post anterior disse que falaria sobre vinagres em outro dia. O motivo de eu adiar o assunto foi \u00a0a mat\u00e9ria do Paladar de hoje. Para quem ainda n\u00e3o leu, aqui vai o link: http:\/\/www.estadao.com.br\/noticias\/suplementos%20paladar,a-mais-fina-acidez,4686,0.htm \u00a0 \u00a0 Na cozinha japonesa o vinagre \u00e9 usado n\u00e3o s\u00f3 no sushi, mas tamb\u00e9m\u2026","rel":"","context":"In &quot;curiosidades&quot;","img":{"alt_text":"","src":"","width":0,"height":0},"classes":[]},{"id":8181,"url":"https:\/\/marisaono.com\/delicia\/2015\/03\/09\/panquecas-de-brocoli\/","url_meta":{"origin":132,"position":3},"title":"Panquecas de Br\u00f3coli","date":"Mar\u00e7o 9, 2015","format":false,"excerpt":"Outro dia publiquei uma receita de panquecas bem fofas com queijo. Gostei tanto que experimentei com br\u00f3coli cozido e picado. O resultado foi muito bom como acompanhamento. S\u00f3 dispensei o cream cheese, aumentei o creme de ricota para 100 gramas e adicionei 1 x\u00edcara de br\u00f3coli cozido e bem picado.\u2026","rel":"","context":"In &quot;acompanhamento&quot;","img":{"alt_text":"","src":"https:\/\/i2.wp.com\/marisaono.com\/delicia\/wp-content\/uploads\/IMG_5492.jpg?resize=350%2C200&ssl=1","width":350,"height":200},"classes":[]},{"id":43,"url":"https:\/\/marisaono.com\/delicia\/2007\/07\/16\/voce-gosta-de-alface\/","url_meta":{"origin":132,"position":4},"title":"Voc\u00ea gosta de alface?","date":"Julho 16, 2007","format":false,"excerpt":"Eu, confesso, n\u00e3o sou muito f\u00e3, n\u00e3o. Sou daquelas que come salada por desencargo de consci\u00eancia.Mas uma das maneiras que gosto de comer alface \u00e9 com carne. Em restaurantes de comida coreana, \u00e9 comum ver os clientes enrolando peda\u00e7os de carne assada na chapa, com uma pasta de pimenta, em\u2026","rel":"","context":"In &quot;cotidiano&quot;","img":{"alt_text":"","src":"","width":0,"height":0},"classes":[]},{"id":2500,"url":"https:\/\/marisaono.com\/delicia\/2010\/07\/24\/amo-uma-porcaria\/","url_meta":{"origin":132,"position":5},"title":"Amo Uma Porcaria&hellip;","date":"Julho 24, 2010","format":false,"excerpt":"Sim, aqui em casa sempre tem porco. At\u00e9 mais do que eu realmente gostaria. Minha m\u00e3e n\u00e3o passa sem um porquinho e dispensa as outras carnes. Sabendo disso, a Bia do Voila\u00e0 (www.voilaa.com.br)\u00a0 mandou-me de presente um baldinho. Eu j\u00e1 vi pururuca seca, mas na banha, em balde, nunca. Ainda\u2026","rel":"","context":"In &quot;carnes.&quot;","img":{"alt_text":"","src":"https:\/\/i1.wp.com\/marisaono.com\/delicia\/wp-content\/uploads\/torresmonabanha.jpg?resize=350%2C200&ssl=1","width":350,"height":200},"classes":[]}],"_links":{"self":[{"href":"https:\/\/marisaono.com\/delicia\/wp-json\/wp\/v2\/posts\/132"}],"collection":[{"href":"https:\/\/marisaono.com\/delicia\/wp-json\/wp\/v2\/posts"}],"about":[{"href":"https:\/\/marisaono.com\/delicia\/wp-json\/wp\/v2\/types\/post"}],"author":[{"embeddable":true,"href":"https:\/\/marisaono.com\/delicia\/wp-json\/wp\/v2\/users\/1"}],"replies":[{"embeddable":true,"href":"https:\/\/marisaono.com\/delicia\/wp-json\/wp\/v2\/comments?post=132"}],"version-history":[{"count":0,"href":"https:\/\/marisaono.com\/delicia\/wp-json\/wp\/v2\/posts\/132\/revisions"}],"wp:attachment":[{"href":"https:\/\/marisaono.com\/delicia\/wp-json\/wp\/v2\/media?parent=132"}],"wp:term":[{"taxonomy":"category","embeddable":true,"href":"https:\/\/marisaono.com\/delicia\/wp-json\/wp\/v2\/categories?post=132"},{"taxonomy":"post_tag","embeddable":true,"href":"https:\/\/marisaono.com\/delicia\/wp-json\/wp\/v2\/tags?post=132"}],"curies":[{"name":"wp","href":"https:\/\/api.w.org\/{rel}","templated":true}]}}