{"id":1477,"date":"2009-07-07T21:13:07","date_gmt":"2009-07-08T00:13:07","guid":{"rendered":"http:\/\/marisaono.com\/delicia\/?p=1477"},"modified":"2012-01-04T16:30:17","modified_gmt":"2012-01-04T19:30:17","slug":"feios-porem-gostosos-de-amendoim","status":"publish","type":"post","link":"https:\/\/marisaono.com\/delicia\/2009\/07\/07\/feios-porem-gostosos-de-amendoim\/","title":{"rendered":"Feios-Por\u00e9m-Gostosos de Amendoim"},"content":{"rendered":"<div class=\"translate_block\" style=\"display: none;\">\n<a class=\"translate_translate\" id=\"translate_button_post-1477\" lang=\"en\" xml:lang=\"en\" href=\"javascript:show_translate_popup('en', 'post', 1477);\">[Translate]<\/a><img src=\"https:\/\/marisaono.com\/delicia\/wp-content\/plugins\/google-ajax-translation\/transparent.gif\" id=\"translate_loading_post-1477\" class=\"translate_loading\" style=\"display: none;\" width=\"16\" height=\"16\" alt=\"\" \/>\n<hr class=\"translate_hr\" \/>\n<\/div>\n<div id=\"content_div-1477\">\n<p><img loading=\"lazy\" decoding=\"async\" class=\"alignnone size-full wp-image-1478\" title=\"feios-porem-gostosos\" src=\"http:\/\/marisaono.com\/delicia\/wp-content\/uploads\/feios-porem-gostosos.jpg\" alt=\"feios-porem-gostosos\" width=\"400\" height=\"300\" srcset=\"https:\/\/marisaono.com\/delicia\/wp-content\/uploads\/feios-porem-gostosos.jpg 400w, https:\/\/marisaono.com\/delicia\/wp-content\/uploads\/feios-porem-gostosos-360x270.jpg 360w, https:\/\/marisaono.com\/delicia\/wp-content\/uploads\/feios-porem-gostosos-150x113.jpg 150w\" sizes=\"(max-width: 400px) 100vw, 400px\" \/><\/p>\n<p>Tomando um expresso no <a href=\"http:\/\/www.zenacaffe.com.br\/\" target=\"_blank\">Zena Caff\u00e9 do Carlos Bertolazzi<\/a>, topei com um\u00a0docinho que h\u00e1 muito n\u00e3o via : o feio-por\u00e9m-gostoso. \u00c9 quase um suspiro, feito com peda\u00e7os de avel\u00e3s tostadas. Estava delicioso, crocante. Voltei 35 anos no tempo e espa\u00e7o (pois \u00e9, estou ficando velha). Na mesma hora me veio a id\u00e9ia de fazer uma vers\u00e3o com um ingrediente brasileiro, t\u00e3o saboroso e intenso quanto a avel\u00e3: o amendoim. Renderam mais de 100 docinhos, que logo sumiram. O pessoal aqui adorou.<\/p>\n<p>500 gramas de amendoim<\/p>\n<p>450 gramas de a\u00e7\u00facar cristal<\/p>\n<p>150 gramas de claras<\/p>\n<p>Torre o amendoim, tire a pele e triture ligeiramente no multiprocessador. \u00c9 para ficar alguns peda\u00e7os maiores, mesmo. Apenas alguns pulsos ser\u00e3o suficientes.<\/p>\n<p>Bata as claras em neve. Junte o a\u00e7\u00facar e o amendoim. Misture.<\/p>\n<p>Leve ao fogo baixo\u00a0em uma panela de fundo grosso. Misture at\u00e9 que a massa ganhe uma cor ligeiramente amarelada e forme uma crosta no fundo. Deixe esfriar um pouco e fa\u00e7a montinhos com uma colher de ch\u00e1, sobre papel-manteiga, deixando um bom espa\u00e7o entre eles, porque crescem.<\/p>\n<p>Leve ao forno pr\u00e9-aquecido, temperatura baixa (cerca de 140 graus). Deixe que assem at\u00e9 crescerem e ficarem dourados. Ainda estar\u00e3o meio pegajosos no centro. Deixe que esfriem na pr\u00f3pria assadeira. Destaque do papel e guarde em um pote bem fechado.<\/p>\n<p>Quanto \u00e0 crosta no fundo da panela, n\u00e3o se desespere. Deixe de molho em \u00e1gua que ela se dissolve com facilidade.<\/p>\n<p>PS: Sim, o Zena Caff\u00e9 \u00e9 um lugar quase t\u00e3o simp\u00e1tico quanto o dono. Espero voltar outro dia, com mais tempo. Dessa vez foi uma passagem bem r\u00e1pida mesmo, s\u00f3 para um caf\u00e9.<\/p>\n<a href=\"https:\/\/www.freetellafriend.com\/tell\/?url=https%3A%2F%2Fmarisaono.com%2Fdelicia%2F2009%2F07%2F07%2Ffeios-porem-gostosos-de-amendoim%2F&title=Feios-Por%C3%A9m-Gostosos+de+Amendoim\" onclick=\"window.open('https:\/\/www.freetellafriend.com\/tell\/?url=https%3A%2F%2Fmarisaono.com%2Fdelicia%2F2009%2F07%2F07%2Ffeios-porem-gostosos-de-amendoim%2F&title=Feios-Por%C3%A9m-Gostosos+de+Amendoim', 'freetellafriend', 'scrollbars=1,menubar=0,width=617,height=530,resizable=1,toolbar=0,location=0,status=0,screenX=210,screenY=100,left=210,top=100'); return false;\" target=\"_blank\" title=\"Share This Post\"><img decoding=\"async\" src=\"http:\/\/marisaono.com\/delicia\/wp-content\/plugins\/tell-a-friend\/button.gif\" style=\"width:127px;height:16px;border:0px;\" alt=\"Share This Post\" title=\"Share This Post\" \/><\/a><\/div>\n","protected":false},"excerpt":{"rendered":"<p>[Translate] Tomando um expresso no Zena Caff\u00e9 do Carlos Bertolazzi, topei com um\u00a0docinho que h\u00e1 muito n\u00e3o via : o feio-por\u00e9m-gostoso. \u00c9 quase um suspiro, feito com peda\u00e7os de avel\u00e3s tostadas. Estava delicioso, crocante. Voltei 35 anos no tempo e &hellip; <a href=\"https:\/\/marisaono.com\/delicia\/2009\/07\/07\/feios-porem-gostosos-de-amendoim\/\">Continuar a ler <span class=\"meta-nav\">&rarr;<\/span><\/a><\/p>\n","protected":false},"author":1,"featured_media":1478,"comment_status":"open","ping_status":"open","sticky":false,"template":"","format":"standard","meta":{"spay_email":"","footnotes":"","jetpack_publicize_message":"","jetpack_is_tweetstorm":false},"categories":[18,20,256],"tags":[234,58,235],"jetpack_featured_media_url":"https:\/\/marisaono.com\/delicia\/wp-content\/uploads\/feios-porem-gostosos.jpg","jetpack_publicize_connections":[],"jetpack_sharing_enabled":true,"jetpack_shortlink":"https:\/\/wp.me\/pccs7-nP","jetpack-related-posts":[{"id":2283,"url":"https:\/\/marisaono.com\/delicia\/2010\/06\/01\/torrone-de-amendoim\/","url_meta":{"origin":1477,"position":0},"title":"Torrone de Amendoim","date":"Junho 1, 2010","format":false,"excerpt":"H\u00e1 muito tempo eu tinha um pacotinho de h\u00f3stias, compradas no Emp\u00f3rio Chiappetta. Foi uma compra por impulso. Quando voltei para casa, n\u00e3o tinha id\u00e9ia do que fazer com elas. Hoje, vendo um punhado de amendoins torrados que j\u00e1 estavam rendendo, mais uma receita de torrone em uma edi\u00e7\u00e3o da\u2026","rel":"","context":"In &quot;curiosidades&quot;","img":{"alt_text":"","src":"https:\/\/i1.wp.com\/marisaono.com\/delicia\/wp-content\/uploads\/Torrone-de-Amendoim.jpg?resize=350%2C200&ssl=1","width":350,"height":200},"classes":[]},{"id":6136,"url":"https:\/\/marisaono.com\/delicia\/2013\/06\/10\/peanuts-nama-choco\/","url_meta":{"origin":1477,"position":1},"title":"Peanuts Nama-choco","date":"Junho 10, 2013","format":false,"excerpt":"Ainda n\u00e3o vi desses docinhos por aqui. Trata-se de uma ganache que \u00e9 gelada, cortada em cubinhos e comida geladinha, mesmo. N\u00e3o me perguntem porque ganha o nome de \"nama-choco\", ou seja, chocolate cru. O fato \u00e9 que \u00e9 gostoso mas assim como trufas e outros doces que levam creme\u2026","rel":"","context":"In &quot;Culin\u00e1ria japonesa&quot;","img":{"alt_text":"","src":"https:\/\/i1.wp.com\/marisaono.com\/delicia\/wp-content\/uploads\/IMG_2432.jpg?resize=350%2C200&ssl=1","width":350,"height":200},"classes":[]},{"id":1498,"url":"https:\/\/marisaono.com\/delicia\/2009\/07\/15\/amendoim-descascado\/","url_meta":{"origin":1477,"position":2},"title":"Amendoim Descascado","date":"Julho 15, 2009","format":false,"excerpt":"Descascar amendoim torrado em casa n\u00e3o chega a ser um problema. Mas para quem mora em um apartamento ou n\u00e3o disp\u00f5e de um quintal, abanar o amendoim em uma peneira \u00e9 um transtorno. H\u00e1 algum tempo vi esse amendoim cru e descascado nos supermercados. Comprei, testei e a aprovei. E\u2026","rel":"","context":"In &quot;produtos.&quot;","img":{"alt_text":"","src":"https:\/\/i2.wp.com\/marisaono.com\/delicia\/wp-content\/uploads\/amendoim-descascado.jpg?resize=350%2C200&ssl=1","width":350,"height":200},"classes":[]},{"id":5097,"url":"https:\/\/marisaono.com\/delicia\/2012\/08\/08\/horenso-burajiru-nuts-ae\/","url_meta":{"origin":1477,"position":3},"title":"Horenso Burajiru-nuts ae","date":"Agosto 8, 2012","format":false,"excerpt":"Ou espinafre japon\u00eas com molho cremoso de castanha-do-Par\u00e1. Ah, algu\u00e9m vai dizer que castanha-do-Par\u00e1 n\u00e3o \u00e9 ingrediente da culin\u00e1ria japonesa. N\u00e3o, n\u00e3o \u00e9, mas um dia poder\u00e1 ser, assim como o amendoim, a batata-doce e outros tantos que \u00a0foram daqui para l\u00e1. Na verdade \u00e9 uma varia\u00e7\u00e3o do horenso goma-ae,\u2026","rel":"","context":"In &quot;Entrada&quot;","img":{"alt_text":"","src":"https:\/\/i1.wp.com\/marisaono.com\/delicia\/wp-content\/uploads\/IMG_0584.jpg?resize=350%2C200&ssl=1","width":350,"height":200},"classes":[]},{"id":7497,"url":"https:\/\/marisaono.com\/delicia\/2014\/06\/10\/warabi-mochi-2\/","url_meta":{"origin":1477,"position":4},"title":"Warabi Mochi","date":"Junho 10, 2014","format":false,"excerpt":"J\u00e1 publiquei uma receita de warabi mochi, um pouco diferente. \u00c9 gostosa mas um pouco mais trabalhosa. A textura da outra \u00e9 mais firme, mais \"jujubenta\" e eu gosto. Desta \u00e9 mais branda. Minha m\u00e3e gostou mais desta. De qualquer forma, warabi mochi \u00e9 um docinho leve, que \u00e9 para\u2026","rel":"","context":"In &quot;Culin\u00e1ria japonesa&quot;","img":{"alt_text":"","src":"https:\/\/i0.wp.com\/marisaono.com\/delicia\/wp-content\/uploads\/IMG_4564.jpg?resize=350%2C200&ssl=1","width":350,"height":200},"classes":[]},{"id":9911,"url":"https:\/\/marisaono.com\/delicia\/2018\/10\/30\/quadrados-de-chocolate-com-pasta-de-amendoim\/","url_meta":{"origin":1477,"position":5},"title":"Quadrados de Chocolate com Pasta de Amendoim","date":"Outubro 30, 2018","format":false,"excerpt":"Sabe quando d\u00e1 vontade de comer um doce com chocolate, mas n\u00e3o tem chocolate em barra? N\u00e3o \u00e9 bem um brownie, mas \u00e9 um bolo mais denso e \u00famido. A pasta de amendoim, com um pouco de sal, d\u00e1 um toque diferente e rico. E o bom \u00e9 que n\u00e3o\u2026","rel":"","context":"In &quot;Doces&quot;","img":{"alt_text":"","src":"https:\/\/i1.wp.com\/marisaono.com\/delicia\/wp-content\/uploads\/IMG_1523.jpg?resize=350%2C200&ssl=1","width":350,"height":200},"classes":[]}],"_links":{"self":[{"href":"https:\/\/marisaono.com\/delicia\/wp-json\/wp\/v2\/posts\/1477"}],"collection":[{"href":"https:\/\/marisaono.com\/delicia\/wp-json\/wp\/v2\/posts"}],"about":[{"href":"https:\/\/marisaono.com\/delicia\/wp-json\/wp\/v2\/types\/post"}],"author":[{"embeddable":true,"href":"https:\/\/marisaono.com\/delicia\/wp-json\/wp\/v2\/users\/1"}],"replies":[{"embeddable":true,"href":"https:\/\/marisaono.com\/delicia\/wp-json\/wp\/v2\/comments?post=1477"}],"version-history":[{"count":3,"href":"https:\/\/marisaono.com\/delicia\/wp-json\/wp\/v2\/posts\/1477\/revisions"}],"predecessor-version":[{"id":1480,"href":"https:\/\/marisaono.com\/delicia\/wp-json\/wp\/v2\/posts\/1477\/revisions\/1480"}],"wp:featuredmedia":[{"embeddable":true,"href":"https:\/\/marisaono.com\/delicia\/wp-json\/wp\/v2\/media\/1478"}],"wp:attachment":[{"href":"https:\/\/marisaono.com\/delicia\/wp-json\/wp\/v2\/media?parent=1477"}],"wp:term":[{"taxonomy":"category","embeddable":true,"href":"https:\/\/marisaono.com\/delicia\/wp-json\/wp\/v2\/categories?post=1477"},{"taxonomy":"post_tag","embeddable":true,"href":"https:\/\/marisaono.com\/delicia\/wp-json\/wp\/v2\/tags?post=1477"}],"curies":[{"name":"wp","href":"https:\/\/api.w.org\/{rel}","templated":true}]}}