{"id":1489,"date":"2009-07-09T18:54:09","date_gmt":"2009-07-09T21:54:09","guid":{"rendered":"http:\/\/marisaono.com\/delicia\/?p=1489"},"modified":"2009-07-09T18:54:09","modified_gmt":"2009-07-09T21:54:09","slug":"dez-contos-de-terror-e","status":"publish","type":"post","link":"https:\/\/marisaono.com\/delicia\/2009\/07\/09\/dez-contos-de-terror-e\/","title":{"rendered":"Dez Contos de Terror e"},"content":{"rendered":"<div class=\"translate_block\" style=\"display: none;\">\n<a class=\"translate_translate\" id=\"translate_button_post-1489\" lang=\"en\" xml:lang=\"en\" href=\"javascript:show_translate_popup('en', 'post', 1489);\">[Translate]<\/a><img src=\"https:\/\/marisaono.com\/delicia\/wp-content\/plugins\/google-ajax-translation\/transparent.gif\" id=\"translate_loading_post-1489\" class=\"translate_loading\" style=\"display: none;\" width=\"16\" height=\"16\" alt=\"\" \/>\n<hr class=\"translate_hr\" \/>\n<\/div>\n<div id=\"content_div-1489\">\n<p><strong>Bia Braune<\/strong> est\u00e1 com um conto publicado na antologia Dez Contos de Terror da Editora Mirabolantes. O lan\u00e7amento do livro ser\u00e1 no dia 28 de julho (ter\u00e7a-feira), \u00e0s 19 horas, no Bar Desacatto (Leblon). Para quem n\u00e3o a conhece, ela \u00e9 tamb\u00e9m autora do Almanaque da TV.<\/p>\n<p><strong>Fl\u00e1vio Medeiros<\/strong> est\u00e1 tamb\u00e9m lan\u00e7ado\u00a0um livro novo, escrito a v\u00e1rias m\u00e3os: Steampunk. O lan\u00e7amento ser\u00e1 no dia 26 de julho, \u00e0s 11:00hs, na Biblioteca de Literatura Fant\u00e1stica Viriato Correa, rua Sena Madureira 298 &#8211; Vila Mariana &#8211; SP. J\u00e1 a venda pela <a href=\"http:\/\/www.tarjalivros.com.br\/detalheprod.asp?produto=39\" target=\"_blank\">Tarja Livros<\/a>.<\/p>\n<p>\u00a0<\/p>\n<div><strong><\/strong><\/div>\n<a href=\"https:\/\/www.freetellafriend.com\/tell\/?url=https%3A%2F%2Fmarisaono.com%2Fdelicia%2F2009%2F07%2F09%2Fdez-contos-de-terror-e%2F&title=Dez+Contos+de+Terror+e\" onclick=\"window.open('https:\/\/www.freetellafriend.com\/tell\/?url=https%3A%2F%2Fmarisaono.com%2Fdelicia%2F2009%2F07%2F09%2Fdez-contos-de-terror-e%2F&title=Dez+Contos+de+Terror+e', 'freetellafriend', 'scrollbars=1,menubar=0,width=617,height=530,resizable=1,toolbar=0,location=0,status=0,screenX=210,screenY=100,left=210,top=100'); return false;\" target=\"_blank\" title=\"Share This Post\"><img decoding=\"async\" src=\"http:\/\/marisaono.com\/delicia\/wp-content\/plugins\/tell-a-friend\/button.gif\" style=\"width:127px;height:16px;border:0px;\" alt=\"Share This Post\" title=\"Share This Post\" \/><\/a><\/div>\n","protected":false},"excerpt":{"rendered":"<p>[Translate] Bia Braune est\u00e1 com um conto publicado na antologia Dez Contos de Terror da Editora Mirabolantes. O lan\u00e7amento do livro ser\u00e1 no dia 28 de julho (ter\u00e7a-feira), \u00e0s 19 horas, no Bar Desacatto (Leblon). Para quem n\u00e3o a conhece, &hellip; <a href=\"https:\/\/marisaono.com\/delicia\/2009\/07\/09\/dez-contos-de-terror-e\/\">Continuar a ler <span class=\"meta-nav\">&rarr;<\/span><\/a><\/p>\n","protected":false},"author":1,"featured_media":0,"comment_status":"open","ping_status":"open","sticky":false,"template":"","format":"standard","meta":{"spay_email":"","footnotes":"","jetpack_publicize_message":"","jetpack_is_tweetstorm":false},"categories":[14],"tags":[239,84],"jetpack_featured_media_url":"","jetpack_publicize_connections":[],"jetpack_sharing_enabled":true,"jetpack_shortlink":"https:\/\/wp.me\/pccs7-o1","jetpack-related-posts":[{"id":7658,"url":"https:\/\/marisaono.com\/delicia\/2014\/08\/11\/pre-lancamento-do-livro-izakaya-de-jo-takahashi\/","url_meta":{"origin":1489,"position":0},"title":"Pr\u00e9-lan\u00e7amento do Livro Izakaya de Jo Takahashi","date":"Agosto 11, 2014","format":false,"excerpt":"Na verdade era para ser uma festa de anivers\u00e1rio surpresa. Depois virou uma festa de anivers\u00e1rio sem ser surpresa com uma comemora\u00e7\u00e3o pela realiza\u00e7\u00e3o dos eventos que envolveram a vinda do Primeiro Ministro japon\u00eas. No final, depois de muita comida boa e boa bebida, virou um pr\u00e9-lan\u00e7amento do livro Izakaya\u2026","rel":"","context":"In &quot;Culin\u00e1ria japonesa&quot;","img":{"alt_text":"","src":"https:\/\/i2.wp.com\/marisaono.com\/delicia\/wp-content\/uploads\/IMG_4930.jpg?resize=350%2C200&ssl=1","width":350,"height":200},"classes":[]},{"id":528,"url":"https:\/\/marisaono.com\/delicia\/2008\/07\/13\/lancamento-de-livro\/","url_meta":{"origin":1489,"position":1},"title":"Lan\u00e7amento de Livro","date":"Julho 13, 2008","format":false,"excerpt":"A Jeanne Callegari est\u00e1 lan\u00e7ando um livro: Caio Fernando Abreu - invent\u00e1rio de um escritor irremedi\u00e1vel, de Jeanne Callegari Local: Livraria da Vila (tel. 3062 1063) Al. Lorena, 1731, Jardins, S\u00e3o Paulo Data: 29\/07\/2008 Hor\u00e1rio: das 19h \u00e0s 22h Mais informa\u00e7\u00f5es no blog dela: http:\/\/jeannecallegari.wordpress.com\/ Recebi o convite mas, infelizmente,\u2026","rel":"","context":"In &quot;cotidiano&quot;","img":{"alt_text":"","src":"https:\/\/i1.wp.com\/marisaono.com\/delicia\/wp-content\/plugins\/hot-linked-image-cacher\/upload\/jeannecallegari.files.wordpress.com\/2008\/07\/convite_caio2.jpg?resize=350%2C200","width":350,"height":200},"classes":[]},{"id":5896,"url":"https:\/\/marisaono.com\/delicia\/2013\/03\/24\/o-livro-o-cha\/","url_meta":{"origin":1489,"position":2},"title":"O Livro \"O Ch\u00e1\"","date":"Mar\u00e7o 24, 2013","format":false,"excerpt":"H\u00e1 pouco mais de uma semana recebi um pacote da Cristina Ruiz. Conhe\u00e7o-a h\u00e1 talvez 18 anos sem nunca t\u00ea-la visto. Durante muito tempo conversamos madrugada adentro (no meu caso, tardes de s\u00e1bado). Depois perdemos um pouco o contato. Soube do lan\u00e7amento do livro e at\u00e9 iria na noite de\u2026","rel":"","context":"In &quot;produtos.&quot;","img":{"alt_text":"","src":"https:\/\/i0.wp.com\/marisaono.com\/delicia\/wp-content\/uploads\/IMG_1908.jpg?resize=350%2C200&ssl=1","width":350,"height":200},"classes":[]},{"id":9570,"url":"https:\/\/marisaono.com\/delicia\/2017\/06\/28\/batida-na-escadaria-no-dia-08-de-julho\/","url_meta":{"origin":1489,"position":3},"title":"Batida na Escadaria no dia 08 de Julho","date":"Junho 28, 2017","format":false,"excerpt":"No dia 08 de julho estarei na\u00a0Rua Alves Guimar\u00e3es, 766 (Pinheiros) a partir das 12 horas, com miso, conservas, geleias, defumados e outras coisas.\u00a0Al\u00e9m de mim estar\u00e3o:\u00a0Checho Gonzales, da Comedoria Gonzales, com cevichesDaniela Bravin e C\u00e1ssia Campos com vinhos em ta\u00e7as ou garrafasG\u00fcnter Sarfert, com drinquesLigia Karasawa do Brace, no\u2026","rel":"","context":"In &quot;Lugares&quot;","img":{"alt_text":"","src":"","width":0,"height":0},"classes":[]},{"id":11022,"url":"https:\/\/marisaono.com\/delicia\/2020\/08\/31\/molho-branco-com-maizena\/","url_meta":{"origin":1489,"position":4},"title":"Molho Branco Com Maizena?","date":"Agosto 31, 2020","format":false,"excerpt":"Sim, eu sei que muita gente se horroriza com molho branco feito com amido de milho. Dir\u00e3o que o correto \u00e9 usar uma mistura de farinha e manteiga. Mas como eu adoro uma pol\u00eamica, vamos l\u00e1: Tenho um livreto de receitas com a data de 6 de julho de 1949.\u2026","rel":"","context":"In &quot;curiosidades&quot;","img":{"alt_text":"","src":"https:\/\/i0.wp.com\/marisaono.com\/delicia\/wp-content\/uploads\/Capa-livreto-Maizena.jpg?resize=350%2C200&ssl=1","width":350,"height":200},"classes":[]},{"id":8199,"url":"https:\/\/marisaono.com\/delicia\/2015\/03\/17\/pao-nosso\/","url_meta":{"origin":1489,"position":5},"title":"P\u00e3o Nosso","date":"Mar\u00e7o 17, 2015","format":false,"excerpt":"Tem gente que gosta de fazer p\u00e3o. Eu, por exemplo. A Neide Rigo. A Nina Mori. E o Luiz Am\u00e9rico Camargo. Porqu\u00ea? O prazer de amassar, dar forma, ver crescer talvez justifique. O aroma de p\u00e3o assando, a crosta crocante do p\u00e3o quente, o sabor dele fresco tamb\u00e9m. Mas isso\u2026","rel":"","context":"In &quot;dicas&quot;","img":{"alt_text":"","src":"https:\/\/i0.wp.com\/marisaono.com\/delicia\/wp-content\/uploads\/IMG_5517.jpg?resize=350%2C200&ssl=1","width":350,"height":200},"classes":[]}],"_links":{"self":[{"href":"https:\/\/marisaono.com\/delicia\/wp-json\/wp\/v2\/posts\/1489"}],"collection":[{"href":"https:\/\/marisaono.com\/delicia\/wp-json\/wp\/v2\/posts"}],"about":[{"href":"https:\/\/marisaono.com\/delicia\/wp-json\/wp\/v2\/types\/post"}],"author":[{"embeddable":true,"href":"https:\/\/marisaono.com\/delicia\/wp-json\/wp\/v2\/users\/1"}],"replies":[{"embeddable":true,"href":"https:\/\/marisaono.com\/delicia\/wp-json\/wp\/v2\/comments?post=1489"}],"version-history":[{"count":2,"href":"https:\/\/marisaono.com\/delicia\/wp-json\/wp\/v2\/posts\/1489\/revisions"}],"predecessor-version":[{"id":1491,"href":"https:\/\/marisaono.com\/delicia\/wp-json\/wp\/v2\/posts\/1489\/revisions\/1491"}],"wp:attachment":[{"href":"https:\/\/marisaono.com\/delicia\/wp-json\/wp\/v2\/media?parent=1489"}],"wp:term":[{"taxonomy":"category","embeddable":true,"href":"https:\/\/marisaono.com\/delicia\/wp-json\/wp\/v2\/categories?post=1489"},{"taxonomy":"post_tag","embeddable":true,"href":"https:\/\/marisaono.com\/delicia\/wp-json\/wp\/v2\/tags?post=1489"}],"curies":[{"name":"wp","href":"https:\/\/api.w.org\/{rel}","templated":true}]}}