{"id":1492,"date":"2009-07-12T15:35:29","date_gmt":"2009-07-12T18:35:29","guid":{"rendered":"http:\/\/marisaono.com\/delicia\/?p=1492"},"modified":"2013-01-28T17:48:30","modified_gmt":"2013-01-28T20:48:30","slug":"pao-sovado","status":"publish","type":"post","link":"https:\/\/marisaono.com\/delicia\/2009\/07\/12\/pao-sovado\/","title":{"rendered":"P\u00e3o Sovado"},"content":{"rendered":"<div class=\"translate_block\" style=\"display: none;\">\n<a class=\"translate_translate\" id=\"translate_button_post-1492\" lang=\"en\" xml:lang=\"en\" href=\"javascript:show_translate_popup('en', 'post', 1492);\">[Translate]<\/a><img src=\"https:\/\/marisaono.com\/delicia\/wp-content\/plugins\/google-ajax-translation\/transparent.gif\" id=\"translate_loading_post-1492\" class=\"translate_loading\" style=\"display: none;\" width=\"16\" height=\"16\" alt=\"\" \/>\n<hr class=\"translate_hr\" \/>\n<\/div>\n<div id=\"content_div-1492\">\n<p><img loading=\"lazy\" decoding=\"async\" class=\"alignnone size-full wp-image-1494\" title=\"pao-sovado\" src=\"http:\/\/marisaono.com\/delicia\/wp-content\/uploads\/pao-sovado.jpg\" alt=\"pao-sovado\" width=\"400\" height=\"300\" srcset=\"https:\/\/marisaono.com\/delicia\/wp-content\/uploads\/pao-sovado.jpg 400w, https:\/\/marisaono.com\/delicia\/wp-content\/uploads\/pao-sovado-360x270.jpg 360w, https:\/\/marisaono.com\/delicia\/wp-content\/uploads\/pao-sovado-150x113.jpg 150w\" sizes=\"(max-width: 400px) 100vw, 400px\" \/><\/p>\n<p>Conheci o P\u00e3o Sovado em Londrina, mais exatamente na padaria do extinto supermercado Fuganti. H\u00e1 pouco tinha sa\u00eddo do Rio de Janeiro e muita coisa no Paran\u00e1 era estranha para mim. Acostumada com a bisnaga leve e de c\u00f4dea crocante ou a broa de milho redonda, com miolo denso, achei curioso o formato e a textura desse p\u00e3o. S\u00f3 muito tempo depois fui saber que n\u00e3o era nada novo. Um amigo da fam\u00edlia contou-me que na inf\u00e2ncia dele, passada na zona rural do Paran\u00e1, p\u00e3o era um luxo. O \u00fanico p\u00e3o que aparecia &#8211; e nem era com muita frequ\u00eancia &#8211; na loja do patrim\u00f4nio pr\u00f3ximo, era o p\u00e3o sovado, (tamb\u00e9m chamado de &#8220;p\u00e3o tatu&#8221; em alguns lugares). O p\u00e3ozinho s\u00f3 foi conhecer anos mais tarde, na cidade. Outro p\u00e3o que consumiam, sobretudo no per\u00edodo da Segunda Guerra Mundial era o p\u00e3o seco. Este, na Hist\u00f3ria do Brasil, \u00e9 mais antigo ainda; consta que faziam parte da ra\u00e7\u00e3o dos marinheiros que vieram nas caravelas do Descobrimento.<\/p>\n<p>Da d\u00e9cada de 40 at\u00e9 hoje, muita coisa mudou. A panifica\u00e7\u00e3o n\u00e3o ficou de lado. T\u00e9cnicas, equipamentos e produtos foram desenvolvidos. Embora ainda existam padarias que trabalhem com os fornos de lenha e com um processo artesanal, a grande maioria prefere n\u00e3o correr riscos. Fornos \u00e0 g\u00e1s ou el\u00e9tricos permitem um controle melhor da temperatura enquanto estufas otimizam o tempo de fermenta\u00e7\u00e3o. Batedeiras e masseiras fazem o trabalho pesado de sovar a massa. Aditivos como melhoradores e emulsificantes garantem textura e\u00a0 aumentam a vida de prateleira. Cada vez menos um padeiro se submete aos caprichos do clima. A exemplo de outros pa\u00edses, a ind\u00fastria da panifica\u00e7\u00e3o cresceu. Da d\u00e9cada de 70 para c\u00e1, v\u00e1rias marcas surgiram e gra\u00e7as a um sistema de distribui\u00e7\u00e3o cada vez mais eficiente, seus produtos chegam a diferentes estados do pa\u00eds. Isso implicaria em uma uniformiza\u00e7\u00e3o do paladar? Dif\u00edcil dizer.<\/p>\n<p>Foi na d\u00e9cada de 80 que ouvi, pela primeira vez, a palavra &#8220;boulangerie&#8221;. Referia-se a uma boutique de p\u00e3es, aberta no hall de um hotel em Curitiba. Foi l\u00e1 que vi, pela primeira vez, p\u00e3es cobertos com gergelim, outros feitos com centeio, lindos. E o Brasil descobriu que o brasileiro queria mais. Quer\u00edamos brioches, croissants, ciabattas, focaccias. E elas vieram, bem ou mal feitas, em boulangeries ou padarias, em supermercados e em caf\u00e9s, lanchonetes, restaurantes. Eu n\u00e3o acompanhei esse crescimento, j\u00e1 que passei a d\u00e9cada de 90 no Jap\u00e3o. Soube, atrav\u00e9s de poucas revistas que chegavam a mim, que um mo\u00e7o muito bonito estava fazendo sucesso no Rio, fazendo p\u00e3es. Chamava-se Olivier Anquier. Hoje temos p\u00e3es de origem francesa, italiana, inglesa e at\u00e9 chinesa e japonesa convivendo lado a lado na nossa mesa. Sem d\u00favida, nunca tivemos tanta variedade de op\u00e7\u00f5es quanto agora.<\/p>\n<p>E o p\u00e3o sovado sobreviveu a tudo isso. E o que h\u00e1 de especial nele? \u00c9 um p\u00e3o denso, que d\u00e1 uma sensa\u00e7\u00e3o de saciedade, dura alguns dias sem ressecar e \u00e9 saboroso. A origem? Eu realmente n\u00e3o sei. N\u00e3o afirmo com seguran\u00e7a que \u00e9 de origem francesa ou portuguesa. Na verdade, n\u00e3o h\u00e1 nada da especial na massa, e sim no m\u00e9todo. Para conseguir essa textura firme, \u00e9 preciso cilindrar a massa at\u00e9 que ela fique bem lisa. Abrir a massa com um rolo n\u00e3o funciona t\u00e3o bem.<\/p>\n<p>400 ml de leite<\/p>\n<p>8 gramas de sal<\/p>\n<p>40 gramas de a\u00e7\u00facar<\/p>\n<p>3 ovos<\/p>\n<p>40 gramas de banha<\/p>\n<p>8 gramas de melhorador<\/p>\n<p>6 gramas de fermento biol\u00f3gico granulado<\/p>\n<p>750 gramas de farinha de trigo<\/p>\n<p>Misture os ovos, leite, sal, a\u00e7\u00facar e banha. Misture o melhorador e o fermento \u00e0 farinha. Adicione a mistura de leite e sove bem. A massa dever\u00e1 ser firme, que n\u00e3o gruda nas m\u00e3os. Ou use a m\u00e1quina de fazer p\u00e3o ou uma batedeira com\u00a0o gancho para massas.<\/p>\n<p>Deixe fermentar at\u00e9 dobrar de volume. Divida a massa em duas por\u00e7\u00f5es e passe cada por\u00e7\u00e3o pelo cilindro, polvilhando com farinha a cada volta, tornando a dobrar e cilindrar quantas vezes necess\u00e1rio, at\u00e9 que a massa fique com uma apar\u00eancia lisa.\u00a0 Abra ent\u00e3o em 1 cm de espessura e enrole bem apertado, evitando que fiquem bolhas de ar no interior.<\/p>\n<p>Deixe crescer at\u00e9 dobrar de volume. Pincele com gema de ovo batido com um pouco de a\u00e7\u00facar. Fa\u00e7a cortes transversais e um ao longo do p\u00e3o, dando o formato caracter\u00edstico. Leve ao forno pr\u00e9-aquecido, bem quente.\u00a0 Depois de 10 minutos abaixe um pouco a temperatura e termine de assar.<\/p>\n<p>Rende 2 p\u00e3es grandes, com cerca de 600 gramas cada.<\/p>\n<a href=\"https:\/\/www.freetellafriend.com\/tell\/?url=https%3A%2F%2Fmarisaono.com%2Fdelicia%2F2009%2F07%2F12%2Fpao-sovado%2F&title=P%C3%A3o+Sovado\" onclick=\"window.open('https:\/\/www.freetellafriend.com\/tell\/?url=https%3A%2F%2Fmarisaono.com%2Fdelicia%2F2009%2F07%2F12%2Fpao-sovado%2F&title=P%C3%A3o+Sovado', 'freetellafriend', 'scrollbars=1,menubar=0,width=617,height=530,resizable=1,toolbar=0,location=0,status=0,screenX=210,screenY=100,left=210,top=100'); return false;\" target=\"_blank\" title=\"Share This Post\"><img decoding=\"async\" src=\"http:\/\/marisaono.com\/delicia\/wp-content\/plugins\/tell-a-friend\/button.gif\" style=\"width:127px;height:16px;border:0px;\" alt=\"Share This Post\" title=\"Share This Post\" \/><\/a><\/div>\n","protected":false},"excerpt":{"rendered":"<p>[Translate] Conheci o P\u00e3o Sovado em Londrina, mais exatamente na padaria do extinto supermercado Fuganti. H\u00e1 pouco tinha sa\u00eddo do Rio de Janeiro e muita coisa no Paran\u00e1 era estranha para mim. Acostumada com a bisnaga leve e de c\u00f4dea &hellip; <a href=\"https:\/\/marisaono.com\/delicia\/2009\/07\/12\/pao-sovado\/\">Continuar a ler <span class=\"meta-nav\">&rarr;<\/span><\/a><\/p>\n","protected":false},"author":1,"featured_media":1494,"comment_status":"open","ping_status":"open","sticky":false,"template":"","format":"standard","meta":{"spay_email":"","footnotes":"","jetpack_publicize_message":"","jetpack_is_tweetstorm":false},"categories":[232,26],"tags":[138,111],"jetpack_featured_media_url":"https:\/\/marisaono.com\/delicia\/wp-content\/uploads\/pao-sovado.jpg","jetpack_publicize_connections":[],"jetpack_sharing_enabled":true,"jetpack_shortlink":"https:\/\/wp.me\/pccs7-o4","jetpack-related-posts":[{"id":10951,"url":"https:\/\/marisaono.com\/delicia\/2020\/04\/22\/video-pao-de-fermentacao-natural-sem-sova\/","url_meta":{"origin":1492,"position":0},"title":"Video: P\u00e3o de Fermenta\u00e7\u00e3o Natural Sem Sova","date":"Abril 22, 2020","format":false,"excerpt":"Quem fez o fermento natural que ensinei outro dia? Pois ent\u00e3o j\u00e1 deve de estar no ponto para fazer um p\u00e3o com ele. O melhor da receita \u00e9 que n\u00e3o precisa de sova. Ou seja, voc\u00ea n\u00e3o vai se matar amassando, nem vai maltratar sua batedeira e nem precisa sair\u2026","rel":"","context":"In &quot;F\u00e1cil&quot;","img":{"alt_text":"","src":"https:\/\/i2.wp.com\/img.youtube.com\/vi\/ZpMK14bSxcU\/0.jpg?resize=350%2C200","width":350,"height":200},"classes":[]},{"id":2115,"url":"https:\/\/marisaono.com\/delicia\/2010\/04\/03\/outro-pao-sem-sovar\/","url_meta":{"origin":1492,"position":1},"title":"Outro P\u00e3o Sem Sovar","date":"Abril 3, 2010","format":false,"excerpt":"O p\u00e3o que n\u00e3o exige sova fez sucesso e percebi que muita gente n\u00e3o faz p\u00e3o porque n\u00e3o tem tempo nem energia para sovar uma massa. Um m\u00e1quina de fazer p\u00e3o ajuda, assim como batedeiras valentes. Mas resolvi fazer outro p\u00e3o que tamb\u00e9m n\u00e3o exige sova, \u00e9 muito f\u00e1cil e\u2026","rel":"","context":"In &quot;F\u00e1cil&quot;","img":{"alt_text":"","src":"https:\/\/i1.wp.com\/marisaono.com\/delicia\/wp-content\/uploads\/P\u00e3o-Bolo-sem-Sovar.jpg?resize=350%2C200&ssl=1","width":350,"height":200},"classes":[]},{"id":2068,"url":"https:\/\/marisaono.com\/delicia\/2010\/03\/15\/pao-sem-sovar\/","url_meta":{"origin":1492,"position":2},"title":"P\u00e3o Sem Sovar","date":"Mar\u00e7o 15, 2010","format":false,"excerpt":"Existem coisas t\u00e3o geniais em sua simplicidade que a gente fica se perguntando como ningu\u00e9m pensou nisso antes. Uma vez feito, parece \u00f3bvio. \u00c9 o caso desse p\u00e3o, que n\u00e3o precisa ser sovado, n\u00e3o exige muitos ingredientes, n\u00e3o precisa ser assado em um forno maravilhoso e fica com apar\u00eancia, textura\u2026","rel":"","context":"In &quot;curiosidades&quot;","img":{"alt_text":"","src":"https:\/\/i0.wp.com\/marisaono.com\/delicia\/wp-content\/uploads\/no-knead-bread-1.jpg?resize=350%2C200&ssl=1","width":350,"height":200},"classes":[]},{"id":11051,"url":"https:\/\/marisaono.com\/delicia\/2020\/09\/28\/pao-de-hokkaido-sem-sova\/","url_meta":{"origin":1492,"position":3},"title":"P\u00e3o de Hokkaido Sem Sova","date":"Setembro 28, 2020","format":false,"excerpt":"Outro dia publiquei uma receita de p\u00e3o de Hokkaido, ou seja, um p\u00e3o de forma \u00e0 base de leite e manteiga, fofo por\u00e9m firme suficiente para render uns bons sandu\u00edches. Pois bem, agora \u00e9 a vez da receita desse p\u00e3o sem sova. Isso mesmo. Nada de m\u00e1quina de p\u00e3o ou\u2026","rel":"","context":"In &quot;massas&quot;","img":{"alt_text":"","src":"https:\/\/i1.wp.com\/img.youtube.com\/vi\/4ol3lf3wAMY\/0.jpg?resize=350%2C200","width":350,"height":200},"classes":[]},{"id":7227,"url":"https:\/\/marisaono.com\/delicia\/2014\/03\/20\/pao-sem-sovar-e-sem-panela-especial\/","url_meta":{"origin":1492,"position":4},"title":"P\u00e3o Sem Sovar E Sem Panela Especial","date":"Mar\u00e7o 20, 2014","format":false,"excerpt":"J\u00e1 falei sobre o p\u00e3o sem sovar, muita gente, ali\u00e1s, j\u00e1 escreveu sobre essa t\u00e9cnica de fazer um p\u00e3o sem usar uma batedeira, m\u00e1quina de p\u00e3o ou muque. Volto a escrever sobre ele por causa da Van\u00eassa, que queria fazer o p\u00e3o mas se deu conta que n\u00e3o tem uma\u2026","rel":"","context":"In &quot;F\u00e1cil&quot;","img":{"alt_text":"","src":"https:\/\/i2.wp.com\/marisaono.com\/delicia\/wp-content\/uploads\/IMG_4266.jpg?resize=350%2C200&ssl=1","width":350,"height":200},"classes":[]},{"id":11029,"url":"https:\/\/marisaono.com\/delicia\/2020\/09\/07\/pao-de-hokkaido\/","url_meta":{"origin":1492,"position":5},"title":"P\u00e3o de Hokkaido","date":"Setembro 7, 2020","format":false,"excerpt":"Aqui no Brasil, p\u00e3o de Hokkaido \u00e9 sin\u00f4nimo de p\u00e3o de forma com leite, macio por\u00e9m resistente. Ele n\u00e3o esfarela ao ser partido no meio. J\u00e1 para o japon\u00eas, Hokkaido \u00e9 uma ilha e prov\u00edncia ao norte, famosa por seu inverno rigoroso e pela qualidade do seu leite e derivados,\u2026","rel":"","context":"In &quot;Culin\u00e1ria japonesa&quot;","img":{"alt_text":"","src":"https:\/\/i1.wp.com\/img.youtube.com\/vi\/5KQQ1cKQcuw\/0.jpg?resize=350%2C200","width":350,"height":200},"classes":[]}],"_links":{"self":[{"href":"https:\/\/marisaono.com\/delicia\/wp-json\/wp\/v2\/posts\/1492"}],"collection":[{"href":"https:\/\/marisaono.com\/delicia\/wp-json\/wp\/v2\/posts"}],"about":[{"href":"https:\/\/marisaono.com\/delicia\/wp-json\/wp\/v2\/types\/post"}],"author":[{"embeddable":true,"href":"https:\/\/marisaono.com\/delicia\/wp-json\/wp\/v2\/users\/1"}],"replies":[{"embeddable":true,"href":"https:\/\/marisaono.com\/delicia\/wp-json\/wp\/v2\/comments?post=1492"}],"version-history":[{"count":4,"href":"https:\/\/marisaono.com\/delicia\/wp-json\/wp\/v2\/posts\/1492\/revisions"}],"predecessor-version":[{"id":1497,"href":"https:\/\/marisaono.com\/delicia\/wp-json\/wp\/v2\/posts\/1492\/revisions\/1497"}],"wp:featuredmedia":[{"embeddable":true,"href":"https:\/\/marisaono.com\/delicia\/wp-json\/wp\/v2\/media\/1494"}],"wp:attachment":[{"href":"https:\/\/marisaono.com\/delicia\/wp-json\/wp\/v2\/media?parent=1492"}],"wp:term":[{"taxonomy":"category","embeddable":true,"href":"https:\/\/marisaono.com\/delicia\/wp-json\/wp\/v2\/categories?post=1492"},{"taxonomy":"post_tag","embeddable":true,"href":"https:\/\/marisaono.com\/delicia\/wp-json\/wp\/v2\/tags?post=1492"}],"curies":[{"name":"wp","href":"https:\/\/api.w.org\/{rel}","templated":true}]}}