{"id":1498,"date":"2009-07-15T21:27:12","date_gmt":"2009-07-16T00:27:12","guid":{"rendered":"http:\/\/marisaono.com\/delicia\/?p=1498"},"modified":"2009-07-15T21:27:12","modified_gmt":"2009-07-16T00:27:12","slug":"amendoim-descascado","status":"publish","type":"post","link":"https:\/\/marisaono.com\/delicia\/2009\/07\/15\/amendoim-descascado\/","title":{"rendered":"Amendoim Descascado"},"content":{"rendered":"<div class=\"translate_block\" style=\"display: none;\">\n<a class=\"translate_translate\" id=\"translate_button_post-1498\" lang=\"en\" xml:lang=\"en\" href=\"javascript:show_translate_popup('en', 'post', 1498);\">[Translate]<\/a><img src=\"https:\/\/marisaono.com\/delicia\/wp-content\/plugins\/google-ajax-translation\/transparent.gif\" id=\"translate_loading_post-1498\" class=\"translate_loading\" style=\"display: none;\" width=\"16\" height=\"16\" alt=\"\" \/>\n<hr class=\"translate_hr\" \/>\n<\/div>\n<div id=\"content_div-1498\">\n<p><img loading=\"lazy\" decoding=\"async\" class=\"alignnone size-full wp-image-1499\" title=\"amendoim-descascado\" src=\"http:\/\/marisaono.com\/delicia\/wp-content\/uploads\/amendoim-descascado.jpg\" alt=\"amendoim-descascado\" width=\"400\" height=\"300\" srcset=\"https:\/\/marisaono.com\/delicia\/wp-content\/uploads\/amendoim-descascado.jpg 400w, https:\/\/marisaono.com\/delicia\/wp-content\/uploads\/amendoim-descascado-360x270.jpg 360w, https:\/\/marisaono.com\/delicia\/wp-content\/uploads\/amendoim-descascado-150x113.jpg 150w\" sizes=\"(max-width: 400px) 100vw, 400px\" \/><\/p>\n<p>Descascar amendoim torrado em casa n\u00e3o chega a ser um problema. Mas para quem mora em um apartamento ou n\u00e3o disp\u00f5e de um quintal, abanar o amendoim em uma peneira \u00e9 um transtorno.<\/p>\n<p>H\u00e1 algum tempo vi esse amendoim cru e descascado nos supermercados. Comprei, testei e a aprovei. E fiz novamente os <a href=\"http:\/\/marisaono.com\/delicia\/?p=1477\" target=\"_blank\">Feios-por\u00e9m-gostosos de amendoim. <\/a><\/p>\n<a href=\"https:\/\/www.freetellafriend.com\/tell\/?url=https%3A%2F%2Fmarisaono.com%2Fdelicia%2F2009%2F07%2F15%2Famendoim-descascado%2F&title=Amendoim+Descascado\" onclick=\"window.open('https:\/\/www.freetellafriend.com\/tell\/?url=https%3A%2F%2Fmarisaono.com%2Fdelicia%2F2009%2F07%2F15%2Famendoim-descascado%2F&title=Amendoim+Descascado', 'freetellafriend', 'scrollbars=1,menubar=0,width=617,height=530,resizable=1,toolbar=0,location=0,status=0,screenX=210,screenY=100,left=210,top=100'); return false;\" target=\"_blank\" title=\"Share This Post\"><img decoding=\"async\" src=\"http:\/\/marisaono.com\/delicia\/wp-content\/plugins\/tell-a-friend\/button.gif\" style=\"width:127px;height:16px;border:0px;\" alt=\"Share This Post\" title=\"Share This Post\" \/><\/a><\/div>\n","protected":false},"excerpt":{"rendered":"<p>[Translate] Descascar amendoim torrado em casa n\u00e3o chega a ser um problema. Mas para quem mora em um apartamento ou n\u00e3o disp\u00f5e de um quintal, abanar o amendoim em uma peneira \u00e9 um transtorno. H\u00e1 algum tempo vi esse amendoim &hellip; <a href=\"https:\/\/marisaono.com\/delicia\/2009\/07\/15\/amendoim-descascado\/\">Continuar a ler <span class=\"meta-nav\">&rarr;<\/span><\/a><\/p>\n","protected":false},"author":1,"featured_media":1499,"comment_status":"open","ping_status":"open","sticky":false,"template":"","format":"standard","meta":{"spay_email":"","footnotes":"","jetpack_publicize_message":"","jetpack_is_tweetstorm":false},"categories":[34],"tags":[],"jetpack_featured_media_url":"https:\/\/marisaono.com\/delicia\/wp-content\/uploads\/amendoim-descascado.jpg","jetpack_publicize_connections":[],"jetpack_sharing_enabled":true,"jetpack_shortlink":"https:\/\/wp.me\/pccs7-oa","jetpack-related-posts":[{"id":1419,"url":"https:\/\/marisaono.com\/delicia\/2009\/06\/14\/compras-na-liberdade\/","url_meta":{"origin":1498,"position":0},"title":"Compras na Liberdade","date":"Junho 14, 2009","format":false,"excerpt":"Estive s\u00e1bado no bairro da Liberdade e fiz algumas compras. S\u00e1bado n\u00e3o \u00e9 um bom dia para passear por l\u00e1; muita gente, muita fila. Mas, ainda assim, encontrei umas coisas boas. Na foto acima, castanhas d'\u00e1gua. Apesar do nome, n\u00e3o s\u00e3o castanhas. Esse vegetal aqu\u00e1tico \u00e9 consumido cru ou cozido\u2026","rel":"","context":"In &quot;dicas&quot;","img":{"alt_text":"","src":"https:\/\/i1.wp.com\/marisaono.com\/delicia\/wp-content\/uploads\/castanha-dagua.jpg?resize=350%2C200&ssl=1","width":350,"height":200},"classes":[]},{"id":3190,"url":"https:\/\/marisaono.com\/delicia\/2011\/05\/01\/amendoim-frito\/","url_meta":{"origin":1498,"position":1},"title":"Amendoim Frito","date":"Maio 1, 2011","format":false,"excerpt":"Rendo-me a esse petisco uma vez a cada dez anos. Gosto de amendoim mas reconhe\u00e7o que amendoim frito \u00e9 gorduroso. A vantagem de fazer em casa \u00e9 que d\u00e1 para controlar a qualidade do \u00f3leo (milho, girasol, canola, amendoim) e a quantidade de sal. Eu n\u00e3o sou f\u00e3 de coisas\u2026","rel":"","context":"In &quot;F\u00e1cil&quot;","img":{"alt_text":"","src":"https:\/\/i2.wp.com\/marisaono.com\/delicia\/wp-content\/uploads\/Amendoim-Frito.jpg?resize=350%2C200&ssl=1","width":350,"height":200},"classes":[]},{"id":622,"url":"https:\/\/marisaono.com\/delicia\/2008\/12\/22\/pasta-de-amendoim-e-castanha-de-caju\/","url_meta":{"origin":1498,"position":2},"title":"Pasta de Amendoim e Castanha de Caju","date":"Dezembro 22, 2008","format":false,"excerpt":"At\u00e9 bem pouco tempo, achava imposs\u00edvel conseguir fazer uma pasta de amendoim em casa, sem apelar para algum equipamento ex\u00f3tico. No entanto, outro dia, pensando melhor no assunto, percebi que, quando a pasta de amendoim come\u00e7ou a ser comercializada (e isso foi h\u00e1 mais de um s\u00e9culo), n\u00e3o existia a\u2026","rel":"","context":"In &quot;cotidiano&quot;","img":{"alt_text":"","src":"","width":0,"height":0},"classes":[]},{"id":1928,"url":"https:\/\/marisaono.com\/delicia\/2010\/01\/25\/pad-thai\/","url_meta":{"origin":1498,"position":3},"title":"Pad Thai","date":"Janeiro 25, 2010","format":false,"excerpt":"Estava namorando a receita da Chez Pim. Inventei de fazer justo hoje. Faltava broto de feij\u00e3o (moyashi), amendoim torrado e tofu. Bem, ela admite que existem v\u00e1rias vers\u00f5es. Acabei fazendo uma adapta\u00e7\u00e3o com o que tinha em casa, mesmo. Para quem quiser seguir a receita original, veja aqui (em ingl\u00eas).\u2026","rel":"","context":"In &quot;Cozinha do Desespero&quot;","img":{"alt_text":"","src":"https:\/\/i0.wp.com\/marisaono.com\/delicia\/wp-content\/uploads\/Pad-Thai.JPG?resize=350%2C200&ssl=1","width":350,"height":200},"classes":[]},{"id":9911,"url":"https:\/\/marisaono.com\/delicia\/2018\/10\/30\/quadrados-de-chocolate-com-pasta-de-amendoim\/","url_meta":{"origin":1498,"position":4},"title":"Quadrados de Chocolate com Pasta de Amendoim","date":"Outubro 30, 2018","format":false,"excerpt":"Sabe quando d\u00e1 vontade de comer um doce com chocolate, mas n\u00e3o tem chocolate em barra? N\u00e3o \u00e9 bem um brownie, mas \u00e9 um bolo mais denso e \u00famido. A pasta de amendoim, com um pouco de sal, d\u00e1 um toque diferente e rico. E o bom \u00e9 que n\u00e3o\u2026","rel":"","context":"In &quot;Doces&quot;","img":{"alt_text":"","src":"https:\/\/i1.wp.com\/marisaono.com\/delicia\/wp-content\/uploads\/IMG_1523.jpg?resize=350%2C200&ssl=1","width":350,"height":200},"classes":[]},{"id":6924,"url":"https:\/\/marisaono.com\/delicia\/2013\/12\/26\/o-tofu-de-amendoim-e-o-fracasso\/","url_meta":{"origin":1498,"position":5},"title":"O Tofu de Amendoim e o Fracasso","date":"Dezembro 26, 2013","format":false,"excerpt":"Cozinha experimental envolve arriscar-se. Resolvi testar uma receita de tofu de amendoim, prato da cozinha okinawana, que vi em um site que poderia chamar de confi\u00e1vel. Comecei triturando amendoim cru. Tudo bem. Deixei de molho, tirei a pele e triturei na quantidade de \u00e1gua recomendada. Coei e descartei o baga\u00e7o,\u2026","rel":"","context":"In &quot;cotidiano&quot;","img":{"alt_text":"","src":"https:\/\/i1.wp.com\/marisaono.com\/delicia\/wp-content\/uploads\/IMG_3844.jpg?resize=350%2C200&ssl=1","width":350,"height":200},"classes":[]}],"_links":{"self":[{"href":"https:\/\/marisaono.com\/delicia\/wp-json\/wp\/v2\/posts\/1498"}],"collection":[{"href":"https:\/\/marisaono.com\/delicia\/wp-json\/wp\/v2\/posts"}],"about":[{"href":"https:\/\/marisaono.com\/delicia\/wp-json\/wp\/v2\/types\/post"}],"author":[{"embeddable":true,"href":"https:\/\/marisaono.com\/delicia\/wp-json\/wp\/v2\/users\/1"}],"replies":[{"embeddable":true,"href":"https:\/\/marisaono.com\/delicia\/wp-json\/wp\/v2\/comments?post=1498"}],"version-history":[{"count":2,"href":"https:\/\/marisaono.com\/delicia\/wp-json\/wp\/v2\/posts\/1498\/revisions"}],"predecessor-version":[{"id":1501,"href":"https:\/\/marisaono.com\/delicia\/wp-json\/wp\/v2\/posts\/1498\/revisions\/1501"}],"wp:featuredmedia":[{"embeddable":true,"href":"https:\/\/marisaono.com\/delicia\/wp-json\/wp\/v2\/media\/1499"}],"wp:attachment":[{"href":"https:\/\/marisaono.com\/delicia\/wp-json\/wp\/v2\/media?parent=1498"}],"wp:term":[{"taxonomy":"category","embeddable":true,"href":"https:\/\/marisaono.com\/delicia\/wp-json\/wp\/v2\/categories?post=1498"},{"taxonomy":"post_tag","embeddable":true,"href":"https:\/\/marisaono.com\/delicia\/wp-json\/wp\/v2\/tags?post=1498"}],"curies":[{"name":"wp","href":"https:\/\/api.w.org\/{rel}","templated":true}]}}