{"id":1511,"date":"2009-07-17T20:13:52","date_gmt":"2009-07-17T23:13:52","guid":{"rendered":"http:\/\/marisaono.com\/delicia\/?p=1511"},"modified":"2009-07-17T20:13:52","modified_gmt":"2009-07-17T23:13:52","slug":"12%c2%ba-festival-do-japao","status":"publish","type":"post","link":"https:\/\/marisaono.com\/delicia\/2009\/07\/17\/12%c2%ba-festival-do-japao\/","title":{"rendered":"12\u00ba Festival do Jap\u00e3o"},"content":{"rendered":"<div class=\"translate_block\" style=\"display: none;\">\n<a class=\"translate_translate\" id=\"translate_button_post-1511\" lang=\"en\" xml:lang=\"en\" href=\"javascript:show_translate_popup('en', 'post', 1511);\">[Translate]<\/a><img src=\"https:\/\/marisaono.com\/delicia\/wp-content\/plugins\/google-ajax-translation\/transparent.gif\" id=\"translate_loading_post-1511\" class=\"translate_loading\" style=\"display: none;\" width=\"16\" height=\"16\" alt=\"\" \/>\n<hr class=\"translate_hr\" \/>\n<\/div>\n<div id=\"content_div-1511\">\n<p>Come\u00e7ou hoje o 12\u00ba Festival do Jap\u00e3o.<\/p>\n<p>Os hor\u00e1rios s\u00e3o:<\/p>\n<p>17 (sexta) das 12:00 \u00e0s 21:00 hs<\/p>\n<p>18 (s\u00e1bado) das 10:00 \u00e0s 21:00 hs<\/p>\n<p>19 (domingo) das 10:00 \u00e0s 18:00 hs<\/p>\n<p>Mais informa\u00e7\u00f5es, no site do Festival:<\/p>\n<p><a href=\"http:\/\/www.festivaldojapao.com\/\" target=\"_blank\">http:\/\/www.festivaldojapao.com\/<\/a><br \/>\n<strong><\/strong><strong><\/strong><\/p>\n<a href=\"https:\/\/www.freetellafriend.com\/tell\/?url=https%3A%2F%2Fmarisaono.com%2Fdelicia%2F2009%2F07%2F17%2F12%25c2%25ba-festival-do-japao%2F&title=12%C2%BA+Festival+do+Jap%C3%A3o\" onclick=\"window.open('https:\/\/www.freetellafriend.com\/tell\/?url=https%3A%2F%2Fmarisaono.com%2Fdelicia%2F2009%2F07%2F17%2F12%25c2%25ba-festival-do-japao%2F&title=12%C2%BA+Festival+do+Jap%C3%A3o', 'freetellafriend', 'scrollbars=1,menubar=0,width=617,height=530,resizable=1,toolbar=0,location=0,status=0,screenX=210,screenY=100,left=210,top=100'); return false;\" target=\"_blank\" title=\"Share This Post\"><img decoding=\"async\" src=\"http:\/\/marisaono.com\/delicia\/wp-content\/plugins\/tell-a-friend\/button.gif\" style=\"width:127px;height:16px;border:0px;\" alt=\"Share This Post\" title=\"Share This Post\" \/><\/a><\/div>\n","protected":false},"excerpt":{"rendered":"<p>[Translate] Come\u00e7ou hoje o 12\u00ba Festival do Jap\u00e3o. Os hor\u00e1rios s\u00e3o: 17 (sexta) das 12:00 \u00e0s 21:00 hs 18 (s\u00e1bado) das 10:00 \u00e0s 21:00 hs 19 (domingo) das 10:00 \u00e0s 18:00 hs Mais informa\u00e7\u00f5es, no site do Festival: http:\/\/www.festivaldojapao.com\/<\/p>\n","protected":false},"author":1,"featured_media":0,"comment_status":"open","ping_status":"open","sticky":false,"template":"","format":"standard","meta":{"spay_email":"","footnotes":"","jetpack_publicize_message":"","jetpack_is_tweetstorm":false},"categories":[1],"tags":[],"jetpack_featured_media_url":"","jetpack_publicize_connections":[],"jetpack_sharing_enabled":true,"jetpack_shortlink":"https:\/\/wp.me\/pccs7-on","jetpack-related-posts":[{"id":116,"url":"https:\/\/marisaono.com\/delicia\/2007\/08\/27\/almanaque-da-tv\/","url_meta":{"origin":1511,"position":0},"title":"Almanaque da TV","date":"Agosto 27, 2007","format":false,"excerpt":"Rixa e Bia est\u00e3o lan\u00e7ando o Almanaque da TV.No Rio, dia 28 de agosto, \u00e0s 20:00 hs, no 00 (entre a PUC e o Planet\u00e1rio da G\u00e1vea).Em S\u00e3o Paulo, dia 29, \u00e0s 19:00 hs, na Livraria da Vila, Alameda Lorena 1731, Jardim Paulista(Entre a Haddock Lobo & Bela Cintra).Eu, infelizmente,\u2026","rel":"","context":"In &quot;cotidiano&quot;","img":{"alt_text":"","src":"","width":0,"height":0},"classes":[]},{"id":504,"url":"https:\/\/marisaono.com\/delicia\/2008\/07\/04\/iron-chef\/","url_meta":{"origin":1511,"position":1},"title":"Iron Chef","date":"Julho 4, 2008","format":false,"excerpt":"A Sony vai transmitir o programa Iron Chef (1993), que mistura gastronomia e disputa. Vi poucos epis\u00f3dios, por pura falta de tempo, na \u00e9poca. Espero poder assistir a maioria, desta vez. S\u00e1bados, \u00e0s 13:00 hs, segundo a NET.","rel":"","context":"In &quot;Culin\u00e1ria japonesa&quot;","img":{"alt_text":"","src":"https:\/\/i2.wp.com\/marisaono.com\/delicia\/wp-content\/uploads\/2008\/07\/ironchef_foto.jpg?resize=350%2C200&ssl=1","width":350,"height":200},"classes":[]},{"id":2343,"url":"https:\/\/marisaono.com\/delicia\/2010\/06\/15\/eventos-e-festivais\/","url_meta":{"origin":1511,"position":2},"title":"Eventos e Festivais","date":"Junho 15, 2010","format":false,"excerpt":"No dia 26\/06 ser\u00e1 realizado o Sukiyaki do Bem 2010, no Grand Hyatt S\u00e3o Paulo (Av Na\u00e7\u00f5es Unidas 13.301), com a presen\u00e7a dos Chefs Adriano Kanashiro, Shinya Koike, Laurent Grolleau e Erika Okazaki. Mais informa\u00e7\u00f5es no site: http:\/\/www.sukiyakidobem.com.br\/telas\/sukiyaki-do-bem.html O terceiro Japan Lapa Festival vai ser realizado nos dias 26 e\u2026","rel":"","context":"In &quot;Culin\u00e1ria japonesa&quot;","img":{"alt_text":"","src":"","width":0,"height":0},"classes":[]},{"id":7279,"url":"https:\/\/marisaono.com\/delicia\/2014\/04\/08\/agenda-da-semana-comida-japonesa\/","url_meta":{"origin":1511,"position":3},"title":"Agenda da Semana: Comida Japonesa","date":"Abril 8, 2014","format":false,"excerpt":"S\u00e1bado que vem, dia 12, vai ter barraquinha em frente do Sakagura A1 (Rua Jeronimo da Veiga 74). A inten\u00e7\u00e3o \u00e9 que o evento se repita uma vez por m\u00eas. Nessa edi\u00e7\u00e3o vai ter yakiniku (l\u00edngua de boi, costelinha marinada no misso e asa de frango) a R$18,00 ou o\u2026","rel":"","context":"In &quot;Culin\u00e1ria japonesa&quot;","img":{"alt_text":"","src":"https:\/\/i2.wp.com\/marisaono.com\/delicia\/wp-content\/uploads\/13560220914_8e74a6bbb2.jpg?resize=350%2C200&ssl=1","width":350,"height":200},"classes":[]},{"id":5975,"url":"https:\/\/marisaono.com\/delicia\/2013\/04\/22\/almoco-no-augusta-gourmet\/","url_meta":{"origin":1511,"position":4},"title":"Almo\u00e7o no Augusta Gourmet","date":"Abril 22, 2013","format":false,"excerpt":"Acho curioso que n\u00e3o vejo muita coisa para ler sobre restaurantes self-service ou buffet por quilo. \u00c9 uma maneira de comer popular, que permite op\u00e7\u00f5es saud\u00e1veis, \u00e9 r\u00e1pido e pode ser muito bom. Fica a ideia para algu\u00e9m: fazer uma lista dos melhores de S\u00e3o Paulo, de prefer\u00eancia divididos em\u2026","rel":"","context":"In &quot;Lugares&quot;","img":{"alt_text":"","src":"https:\/\/i2.wp.com\/marisaono.com\/delicia\/wp-content\/uploads\/IMG_2087.jpg?resize=350%2C200&ssl=1","width":350,"height":200},"classes":[]},{"id":5319,"url":"https:\/\/marisaono.com\/delicia\/2012\/10\/17\/quiosque-bombay-em-belo-horizonte\/","url_meta":{"origin":1511,"position":5},"title":"Quiosque Bombay em Belo Horizonte","date":"Outubro 17, 2012","format":false,"excerpt":"Inaugurou na semana passada, no shopping P\u00e1tio Savassi.\u00a0Av. do Contorno, 6061 - Funcion\u00e1rios. Hor\u00e1rio de funcionamento: Segunda \u00e0 s\u00e1bado das 10:00 \u00e0s 22:00h e nos domingos e feriados: das 14:00 \u00e0s 20:00 h Agora alho negro e dezenas (talvez mais de uma centena) de especiarias est\u00e3o acess\u00edveis na cidade. Para\u2026","rel":"","context":"In &quot;cotidiano&quot;","img":{"alt_text":"","src":"","width":0,"height":0},"classes":[]}],"_links":{"self":[{"href":"https:\/\/marisaono.com\/delicia\/wp-json\/wp\/v2\/posts\/1511"}],"collection":[{"href":"https:\/\/marisaono.com\/delicia\/wp-json\/wp\/v2\/posts"}],"about":[{"href":"https:\/\/marisaono.com\/delicia\/wp-json\/wp\/v2\/types\/post"}],"author":[{"embeddable":true,"href":"https:\/\/marisaono.com\/delicia\/wp-json\/wp\/v2\/users\/1"}],"replies":[{"embeddable":true,"href":"https:\/\/marisaono.com\/delicia\/wp-json\/wp\/v2\/comments?post=1511"}],"version-history":[{"count":2,"href":"https:\/\/marisaono.com\/delicia\/wp-json\/wp\/v2\/posts\/1511\/revisions"}],"predecessor-version":[{"id":1513,"href":"https:\/\/marisaono.com\/delicia\/wp-json\/wp\/v2\/posts\/1511\/revisions\/1513"}],"wp:attachment":[{"href":"https:\/\/marisaono.com\/delicia\/wp-json\/wp\/v2\/media?parent=1511"}],"wp:term":[{"taxonomy":"category","embeddable":true,"href":"https:\/\/marisaono.com\/delicia\/wp-json\/wp\/v2\/categories?post=1511"},{"taxonomy":"post_tag","embeddable":true,"href":"https:\/\/marisaono.com\/delicia\/wp-json\/wp\/v2\/tags?post=1511"}],"curies":[{"name":"wp","href":"https:\/\/api.w.org\/{rel}","templated":true}]}}