{"id":1576,"date":"2009-08-26T19:33:53","date_gmt":"2009-08-26T22:33:53","guid":{"rendered":"http:\/\/marisaono.com\/delicia\/?p=1576"},"modified":"2009-08-26T19:33:53","modified_gmt":"2009-08-26T22:33:53","slug":"pizza-do-bem","status":"publish","type":"post","link":"https:\/\/marisaono.com\/delicia\/2009\/08\/26\/pizza-do-bem\/","title":{"rendered":"Pizza do Bem"},"content":{"rendered":"<div class=\"translate_block\" style=\"display: none;\">\n<a class=\"translate_translate\" id=\"translate_button_post-1576\" lang=\"en\" xml:lang=\"en\" href=\"javascript:show_translate_popup('en', 'post', 1576);\">[Translate]<\/a><img src=\"https:\/\/marisaono.com\/delicia\/wp-content\/plugins\/google-ajax-translation\/transparent.gif\" id=\"translate_loading_post-1576\" class=\"translate_loading\" style=\"display: none;\" width=\"16\" height=\"16\" alt=\"\" \/>\n<hr class=\"translate_hr\" \/>\n<\/div>\n<div id=\"content_div-1576\">\n<p>Recebi atrav\u00e9s do Facebook o convite do Chef Carlos Bertolazzi, do <a href=\"www.zenacaffe.com.br\" target=\"_blank\">Zena Caff\u00e8<\/a> e do blog <a href=\"httphttp:\/\/colunistas.ig.com.br\/cucinando\/\" target=\"_blank\">Cucinando<\/a>, para o evento &#8220;Pizza do Bem&#8221;: &#8220;O Zena Caff\u00e8 e a Turma do Bem promovem nesse domingo a Pizza do Bem. Na compra de uma Pizza individual voc\u00ea colabora com a ONG que vem ajudando crian\u00e7as de todo o Brasil a sorrirem.&#8221;<\/p>\n<p>Data: 30 de agosto<\/p>\n<p>Hor\u00e1rio: 18:00 &#8211; 23:55<\/p>\n<p>Local: Zena Caff\u00e8 &#8211; Rua peixoto gomide, 1901, S\u00e3o Paulo.<\/p>\n<p>Pre\u00e7o:R$ 18,50 a R$ 22,50<\/p>\n<p>Infelizmente n\u00e3o vou poder ir. Fico devendo uma visita, com calma.<\/p>\n<a href=\"https:\/\/www.freetellafriend.com\/tell\/?url=https%3A%2F%2Fmarisaono.com%2Fdelicia%2F2009%2F08%2F26%2Fpizza-do-bem%2F&title=Pizza+do+Bem\" onclick=\"window.open('https:\/\/www.freetellafriend.com\/tell\/?url=https%3A%2F%2Fmarisaono.com%2Fdelicia%2F2009%2F08%2F26%2Fpizza-do-bem%2F&title=Pizza+do+Bem', 'freetellafriend', 'scrollbars=1,menubar=0,width=617,height=530,resizable=1,toolbar=0,location=0,status=0,screenX=210,screenY=100,left=210,top=100'); return false;\" target=\"_blank\" title=\"Share This Post\"><img decoding=\"async\" src=\"http:\/\/marisaono.com\/delicia\/wp-content\/plugins\/tell-a-friend\/button.gif\" style=\"width:127px;height:16px;border:0px;\" alt=\"Share This Post\" title=\"Share This Post\" \/><\/a><\/div>\n","protected":false},"excerpt":{"rendered":"<p>[Translate] Recebi atrav\u00e9s do Facebook o convite do Chef Carlos Bertolazzi, do Zena Caff\u00e8 e do blog Cucinando, para o evento &#8220;Pizza do Bem&#8221;: &#8220;O Zena Caff\u00e8 e a Turma do Bem promovem nesse domingo a Pizza do Bem. Na &hellip; <a href=\"https:\/\/marisaono.com\/delicia\/2009\/08\/26\/pizza-do-bem\/\">Continuar a ler <span class=\"meta-nav\">&rarr;<\/span><\/a><\/p>\n","protected":false},"author":1,"featured_media":0,"comment_status":"open","ping_status":"open","sticky":false,"template":"","format":"standard","meta":{"spay_email":"","footnotes":"","jetpack_publicize_message":"","jetpack_is_tweetstorm":false},"categories":[17,98],"tags":[241],"jetpack_featured_media_url":"","jetpack_publicize_connections":[],"jetpack_sharing_enabled":true,"jetpack_shortlink":"https:\/\/wp.me\/pccs7-pq","jetpack-related-posts":[{"id":1477,"url":"https:\/\/marisaono.com\/delicia\/2009\/07\/07\/feios-porem-gostosos-de-amendoim\/","url_meta":{"origin":1576,"position":0},"title":"Feios-Por\u00e9m-Gostosos de Amendoim","date":"Julho 7, 2009","format":false,"excerpt":"Tomando um expresso no Zena Caff\u00e9 do Carlos Bertolazzi, topei com um\u00a0docinho que h\u00e1 muito n\u00e3o via : o feio-por\u00e9m-gostoso. \u00c9 quase um suspiro, feito com peda\u00e7os de avel\u00e3s tostadas. Estava delicioso, crocante. Voltei 35 anos no tempo e espa\u00e7o (pois \u00e9, estou ficando velha). Na mesma hora me veio\u2026","rel":"","context":"In &quot;Doces&quot;","img":{"alt_text":"","src":"https:\/\/i2.wp.com\/marisaono.com\/delicia\/wp-content\/uploads\/feios-porem-gostosos.jpg?resize=350%2C200&ssl=1","width":350,"height":200},"classes":[]},{"id":1651,"url":"https:\/\/marisaono.com\/delicia\/2009\/10\/03\/brutti-ma-buoni\/","url_meta":{"origin":1576,"position":1},"title":"Brutti Ma Buoni","date":"Outubro 3, 2009","format":false,"excerpt":"Se lembram dos Feios-Por\u00e9m-Gostososos? Fiz pensando em um docinho que provei no Zena Caff\u00e8. E n\u00e3o \u00e9 que o Carlos postou a receita no blog dele? Feinhos, mas Gostosos! Eu comeria quilos deles...","rel":"","context":"In &quot;cotidiano&quot;","img":{"alt_text":"","src":"","width":0,"height":0},"classes":[]},{"id":2758,"url":"https:\/\/marisaono.com\/delicia\/2010\/09\/25\/revista-gula\/","url_meta":{"origin":1576,"position":2},"title":"Revista Gula","date":"Setembro 25, 2010","format":false,"excerpt":"Na revista Gula que est\u00e1 nas bancas, mat\u00e9ria sobre o alho negro, onde eu e o chef Carlos Bertolazzi fomos entrevistados no Zena Caff\u00e8. Fotos lindas do Studio Oz, que conseguiram a proeza de me deixar apresent\u00e1vel.","rel":"","context":"In &quot;cotidiano&quot;","img":{"alt_text":"","src":"https:\/\/i2.wp.com\/marisaono.com\/delicia\/wp-content\/uploads\/gula-alho.jpg?resize=350%2C200&ssl=1","width":350,"height":200},"classes":[]},{"id":1620,"url":"https:\/\/marisaono.com\/delicia\/2009\/09\/19\/carlos-bertolazzi\/","url_meta":{"origin":1576,"position":3},"title":"Carlos Bertolazzi","date":"Setembro 19, 2009","format":false,"excerpt":"Finalmente pude conversar um pouco com o Carlos Bertolazzi, do Zena Caff\u00e8. Conhe\u00e7o-o h\u00e1 algum tempo atrav\u00e9s do Orkut mas, tirando um pequeno momento no restaurante, n\u00e3o tinha ainda sentado e conversado, cara-a-cara com ele. Isso aconteceu na casa do LP ou Luiz Paulo, amigo e colaborador desse blogue. Ali\u00e1s,\u2026","rel":"","context":"In &quot;cotidiano&quot;","img":{"alt_text":"LP, eu e Bertola","src":"https:\/\/i2.wp.com\/marisaono.com\/delicia\/wp-content\/uploads\/LP-eu-e-Bertola.JPG?resize=350%2C200","width":350,"height":200},"classes":[]},{"id":2625,"url":"https:\/\/marisaono.com\/delicia\/2010\/08\/05\/pizza-prato-tipico-de-sao-paulo\/","url_meta":{"origin":1576,"position":4},"title":"Pizza, Prato T\u00edpico de S\u00e3o Paulo","date":"Agosto 5, 2010","format":false,"excerpt":"H\u00e1 algum tempo estou querendo escrever sobre a pizza. Tenho aqui em casa um exemplar da revista \"O Cruzeiro\", datada de 12 de maio de 1945. \u00c9 uma raridade, claro, que encontrei em um sebo. Quando o comprei, estava \u00e0 procura de propagandas antigas, em uma pesquisa sobre os h\u00e1bitos\u2026","rel":"","context":"In &quot;curiosidades&quot;","img":{"alt_text":"","src":"https:\/\/i1.wp.com\/marisaono.com\/delicia\/wp-content\/uploads\/Foto2_Bruno_Galvao.jpg?resize=350%2C200&ssl=1","width":350,"height":200},"classes":[]},{"id":1251,"url":"https:\/\/marisaono.com\/delicia\/2009\/06\/01\/soft-pizza\/","url_meta":{"origin":1576,"position":5},"title":"Soft Pizza","date":"Junho 1, 2009","format":false,"excerpt":"Esse p\u00e3o com jeito de pizza era muito comum no Jap\u00e3o. Encontrava em lojas de conveni\u00eancia e padarias. Com a massa mais grossa e macia que a pizza comum, era vendida em ret\u00e2ngulos ou tri\u00e2ngulos grandes. A cobertura era simples: queijo com tomate ou milho ou atum. Sem or\u00e9gano. Era\u2026","rel":"","context":"In &quot;curiosidades&quot;","img":{"alt_text":"","src":"https:\/\/i1.wp.com\/marisaono.com\/delicia\/wp-content\/uploads\/soft-pizza.jpg?resize=350%2C200&ssl=1","width":350,"height":200},"classes":[]}],"_links":{"self":[{"href":"https:\/\/marisaono.com\/delicia\/wp-json\/wp\/v2\/posts\/1576"}],"collection":[{"href":"https:\/\/marisaono.com\/delicia\/wp-json\/wp\/v2\/posts"}],"about":[{"href":"https:\/\/marisaono.com\/delicia\/wp-json\/wp\/v2\/types\/post"}],"author":[{"embeddable":true,"href":"https:\/\/marisaono.com\/delicia\/wp-json\/wp\/v2\/users\/1"}],"replies":[{"embeddable":true,"href":"https:\/\/marisaono.com\/delicia\/wp-json\/wp\/v2\/comments?post=1576"}],"version-history":[{"count":2,"href":"https:\/\/marisaono.com\/delicia\/wp-json\/wp\/v2\/posts\/1576\/revisions"}],"predecessor-version":[{"id":1578,"href":"https:\/\/marisaono.com\/delicia\/wp-json\/wp\/v2\/posts\/1576\/revisions\/1578"}],"wp:attachment":[{"href":"https:\/\/marisaono.com\/delicia\/wp-json\/wp\/v2\/media?parent=1576"}],"wp:term":[{"taxonomy":"category","embeddable":true,"href":"https:\/\/marisaono.com\/delicia\/wp-json\/wp\/v2\/categories?post=1576"},{"taxonomy":"post_tag","embeddable":true,"href":"https:\/\/marisaono.com\/delicia\/wp-json\/wp\/v2\/tags?post=1576"}],"curies":[{"name":"wp","href":"https:\/\/api.w.org\/{rel}","templated":true}]}}