{"id":1590,"date":"2009-09-01T22:02:20","date_gmt":"2009-09-02T01:02:20","guid":{"rendered":"http:\/\/marisaono.com\/delicia\/?p=1590"},"modified":"2012-01-04T16:29:25","modified_gmt":"2012-01-04T19:29:25","slug":"pastel-assado","status":"publish","type":"post","link":"https:\/\/marisaono.com\/delicia\/2009\/09\/01\/pastel-assado\/","title":{"rendered":"Pastel Assado"},"content":{"rendered":"<div class=\"translate_block\" style=\"display: none;\">\n<a class=\"translate_translate\" id=\"translate_button_post-1590\" lang=\"en\" xml:lang=\"en\" href=\"javascript:show_translate_popup('en', 'post', 1590);\">[Translate]<\/a><img src=\"https:\/\/marisaono.com\/delicia\/wp-content\/plugins\/google-ajax-translation\/transparent.gif\" id=\"translate_loading_post-1590\" class=\"translate_loading\" style=\"display: none;\" width=\"16\" height=\"16\" alt=\"\" \/>\n<hr class=\"translate_hr\" \/>\n<\/div>\n<div id=\"content_div-1590\">\n<p><img loading=\"lazy\" decoding=\"async\" class=\"alignnone size-full wp-image-1591\" title=\"pastel-de-forno\" src=\"http:\/\/marisaono.com\/delicia\/wp-content\/uploads\/pastel-de-forno.jpg\" alt=\"pastel-de-forno\" width=\"400\" height=\"301\" srcset=\"https:\/\/marisaono.com\/delicia\/wp-content\/uploads\/pastel-de-forno.jpg 400w, https:\/\/marisaono.com\/delicia\/wp-content\/uploads\/pastel-de-forno-360x270.jpg 360w, https:\/\/marisaono.com\/delicia\/wp-content\/uploads\/pastel-de-forno-150x113.jpg 150w\" sizes=\"(max-width: 400px) 100vw, 400px\" \/><\/p>\n<p>H\u00e1 muito tempo fiz um pastel assado que tinha queijo na massa.\u00a0Perdi a receita e nunca mais fiz. Desta vez, resolvi tentar com os ingredientes que tinha \u00e0 m\u00e3o.\u00a0 Ficou muito bom, delicado e n\u00e3o ficou t\u00e3o gorduroso.<\/p>\n<p>225 gramas de queijo cremoso (usei, na verdade, <a href=\"http:\/\/marisaono.com\/delicia\/?p=887\" target=\"_blank\">iogurte caseiro <\/a>dessorado; basta deixar o iogurte escorrer em um saco de pano ou um coador)<\/p>\n<p>50 gramas de manteiga amolecida<\/p>\n<p>Sal<\/p>\n<p>1 colher de ch\u00e1 de fermento em p\u00f3<\/p>\n<p>Farinha o quanto baste<\/p>\n<p>Misture todos os ingredientes. A massa dever\u00e1 ser bem macia, f\u00e1cil de abrir com um rolo.<\/p>\n<p>Abra a massa fino (mas n\u00e3o t\u00e3o fino quanto um pastel frito) e corte em rodelas.\u00a0<\/p>\n<p>Recheie \u00e0 gosto e feche bem as bordas com um garfo.<\/p>\n<p>Pincele com gema e leve para assar em forno quente, at\u00e9 dourar bem.<\/p>\n<a href=\"https:\/\/www.freetellafriend.com\/tell\/?url=https%3A%2F%2Fmarisaono.com%2Fdelicia%2F2009%2F09%2F01%2Fpastel-assado%2F&title=Pastel+Assado\" onclick=\"window.open('https:\/\/www.freetellafriend.com\/tell\/?url=https%3A%2F%2Fmarisaono.com%2Fdelicia%2F2009%2F09%2F01%2Fpastel-assado%2F&title=Pastel+Assado', 'freetellafriend', 'scrollbars=1,menubar=0,width=617,height=530,resizable=1,toolbar=0,location=0,status=0,screenX=210,screenY=100,left=210,top=100'); return false;\" target=\"_blank\" title=\"Share This Post\"><img decoding=\"async\" src=\"http:\/\/marisaono.com\/delicia\/wp-content\/plugins\/tell-a-friend\/button.gif\" style=\"width:127px;height:16px;border:0px;\" alt=\"Share This Post\" title=\"Share This Post\" \/><\/a><\/div>\n","protected":false},"excerpt":{"rendered":"<p>[Translate] H\u00e1 muito tempo fiz um pastel assado que tinha queijo na massa.\u00a0Perdi a receita e nunca mais fiz. Desta vez, resolvi tentar com os ingredientes que tinha \u00e0 m\u00e3o.\u00a0 Ficou muito bom, delicado e n\u00e3o ficou t\u00e3o gorduroso. 225 &hellip; <a href=\"https:\/\/marisaono.com\/delicia\/2009\/09\/01\/pastel-assado\/\">Continuar a ler <span class=\"meta-nav\">&rarr;<\/span><\/a><\/p>\n","protected":false},"author":1,"featured_media":1591,"comment_status":"open","ping_status":"open","sticky":false,"template":"","format":"standard","meta":{"spay_email":"","footnotes":"","jetpack_publicize_message":"","jetpack_is_tweetstorm":false},"categories":[20,24,26,256],"tags":[271,116,145],"jetpack_featured_media_url":"https:\/\/marisaono.com\/delicia\/wp-content\/uploads\/pastel-de-forno.jpg","jetpack_publicize_connections":[],"jetpack_sharing_enabled":true,"jetpack_shortlink":"https:\/\/wp.me\/pccs7-pE","jetpack-related-posts":[{"id":492,"url":"https:\/\/marisaono.com\/delicia\/2008\/06\/27\/pirozhky\/","url_meta":{"origin":1590,"position":0},"title":"Pirozhky","date":"Junho 27, 2008","format":false,"excerpt":"H\u00e1 muitos anos (uns 25, creio eu) li uma extensa reportagem sobre a Uni\u00e3o Sovi\u00e9tica. De tanta coisa, guardei muito pouco na mem\u00f3ria. Uma delas foi a descri\u00e7\u00e3o de um tipo de pastel, que em dias de festa, era feito com massa folhada feita com banha, recheado com espinafre. Outro\u2026","rel":"","context":"In &quot;curiosidades&quot;","img":{"alt_text":"","src":"https:\/\/i1.wp.com\/marisaono.com\/delicia\/wp-content\/uploads\/2008\/06\/pyrizhky.jpg?resize=350%2C200&ssl=1","width":350,"height":200},"classes":[]},{"id":8846,"url":"https:\/\/marisaono.com\/delicia\/2016\/02\/22\/kulcha-a-japonesa\/","url_meta":{"origin":1590,"position":1},"title":"Kulcha \u00e0 Japonesa","date":"Fevereiro 22, 2016","format":false,"excerpt":"Outro dia publiquei uma receita de oyaki. Como expliquei, oyaki \u00e9 um nome gen\u00e9rico para diversos bolinhos, recheados ou n\u00e3o, feitos na chapa. Este tem uma hist\u00f3ria curiosa. A origem \u00e9 indiana, ficou popular no Jap\u00e3o por conta de um seriado e surgiram adapta\u00e7\u00f5es dom\u00e9sticas. Pelo que andei lendo, o\u2026","rel":"","context":"In &quot;lanches&quot;","img":{"alt_text":"","src":"https:\/\/i2.wp.com\/marisaono.com\/delicia\/wp-content\/uploads\/IMG_0133.jpg?resize=350%2C200&ssl=1","width":350,"height":200},"classes":[]},{"id":2656,"url":"https:\/\/marisaono.com\/delicia\/2010\/08\/17\/pastel-de-forno-de-espinafre\/","url_meta":{"origin":1590,"position":2},"title":"Pastel de Forno de Espinafre","date":"Agosto 17, 2010","format":false,"excerpt":"Ter uma horta \u00e9 ter comida ao alcance da m\u00e3o. Bem, mais ou menos. A farinha e os ovos dessa receita, eu precisei comprar. Mas o requeij\u00e3o, manteiga e os tais espinafres, foram feitos aqui em casa mesmo Normalmente fa\u00e7o espinafres (depois de lavados e rapidamente aferventados e escorridos) com\u2026","rel":"","context":"In &quot;lanches&quot;","img":{"alt_text":"","src":"https:\/\/i1.wp.com\/marisaono.com\/delicia\/wp-content\/uploads\/pasteldeespinafre.jpg?resize=350%2C200&ssl=1","width":350,"height":200},"classes":[]},{"id":5555,"url":"https:\/\/marisaono.com\/delicia\/2012\/12\/08\/coalhada-seca-de-kefir-feijao-do-espirito-santo-e-whoopie-de-cebola\/","url_meta":{"origin":1590,"position":3},"title":"Coalhada Seca de Kefir, Feij\u00e3o do Esp\u00edrito Santo e Whoopie de Cebola","date":"Dezembro 8, 2012","format":false,"excerpt":"Ganhei da Neide Rigo (do Come-se e colunista do caderno Paladar do Estad\u00e3o) um pote de coalhada seca de kefir. Eu n\u00e3o tenho kefir em casa, apesar da minha geladeira estar lotada de amostras de organismos vivos. Quem me acompanha sabe que sou fascinada por fermenta\u00e7\u00f5es. \u00c9 o kefir (que\u2026","rel":"","context":"In &quot;curiosidades&quot;","img":{"alt_text":"","src":"https:\/\/i2.wp.com\/marisaono.com\/delicia\/wp-content\/uploads\/IMG_1483.jpg?resize=350%2C200&ssl=1","width":350,"height":200},"classes":[]},{"id":5836,"url":"https:\/\/marisaono.com\/delicia\/2013\/03\/09\/as-empanadas-de-hugo-ibarzabal-que-a-neide-rigo-fez-e-que-viraram-pasteis-assados\/","url_meta":{"origin":1590,"position":4},"title":"As Empanadas de Hugo Ibarzabal Que A Neide Rigo Fez e Que Viraram Past\u00e9is Assados","date":"Mar\u00e7o 9, 2013","format":false,"excerpt":"Eu pensei que j\u00e1 tinha feito essa receita. Talvez tenha feito mas n\u00e3o publicado o resultado. Enfim, fiz. A receita eu peguei no blog da Neide Rigo, aqui: http:\/\/come-se.blogspot.com.br\/2010\/02\/empanadas-de-carne-receita-do-hugo.html S\u00f3 que fiz s\u00f3 meia receita. As \u00fanicas altera\u00e7\u00f5es que fiz na massa foram as seguintes: Usei quase 1 x\u00edcara de\u2026","rel":"","context":"In &quot;F\u00e1cil&quot;","img":{"alt_text":"","src":"https:\/\/i1.wp.com\/marisaono.com\/delicia\/wp-content\/uploads\/IMG_1897.jpg?resize=350%2C200&ssl=1","width":350,"height":200},"classes":[]},{"id":7915,"url":"https:\/\/marisaono.com\/delicia\/2014\/10\/04\/quiche-de-alho-porro-a-pedidos\/","url_meta":{"origin":1590,"position":5},"title":"Quiche de Alho Porro, A Pedidos","date":"Outubro 4, 2014","format":false,"excerpt":"J\u00e1 publiquei algumas receitas de quiche. Elas est\u00e3o aqui: Quiche de Espinafre Quiche de Portobelo e Alho Negro Quiche Sem Massa Limpa Geladeira \u00a0 Publiquei a foto no Facebook e pediram para que publicasse a receita deste. Os alhos porro de casa est\u00e3o bonitos e resolvi aproveitar. Na feira est\u00e3o\u2026","rel":"","context":"In &quot;lanches&quot;","img":{"alt_text":"IMG_5110","src":"https:\/\/i1.wp.com\/marisaono.com\/delicia\/wp-content\/uploads\/IMG_5110.jpg?resize=350%2C200","width":350,"height":200},"classes":[]}],"_links":{"self":[{"href":"https:\/\/marisaono.com\/delicia\/wp-json\/wp\/v2\/posts\/1590"}],"collection":[{"href":"https:\/\/marisaono.com\/delicia\/wp-json\/wp\/v2\/posts"}],"about":[{"href":"https:\/\/marisaono.com\/delicia\/wp-json\/wp\/v2\/types\/post"}],"author":[{"embeddable":true,"href":"https:\/\/marisaono.com\/delicia\/wp-json\/wp\/v2\/users\/1"}],"replies":[{"embeddable":true,"href":"https:\/\/marisaono.com\/delicia\/wp-json\/wp\/v2\/comments?post=1590"}],"version-history":[{"count":2,"href":"https:\/\/marisaono.com\/delicia\/wp-json\/wp\/v2\/posts\/1590\/revisions"}],"predecessor-version":[{"id":4186,"href":"https:\/\/marisaono.com\/delicia\/wp-json\/wp\/v2\/posts\/1590\/revisions\/4186"}],"wp:featuredmedia":[{"embeddable":true,"href":"https:\/\/marisaono.com\/delicia\/wp-json\/wp\/v2\/media\/1591"}],"wp:attachment":[{"href":"https:\/\/marisaono.com\/delicia\/wp-json\/wp\/v2\/media?parent=1590"}],"wp:term":[{"taxonomy":"category","embeddable":true,"href":"https:\/\/marisaono.com\/delicia\/wp-json\/wp\/v2\/categories?post=1590"},{"taxonomy":"post_tag","embeddable":true,"href":"https:\/\/marisaono.com\/delicia\/wp-json\/wp\/v2\/tags?post=1590"}],"curies":[{"name":"wp","href":"https:\/\/api.w.org\/{rel}","templated":true}]}}