{"id":1651,"date":"2009-10-03T14:16:44","date_gmt":"2009-10-03T17:16:44","guid":{"rendered":"http:\/\/marisaono.com\/delicia\/?p=1651"},"modified":"2009-10-03T14:16:44","modified_gmt":"2009-10-03T17:16:44","slug":"brutti-ma-buoni","status":"publish","type":"post","link":"https:\/\/marisaono.com\/delicia\/2009\/10\/03\/brutti-ma-buoni\/","title":{"rendered":"Brutti Ma Buoni"},"content":{"rendered":"<div class=\"translate_block\" style=\"display: none;\">\n<a class=\"translate_translate\" id=\"translate_button_post-1651\" lang=\"en\" xml:lang=\"en\" href=\"javascript:show_translate_popup('en', 'post', 1651);\">[Translate]<\/a><img src=\"https:\/\/marisaono.com\/delicia\/wp-content\/plugins\/google-ajax-translation\/transparent.gif\" id=\"translate_loading_post-1651\" class=\"translate_loading\" style=\"display: none;\" width=\"16\" height=\"16\" alt=\"\" \/>\n<hr class=\"translate_hr\" \/>\n<\/div>\n<div id=\"content_div-1651\">\n<p>Se lembram dos <a href=\"http:\/\/marisaono.com\/delicia\/?p=1477\" target=\"_blank\">Feios-Por\u00e9m-Gostososos<\/a>? Fiz pensando em um docinho que provei no Zena Caff\u00e8. E n\u00e3o \u00e9 que o Carlos postou a receita no blog dele?<\/p>\n<p><a href=\"http:\/\/colunistas.ig.com.br\/cucinando\/2009\/10\/02\/feinhos-mas-gostosos\/\" target=\"_blank\">Feinhos, mas Gostosos!<\/a><\/p>\n<p>Eu comeria quilos deles&#8230;<\/p>\n<a href=\"https:\/\/www.freetellafriend.com\/tell\/?url=https%3A%2F%2Fmarisaono.com%2Fdelicia%2F2009%2F10%2F03%2Fbrutti-ma-buoni%2F&title=Brutti+Ma+Buoni\" onclick=\"window.open('https:\/\/www.freetellafriend.com\/tell\/?url=https%3A%2F%2Fmarisaono.com%2Fdelicia%2F2009%2F10%2F03%2Fbrutti-ma-buoni%2F&title=Brutti+Ma+Buoni', 'freetellafriend', 'scrollbars=1,menubar=0,width=617,height=530,resizable=1,toolbar=0,location=0,status=0,screenX=210,screenY=100,left=210,top=100'); return false;\" target=\"_blank\" title=\"Share This Post\"><img decoding=\"async\" src=\"http:\/\/marisaono.com\/delicia\/wp-content\/plugins\/tell-a-friend\/button.gif\" style=\"width:127px;height:16px;border:0px;\" alt=\"Share This Post\" title=\"Share This Post\" \/><\/a><\/div>\n","protected":false},"excerpt":{"rendered":"<p>[Translate] Se lembram dos Feios-Por\u00e9m-Gostososos? Fiz pensando em um docinho que provei no Zena Caff\u00e8. E n\u00e3o \u00e9 que o Carlos postou a receita no blog dele? Feinhos, mas Gostosos! Eu comeria quilos deles&#8230;<\/p>\n","protected":false},"author":1,"featured_media":0,"comment_status":"open","ping_status":"open","sticky":false,"template":"","format":"standard","meta":{"spay_email":"","footnotes":"","jetpack_publicize_message":"","jetpack_is_tweetstorm":false},"categories":[14],"tags":[],"jetpack_featured_media_url":"","jetpack_publicize_connections":[],"jetpack_sharing_enabled":true,"jetpack_shortlink":"https:\/\/wp.me\/pccs7-qD","jetpack-related-posts":[{"id":1477,"url":"https:\/\/marisaono.com\/delicia\/2009\/07\/07\/feios-porem-gostosos-de-amendoim\/","url_meta":{"origin":1651,"position":0},"title":"Feios-Por\u00e9m-Gostosos de Amendoim","date":"Julho 7, 2009","format":false,"excerpt":"Tomando um expresso no Zena Caff\u00e9 do Carlos Bertolazzi, topei com um\u00a0docinho que h\u00e1 muito n\u00e3o via : o feio-por\u00e9m-gostoso. \u00c9 quase um suspiro, feito com peda\u00e7os de avel\u00e3s tostadas. Estava delicioso, crocante. Voltei 35 anos no tempo e espa\u00e7o (pois \u00e9, estou ficando velha). Na mesma hora me veio\u2026","rel":"","context":"In &quot;Doces&quot;","img":{"alt_text":"","src":"https:\/\/i2.wp.com\/marisaono.com\/delicia\/wp-content\/uploads\/feios-porem-gostosos.jpg?resize=350%2C200&ssl=1","width":350,"height":200},"classes":[]},{"id":8185,"url":"https:\/\/marisaono.com\/delicia\/2015\/03\/09\/moromi-e-champonzu\/","url_meta":{"origin":1651,"position":1},"title":"Moromi e Champonzu","date":"Mar\u00e7o 9, 2015","format":false,"excerpt":"Creio que todo mundo conhece o shoyu mas ele s\u00f3 \u00e9 a parte l\u00edquida de uma mistura de soja, trigo, \u00e1gua e sal. A parte s\u00f3lida que sobra depois da filtragem \u00e9 o moromi que, creiam, \u00e9 saboroso. \u00c9 salgado, claro, mas o sabor \u00e9 mais intenso e rico em\u2026","rel":"","context":"In &quot;Culin\u00e1ria japonesa&quot;","img":{"alt_text":"","src":"https:\/\/i2.wp.com\/marisaono.com\/delicia\/wp-content\/uploads\/IMG_5495.jpg?resize=350%2C200&ssl=1","width":350,"height":200},"classes":[]},{"id":5579,"url":"https:\/\/marisaono.com\/delicia\/2012\/12\/20\/esfirra\/","url_meta":{"origin":1651,"position":2},"title":"Esfirra","date":"Dezembro 20, 2012","format":false,"excerpt":"A primeira esfirra que comi foi em uma lanchonete de chineses, na Penha (no Rio). Ali\u00e1s, pastelaria l\u00e1 era de chineses, s\u00f3 fui conhecer pastelaria de japoneses no Paran\u00e1 e aqui em S\u00e3o Paulo. Depois vieram outras esfirras, comidas em padarias, na cantina do col\u00e9gio. Eram sempre de massa fofa,\u2026","rel":"","context":"In &quot;lanches&quot;","img":{"alt_text":"","src":"https:\/\/i1.wp.com\/marisaono.com\/delicia\/wp-content\/uploads\/IMG_1481.jpg?resize=350%2C200&ssl=1","width":350,"height":200},"classes":[]},{"id":11457,"url":"https:\/\/marisaono.com\/delicia\/2024\/11\/08\/mochi-de-mandioca\/","url_meta":{"origin":1651,"position":3},"title":"Mochi de Mandioca","date":"Novembro 8, 2024","format":false,"excerpt":"Essa receita \u00e9 brasileira. Os primeiros japoneses que chegaram n\u00e3o tinham arroz glutinoso e ent\u00e3o inventaram uma massa \u00e0 base de mandioca que se parecia com o mochi. Hoje quase ningu\u00e9m conhece, fiz a receita para deixar registrado uma \u00e9poca em que as pessoas tinham que fazer mais com pouco.\u2026","rel":"","context":"Similar post","img":{"alt_text":"","src":"https:\/\/i0.wp.com\/img.youtube.com\/vi\/r58HSEfFDGM\/0.jpg?resize=350%2C200","width":350,"height":200},"classes":[]},{"id":1498,"url":"https:\/\/marisaono.com\/delicia\/2009\/07\/15\/amendoim-descascado\/","url_meta":{"origin":1651,"position":4},"title":"Amendoim Descascado","date":"Julho 15, 2009","format":false,"excerpt":"Descascar amendoim torrado em casa n\u00e3o chega a ser um problema. Mas para quem mora em um apartamento ou n\u00e3o disp\u00f5e de um quintal, abanar o amendoim em uma peneira \u00e9 um transtorno. H\u00e1 algum tempo vi esse amendoim cru e descascado nos supermercados. Comprei, testei e a aprovei. E\u2026","rel":"","context":"In &quot;produtos.&quot;","img":{"alt_text":"","src":"https:\/\/i2.wp.com\/marisaono.com\/delicia\/wp-content\/uploads\/amendoim-descascado.jpg?resize=350%2C200&ssl=1","width":350,"height":200},"classes":[]},{"id":1966,"url":"https:\/\/marisaono.com\/delicia\/2010\/02\/10\/caponata-com-alho-negro\/","url_meta":{"origin":1651,"position":5},"title":"Caponata com Alho Negro","date":"Fevereiro 10, 2010","format":false,"excerpt":"Finalmente a chuva diminuiu, temos tido dias de sol e noites com pancadas de chuva. Faz calor e as beringelas estavam dando sopa no balc\u00e3o da pia. Lembrei de\u00a0 uma receita do Chef Ochiai, mas n\u00e3o procurei. Lembrava-me que ele ia juntando ingredientes em uma frigideira grande e mexia eventualmente.\u2026","rel":"","context":"In &quot;acompanhamento&quot;","img":{"alt_text":"","src":"https:\/\/i0.wp.com\/marisaono.com\/delicia\/wp-content\/uploads\/Caponata-com-Alho-Negro.jpg?resize=350%2C200&ssl=1","width":350,"height":200},"classes":[]}],"_links":{"self":[{"href":"https:\/\/marisaono.com\/delicia\/wp-json\/wp\/v2\/posts\/1651"}],"collection":[{"href":"https:\/\/marisaono.com\/delicia\/wp-json\/wp\/v2\/posts"}],"about":[{"href":"https:\/\/marisaono.com\/delicia\/wp-json\/wp\/v2\/types\/post"}],"author":[{"embeddable":true,"href":"https:\/\/marisaono.com\/delicia\/wp-json\/wp\/v2\/users\/1"}],"replies":[{"embeddable":true,"href":"https:\/\/marisaono.com\/delicia\/wp-json\/wp\/v2\/comments?post=1651"}],"version-history":[{"count":1,"href":"https:\/\/marisaono.com\/delicia\/wp-json\/wp\/v2\/posts\/1651\/revisions"}],"predecessor-version":[{"id":1652,"href":"https:\/\/marisaono.com\/delicia\/wp-json\/wp\/v2\/posts\/1651\/revisions\/1652"}],"wp:attachment":[{"href":"https:\/\/marisaono.com\/delicia\/wp-json\/wp\/v2\/media?parent=1651"}],"wp:term":[{"taxonomy":"category","embeddable":true,"href":"https:\/\/marisaono.com\/delicia\/wp-json\/wp\/v2\/categories?post=1651"},{"taxonomy":"post_tag","embeddable":true,"href":"https:\/\/marisaono.com\/delicia\/wp-json\/wp\/v2\/tags?post=1651"}],"curies":[{"name":"wp","href":"https:\/\/api.w.org\/{rel}","templated":true}]}}