{"id":2189,"date":"2010-04-27T19:54:28","date_gmt":"2010-04-27T22:54:28","guid":{"rendered":"http:\/\/marisaono.com\/delicia\/?p=2189"},"modified":"2010-04-27T19:55:38","modified_gmt":"2010-04-27T22:55:38","slug":"brevidades-2","status":"publish","type":"post","link":"https:\/\/marisaono.com\/delicia\/2010\/04\/27\/brevidades-2\/","title":{"rendered":"Brevidades"},"content":{"rendered":"<div class=\"translate_block\" style=\"display: none;\">\n<a class=\"translate_translate\" id=\"translate_button_post-2189\" lang=\"en\" xml:lang=\"en\" href=\"javascript:show_translate_popup('en', 'post', 2189);\">[Translate]<\/a><img src=\"https:\/\/marisaono.com\/delicia\/wp-content\/plugins\/google-ajax-translation\/transparent.gif\" id=\"translate_loading_post-2189\" class=\"translate_loading\" style=\"display: none;\" width=\"16\" height=\"16\" alt=\"\" \/>\n<hr class=\"translate_hr\" \/>\n<\/div>\n<div id=\"content_div-2189\">\n<p><a href=\"http:\/\/marisaono.com\/delicia\/wp-content\/uploads\/Brevidades.jpg\"><img loading=\"lazy\" decoding=\"async\" class=\"alignnone size-full wp-image-2190\" title=\"Brevidades\" src=\"http:\/\/marisaono.com\/delicia\/wp-content\/uploads\/Brevidades.jpg\" alt=\"\" width=\"300\" height=\"225\" \/><\/a><\/p>\n<p>Estava pensando alto do Twitter. Hoje em dia ningu\u00e9m mais faz brevidades. \u00c9 um tal de cupcakes e petit gateau, mas nem nas padarias vejo mais. E eu acreditava que j\u00e1 tinha publicado esta receita. Sim, de fato j\u00e1 publiquei esta receita, h\u00e1 muito tempo, no Multiply e tinha esquecido de passar para o blog. Sinal que nem eu ando fazendo brevidades. A <a href=\"500 gramas de a\u00e7\u00facar 5 ovos 5 gemas 750 gramas de polvilho 100 gramas de manteiga derretida 2 colheres de ch\u00e1 bem cheias de fermento em p\u00f3  Instru\u00e7\u00f5es: Bata bem os ovos com o a\u00e7\u00facar, at\u00e9 ficar bem claro e fofo. Junte o polvilho e bata mais um pouco. Junte a manteiga derretida, mexendo com uma esp\u00e1tula, at\u00e9 incorporar. Junte o fermento, misture e leve para assar em forno m\u00e9dio. \" target=\"_blank\">Kris Nardini do blog Cozinhando para Relaxar<\/a> foi quem me lembrou desse fato. Esta receita foi adaptada de uma outra, publicada pela Nina Horta, no livro &#8220;N\u00e3o \u00e9 Sopa&#8221;. S\u00e3o bolinhos muito leves e com sabor de inf\u00e2ncia.<\/p>\n<p>500 gramas de a\u00e7\u00facar<br \/>\n5 ovos<br \/>\n5 gemas<br \/>\n750 gramas de polvilho<br \/>\n100  gramas de manteiga derretida<br \/>\n2 colheres de ch\u00e1 bem cheias de  fermento em p\u00f3<br \/>\n<strong> <\/strong><br \/>\nBata bem os ovos com o  a\u00e7\u00facar, at\u00e9 ficar bem claro e fofo.<br \/>\nJunte o polvilho e bata mais um  pouco.<br \/>\nJunte a manteiga derretida, mexendo com uma esp\u00e1tula, at\u00e9  incorporar.<br \/>\nJunte o fermento, misture e leve para assar em forno  m\u00e9dio, em forminhas forradas com forminhas de papel. Rendem 42 unidades, ou seja, chame os primos, sobrinhos, vizinhos, colegas de trabalho para o caf\u00e9 da tarde!<\/p>\n<a href=\"https:\/\/www.freetellafriend.com\/tell\/?url=https%3A%2F%2Fmarisaono.com%2Fdelicia%2F2010%2F04%2F27%2Fbrevidades-2%2F&title=Brevidades\" onclick=\"window.open('https:\/\/www.freetellafriend.com\/tell\/?url=https%3A%2F%2Fmarisaono.com%2Fdelicia%2F2010%2F04%2F27%2Fbrevidades-2%2F&title=Brevidades', 'freetellafriend', 'scrollbars=1,menubar=0,width=617,height=530,resizable=1,toolbar=0,location=0,status=0,screenX=210,screenY=100,left=210,top=100'); return false;\" target=\"_blank\" title=\"Share This Post\"><img decoding=\"async\" src=\"http:\/\/marisaono.com\/delicia\/wp-content\/plugins\/tell-a-friend\/button.gif\" style=\"width:127px;height:16px;border:0px;\" alt=\"Share This Post\" title=\"Share This Post\" \/><\/a><\/div>\n","protected":false},"excerpt":{"rendered":"<p>[Translate] Estava pensando alto do Twitter. Hoje em dia ningu\u00e9m mais faz brevidades. \u00c9 um tal de cupcakes e petit gateau, mas nem nas padarias vejo mais. E eu acreditava que j\u00e1 tinha publicado esta receita. Sim, de fato j\u00e1 &hellip; <a href=\"https:\/\/marisaono.com\/delicia\/2010\/04\/27\/brevidades-2\/\">Continuar a ler <span class=\"meta-nav\">&rarr;<\/span><\/a><\/p>\n","protected":false},"author":1,"featured_media":2190,"comment_status":"open","ping_status":"open","sticky":false,"template":"","format":"standard","meta":{"spay_email":"","footnotes":"","jetpack_publicize_message":"","jetpack_is_tweetstorm":false},"categories":[18,24,26],"tags":[54,138],"jetpack_featured_media_url":"https:\/\/marisaono.com\/delicia\/wp-content\/uploads\/Brevidades.jpg","jetpack_publicize_connections":[],"jetpack_sharing_enabled":true,"jetpack_shortlink":"https:\/\/wp.me\/pccs7-zj","jetpack-related-posts":[{"id":30,"url":"https:\/\/marisaono.com\/delicia\/2007\/07\/03\/brevidades\/","url_meta":{"origin":2189,"position":0},"title":"Brevidades","date":"Julho 3, 2007","format":false,"excerpt":"As primeiras brevidades que fiz foram embaladas por uma propaganda da Maizena. Passava na tv e era t\u00e3o f\u00e1cil que at\u00e9 uma crian\u00e7a fazia. Pois \u00e9, a crian\u00e7a aqui fez, aos nove ou dez anos de idade. N\u00e3o ficaram ruins, mas na propaganda pareciam melhores. Repeti algumas vezes e depois\u2026","rel":"","context":"In &quot;Doces&quot;","img":{"alt_text":"","src":"","width":0,"height":0},"classes":[]},{"id":11272,"url":"https:\/\/marisaono.com\/delicia\/2021\/10\/15\/videos-novos\/","url_meta":{"origin":2189,"position":1},"title":"V\u00eddeos Novos","date":"Outubro 15, 2021","format":false,"excerpt":"Tem receita f\u00e1cil de subuta (porco agridoce) com todas as dicas para fazer igual ao restaurante. \u00c9 simples, as cores s\u00e3o vivas e a textura e sabor s\u00e3o \u00f3timos. S\u00f3 n\u00e3o vai ketchup nem abacaxi. https:\/\/youtu.be\/-6cZbIJLi38 E tamb\u00e9m fiz uma transmiss\u00e3o ao vivo, na quarta-feira. Fiz um molho para yakiniku,\u2026","rel":"","context":"In &quot;Prato principal&quot;","img":{"alt_text":"","src":"https:\/\/i1.wp.com\/img.youtube.com\/vi\/-6cZbIJLi38\/0.jpg?resize=350%2C200","width":350,"height":200},"classes":[]},{"id":11171,"url":"https:\/\/marisaono.com\/delicia\/2021\/03\/05\/video-kimpira-gobo\/","url_meta":{"origin":2189,"position":2},"title":"V\u00eddeo: Kimpira Gobo","date":"Mar\u00e7o 5, 2021","format":false,"excerpt":"Mais uma receita j\u00e1 publicada no blog que ganhou uma vers\u00e3o em v\u00eddeo: o Kimpira Gobo. A receita foi publicada em 2009: http:\/\/marisaono.com\/delicia\/2009\/04\/28\/kimpira\/ https:\/\/youtu.be\/aHS7rGt1ss8","rel":"","context":"In &quot;Culin\u00e1ria japonesa&quot;","img":{"alt_text":"","src":"https:\/\/i1.wp.com\/img.youtube.com\/vi\/aHS7rGt1ss8\/0.jpg?resize=350%2C200","width":350,"height":200},"classes":[]},{"id":3411,"url":"https:\/\/marisaono.com\/delicia\/2011\/07\/25\/publicidade\/","url_meta":{"origin":2189,"position":3},"title":"Publicidade","date":"Julho 25, 2011","format":false,"excerpt":"Tirei as barras de an\u00fancio do blog. O fato \u00e9 que visual ficava carregado e nesse tempo todo, recebi muito, muito pouco. Aproveito para comentar que o blog\u00a0 j\u00e1 fez 4 anos. S\u00e3o mais de 800 posts, a maioria com receitas. O blog tem recebido quase 100 mil visitas mensais\u2026","rel":"","context":"In &quot;cotidiano&quot;","img":{"alt_text":"","src":"","width":0,"height":0},"classes":[]},{"id":11326,"url":"https:\/\/marisaono.com\/delicia\/2022\/02\/24\/video-sarada-maki\/","url_meta":{"origin":2189,"position":4},"title":"V\u00eddeo: Sarada Maki","date":"Fevereiro 24, 2022","format":false,"excerpt":"Esta receita \u00e9 in\u00e9dita, tanto no canal quanto no blog. Finalmente respondo a diversas perguntas sobre sushi que eu recusei a responder em 14 anos. Neste v\u00eddeo conto como fa\u00e7o meu vinagre para sushi (sushi-su), o arroz para sushi (shari) e fa\u00e7o duas vers\u00f5es de um sushi que pode ser\u2026","rel":"","context":"In &quot;receita&quot;","img":{"alt_text":"","src":"https:\/\/i0.wp.com\/img.youtube.com\/vi\/9A1qB8dy_Uk\/0.jpg?resize=350%2C200","width":350,"height":200},"classes":[]},{"id":7829,"url":"https:\/\/marisaono.com\/delicia\/2014\/09\/09\/torta-de-banana-a-holandesa\/","url_meta":{"origin":2189,"position":5},"title":"Torta de Banana \u00e0 Holandesa","date":"Setembro 9, 2014","format":false,"excerpt":"Revendo e refazendo uma receita antiga do blog. A torta \u00e9 holandesa por conta de uma confeitaria na Serra do Cadeado que faz assim. N\u00e3o, nunca fui \u00e0 Holanda. Substitu\u00ed o a\u00e7\u00facar por a\u00e7\u00facar light (que \u00e9 parte a\u00e7\u00facar, parte ado\u00e7ante, metade das calorias e usa-se a metade em peso\u2026","rel":"","context":"In &quot;Doces&quot;","img":{"alt_text":"","src":"https:\/\/i0.wp.com\/marisaono.com\/delicia\/wp-content\/uploads\/IMG_5006.jpg?resize=350%2C200&ssl=1","width":350,"height":200},"classes":[]}],"_links":{"self":[{"href":"https:\/\/marisaono.com\/delicia\/wp-json\/wp\/v2\/posts\/2189"}],"collection":[{"href":"https:\/\/marisaono.com\/delicia\/wp-json\/wp\/v2\/posts"}],"about":[{"href":"https:\/\/marisaono.com\/delicia\/wp-json\/wp\/v2\/types\/post"}],"author":[{"embeddable":true,"href":"https:\/\/marisaono.com\/delicia\/wp-json\/wp\/v2\/users\/1"}],"replies":[{"embeddable":true,"href":"https:\/\/marisaono.com\/delicia\/wp-json\/wp\/v2\/comments?post=2189"}],"version-history":[{"count":3,"href":"https:\/\/marisaono.com\/delicia\/wp-json\/wp\/v2\/posts\/2189\/revisions"}],"predecessor-version":[{"id":2193,"href":"https:\/\/marisaono.com\/delicia\/wp-json\/wp\/v2\/posts\/2189\/revisions\/2193"}],"wp:featuredmedia":[{"embeddable":true,"href":"https:\/\/marisaono.com\/delicia\/wp-json\/wp\/v2\/media\/2190"}],"wp:attachment":[{"href":"https:\/\/marisaono.com\/delicia\/wp-json\/wp\/v2\/media?parent=2189"}],"wp:term":[{"taxonomy":"category","embeddable":true,"href":"https:\/\/marisaono.com\/delicia\/wp-json\/wp\/v2\/categories?post=2189"},{"taxonomy":"post_tag","embeddable":true,"href":"https:\/\/marisaono.com\/delicia\/wp-json\/wp\/v2\/tags?post=2189"}],"curies":[{"name":"wp","href":"https:\/\/api.w.org\/{rel}","templated":true}]}}