{"id":2343,"date":"2010-06-15T19:54:32","date_gmt":"2010-06-15T22:54:32","guid":{"rendered":"http:\/\/marisaono.com\/delicia\/?p=2343"},"modified":"2010-06-22T13:23:55","modified_gmt":"2010-06-22T16:23:55","slug":"eventos-e-festivais","status":"publish","type":"post","link":"https:\/\/marisaono.com\/delicia\/2010\/06\/15\/eventos-e-festivais\/","title":{"rendered":"Eventos e Festivais"},"content":{"rendered":"<div class=\"translate_block\" style=\"display: none;\">\n<a class=\"translate_translate\" id=\"translate_button_post-2343\" lang=\"en\" xml:lang=\"en\" href=\"javascript:show_translate_popup('en', 'post', 2343);\">[Translate]<\/a><img src=\"https:\/\/marisaono.com\/delicia\/wp-content\/plugins\/google-ajax-translation\/transparent.gif\" id=\"translate_loading_post-2343\" class=\"translate_loading\" style=\"display: none;\" width=\"16\" height=\"16\" alt=\"\" \/>\n<hr class=\"translate_hr\" \/>\n<\/div>\n<div id=\"content_div-2343\">\n<p>No dia 26\/06 ser\u00e1 realizado o <strong>Sukiyaki do Bem 2010<\/strong>, no Grand Hyatt S\u00e3o Paulo (Av Na\u00e7\u00f5es Unidas 13.301), com a presen\u00e7a dos Chefs Adriano Kanashiro, Shinya Koike, Laurent Grolleau e Erika Okazaki.<\/p>\n<p>Mais informa\u00e7\u00f5es no site:<\/p>\n<p><a href=\"http:\/\/www.sukiyakidobem.com.br\/telas\/sukiyaki-do-bem.html\" target=\"_blank\">http:\/\/www.sukiyakidobem.com.br\/telas\/sukiyaki-do-bem.html<\/a><\/p>\n<p>O terceiro <strong>Japan Lapa Festival<\/strong> vai ser realizado nos dias 26 e 27 de junho no Anhanguera Nikkei Clube. Al\u00e9m da programa\u00e7\u00e3o cultural, pratos t\u00edpicos ser\u00e3o comercializados no local.<\/p>\n<p>Anhanguera Nikkei Clube &#8211; Rua Tenente Landy 410 &#8211; Lapa &#8211; SP<\/p>\n<p>Dia 27 \/06: Das 12 \u00e0s 20 hs.<\/p>\n<p>Dia 28\/06 &#8211; das 10 \u00e0s 18 hs<\/p>\n<p>E, por fim, o <strong>Tanabata Matsuri<\/strong> ser\u00e1 realizado no bairro da Liberdade, nos dias 10 e 11 de julho.<\/p>\n<p>Mais informa\u00e7\u00f5es aqui:<\/p>\n<p><a href=\"http:\/\/www.tanabata.com.br\/conteudo\/festival.php\" target=\"_blank\">http:\/\/www.tanabata.com.br\/conteudo\/festival.php<\/a><\/p>\n<p><strong><br \/>\n<\/strong><\/p>\n<a href=\"https:\/\/www.freetellafriend.com\/tell\/?url=https%3A%2F%2Fmarisaono.com%2Fdelicia%2F2010%2F06%2F15%2Feventos-e-festivais%2F&title=Eventos+e+Festivais\" onclick=\"window.open('https:\/\/www.freetellafriend.com\/tell\/?url=https%3A%2F%2Fmarisaono.com%2Fdelicia%2F2010%2F06%2F15%2Feventos-e-festivais%2F&title=Eventos+e+Festivais', 'freetellafriend', 'scrollbars=1,menubar=0,width=617,height=530,resizable=1,toolbar=0,location=0,status=0,screenX=210,screenY=100,left=210,top=100'); return false;\" target=\"_blank\" title=\"Share This Post\"><img decoding=\"async\" src=\"http:\/\/marisaono.com\/delicia\/wp-content\/plugins\/tell-a-friend\/button.gif\" style=\"width:127px;height:16px;border:0px;\" alt=\"Share This Post\" title=\"Share This Post\" \/><\/a><\/div>\n","protected":false},"excerpt":{"rendered":"<p>[Translate] No dia 26\/06 ser\u00e1 realizado o Sukiyaki do Bem 2010, no Grand Hyatt S\u00e3o Paulo (Av Na\u00e7\u00f5es Unidas 13.301), com a presen\u00e7a dos Chefs Adriano Kanashiro, Shinya Koike, Laurent Grolleau e Erika Okazaki. Mais informa\u00e7\u00f5es no site: http:\/\/www.sukiyakidobem.com.br\/telas\/sukiyaki-do-bem.html O &hellip; <a href=\"https:\/\/marisaono.com\/delicia\/2010\/06\/15\/eventos-e-festivais\/\">Continuar a ler <span class=\"meta-nav\">&rarr;<\/span><\/a><\/p>\n","protected":false},"author":1,"featured_media":0,"comment_status":"open","ping_status":"open","sticky":false,"template":"","format":"standard","meta":{"spay_email":"","footnotes":"","jetpack_publicize_message":"","jetpack_is_tweetstorm":false},"categories":[15,98],"tags":[],"jetpack_featured_media_url":"","jetpack_publicize_connections":[],"jetpack_sharing_enabled":true,"jetpack_shortlink":"https:\/\/wp.me\/pccs7-BN","jetpack-related-posts":[{"id":6448,"url":"https:\/\/marisaono.com\/delicia\/2013\/08\/27\/festival-do-lamen-sukiyaki-do-bem\/","url_meta":{"origin":2343,"position":0},"title":"Festival do Lamen, Sukiyaki do Bem","date":"Agosto 27, 2013","format":false,"excerpt":"A Associa\u00e7\u00e3o da prov\u00edncia de Hokkaido promove neste domingo o 17\u00b0 Festival do L\u00e1men, a partir das 11 horas. Tamb\u00e9m ser\u00e3o comercializados ichigo-daifuku, anmitsu, okowa de hijiki (uma alga que dizer que \u00e9 rica em ferro) e churrasco. N\u00e3o sabia da exist\u00eancia mas me garantiram que \u00e9 bem concorrido. Fica\u2026","rel":"","context":"In &quot;Culin\u00e1ria japonesa&quot;","img":{"alt_text":"","src":"https:\/\/i2.wp.com\/marisaono.com\/delicia\/wp-content\/uploads\/festival-do-lamen.jpg?resize=350%2C200&ssl=1","width":350,"height":200},"classes":[]},{"id":5076,"url":"https:\/\/marisaono.com\/delicia\/2012\/07\/26\/gokudo-meshi-sukiyaki\/","url_meta":{"origin":2343,"position":1},"title":"Gokudo Meshi (Sukiyaki)","date":"Julho 26, 2012","format":false,"excerpt":"Assisti a esse filme ontem. A sugest\u00e3o veio via \u00a0Facebook. \u00c9 a est\u00f3ria de 5 homens que cumprem pena em uma penitenci\u00e1ria. Valendo um item da refei\u00e7\u00e3o do Ano-Novo (oseti-ryoki), cada um fala do prato que mais gostaria de comer. E a descri\u00e7\u00e3o dos pratos, a interpreta\u00e7\u00e3o e tudo mais\u2026","rel":"","context":"With 2 comments","img":{"alt_text":"","src":"","width":0,"height":0},"classes":[]},{"id":6905,"url":"https:\/\/marisaono.com\/delicia\/2013\/12\/21\/sukiyaki-domburi-tigela-de-sukiyaki\/","url_meta":{"origin":2343,"position":2},"title":"Sukiyaki Domburi (Tigela de Sukiyaki)","date":"Dezembro 21, 2013","format":false,"excerpt":"Esta semana est\u00e1 dif\u00edcil. Vamos ver se consigo publicar tudo hoje. \u00c9 que ontem tamb\u00e9m fiquei sem conex\u00e3o e hoje, passei umas boas horas fora de casa. Ali\u00e1s, meu provedor est\u00e1 de parab\u00e9ns: pago caro, recebo pouca velocidade e, ainda por cima, fiquei sem o servi\u00e7o nada menos que 3\u2026","rel":"","context":"In &quot;carnes.&quot;","img":{"alt_text":"","src":"https:\/\/i0.wp.com\/marisaono.com\/delicia\/wp-content\/uploads\/IMG_3786.jpg?resize=350%2C200&ssl=1","width":350,"height":200},"classes":[]},{"id":1511,"url":"https:\/\/marisaono.com\/delicia\/2009\/07\/17\/12%c2%ba-festival-do-japao\/","url_meta":{"origin":2343,"position":3},"title":"12\u00ba Festival do Jap\u00e3o","date":"Julho 17, 2009","format":false,"excerpt":"Come\u00e7ou hoje o 12\u00ba Festival do Jap\u00e3o. Os hor\u00e1rios s\u00e3o: 17 (sexta) das 12:00 \u00e0s 21:00 hs 18 (s\u00e1bado) das 10:00 \u00e0s 21:00 hs 19 (domingo) das 10:00 \u00e0s 18:00 hs Mais informa\u00e7\u00f5es, no site do Festival: http:\/\/www.festivaldojapao.com\/","rel":"","context":"With 1 comment","img":{"alt_text":"","src":"","width":0,"height":0},"classes":[]},{"id":7500,"url":"https:\/\/marisaono.com\/delicia\/2014\/06\/12\/nakata-cafe\/","url_meta":{"origin":2343,"position":4},"title":"Nakata Caf\u00e9","date":"Junho 12, 2014","format":false,"excerpt":"Estive at\u00e9 agora h\u00e1 pouco na inaugura\u00e7\u00e3o do Nakata Net Cafe, que vai estar aberto no Octavio Caf\u00e9 (Avenida Brigadeiro Faria Lima, 2.996 ) por duas semanas.\u00a0 O ex-jogador de futebol \u00a0Hidetoshi Nakata veio para a inaugura\u00e7\u00e3o. A inten\u00e7\u00e3o \u00e9 apresentar um pouco da cultura e hospitalidade japonesas durante a\u2026","rel":"","context":"In &quot;Culin\u00e1ria japonesa&quot;","img":{"alt_text":"","src":"https:\/\/i1.wp.com\/marisaono.com\/delicia\/wp-content\/uploads\/IMG_4575.jpg?resize=350%2C200&ssl=1","width":350,"height":200},"classes":[]},{"id":116,"url":"https:\/\/marisaono.com\/delicia\/2007\/08\/27\/almanaque-da-tv\/","url_meta":{"origin":2343,"position":5},"title":"Almanaque da TV","date":"Agosto 27, 2007","format":false,"excerpt":"Rixa e Bia est\u00e3o lan\u00e7ando o Almanaque da TV.No Rio, dia 28 de agosto, \u00e0s 20:00 hs, no 00 (entre a PUC e o Planet\u00e1rio da G\u00e1vea).Em S\u00e3o Paulo, dia 29, \u00e0s 19:00 hs, na Livraria da Vila, Alameda Lorena 1731, Jardim Paulista(Entre a Haddock Lobo & Bela Cintra).Eu, infelizmente,\u2026","rel":"","context":"In &quot;cotidiano&quot;","img":{"alt_text":"","src":"","width":0,"height":0},"classes":[]}],"_links":{"self":[{"href":"https:\/\/marisaono.com\/delicia\/wp-json\/wp\/v2\/posts\/2343"}],"collection":[{"href":"https:\/\/marisaono.com\/delicia\/wp-json\/wp\/v2\/posts"}],"about":[{"href":"https:\/\/marisaono.com\/delicia\/wp-json\/wp\/v2\/types\/post"}],"author":[{"embeddable":true,"href":"https:\/\/marisaono.com\/delicia\/wp-json\/wp\/v2\/users\/1"}],"replies":[{"embeddable":true,"href":"https:\/\/marisaono.com\/delicia\/wp-json\/wp\/v2\/comments?post=2343"}],"version-history":[{"count":3,"href":"https:\/\/marisaono.com\/delicia\/wp-json\/wp\/v2\/posts\/2343\/revisions"}],"predecessor-version":[{"id":2406,"href":"https:\/\/marisaono.com\/delicia\/wp-json\/wp\/v2\/posts\/2343\/revisions\/2406"}],"wp:attachment":[{"href":"https:\/\/marisaono.com\/delicia\/wp-json\/wp\/v2\/media?parent=2343"}],"wp:term":[{"taxonomy":"category","embeddable":true,"href":"https:\/\/marisaono.com\/delicia\/wp-json\/wp\/v2\/categories?post=2343"},{"taxonomy":"post_tag","embeddable":true,"href":"https:\/\/marisaono.com\/delicia\/wp-json\/wp\/v2\/tags?post=2343"}],"curies":[{"name":"wp","href":"https:\/\/api.w.org\/{rel}","templated":true}]}}