{"id":2411,"date":"2010-07-12T19:01:02","date_gmt":"2010-07-12T22:01:02","guid":{"rendered":"http:\/\/marisaono.com\/delicia\/?p=2411"},"modified":"2010-07-12T19:01:02","modified_gmt":"2010-07-12T22:01:02","slug":"notas-da-semana","status":"publish","type":"post","link":"https:\/\/marisaono.com\/delicia\/2010\/07\/12\/notas-da-semana\/","title":{"rendered":"Notas da Semana"},"content":{"rendered":"<div class=\"translate_block\" style=\"display: none;\">\n<a class=\"translate_translate\" id=\"translate_button_post-2411\" lang=\"en\" xml:lang=\"en\" href=\"javascript:show_translate_popup('en', 'post', 2411);\">[Translate]<\/a><img src=\"https:\/\/marisaono.com\/delicia\/wp-content\/plugins\/google-ajax-translation\/transparent.gif\" id=\"translate_loading_post-2411\" class=\"translate_loading\" style=\"display: none;\" width=\"16\" height=\"16\" alt=\"\" \/>\n<hr class=\"translate_hr\" \/>\n<\/div>\n<div id=\"content_div-2411\">\n<p>Primeiro, queria agradecer ao <a href=\"http:\/\/mauj77.blogspot.com\/2010\/07\/o-triste-pacto-de-fogo-lost-in-japan.html\" target=\"_blank\">Alexandre Mauj Imamura Gonzales<\/a>, pela linda mensagem que ele mandou na semana passada, no dia do Tanabata Matsuri e que eu n\u00e3o respondi&#8230;<\/p>\n<p>Nos dias 16,17 e 18 de julho acontecer\u00e1 o 13\u00b0 Festival do Jap\u00e3o.\u00a0 Confira a lista das prov\u00edncias e pratos t\u00edpicos:<\/p>\n<p><a href=\"http:\/\/www.festivaldojapao.com\/noticias\/confira-a-lista-de-gastronomia-do-13-festival-do-jap-o.html\" target=\"_blank\">http:\/\/www.festivaldojapao.com\/noticias\/confira-a-lista-de-gastronomia-do-13-festival-do-jap-o.html<\/a><\/p>\n<p>J\u00e1 aviso que pretendo ir, sim e tirar quantas fotos forem poss\u00edveis.E o que vou comer? Bem, isso \u00e9 uma inc\u00f3gnita&#8230;<\/p>\n<p>E escrevi uma coisinha sobre o pingado, caf\u00e9-com-leite no<a href=\"http:\/\/fmbblog.wordpress.com\" target=\"_blank\"> blog Coffee-Break<\/a>.<\/p>\n<a href=\"https:\/\/www.freetellafriend.com\/tell\/?url=https%3A%2F%2Fmarisaono.com%2Fdelicia%2F2010%2F07%2F12%2Fnotas-da-semana%2F&title=Notas+da+Semana\" onclick=\"window.open('https:\/\/www.freetellafriend.com\/tell\/?url=https%3A%2F%2Fmarisaono.com%2Fdelicia%2F2010%2F07%2F12%2Fnotas-da-semana%2F&title=Notas+da+Semana', 'freetellafriend', 'scrollbars=1,menubar=0,width=617,height=530,resizable=1,toolbar=0,location=0,status=0,screenX=210,screenY=100,left=210,top=100'); return false;\" target=\"_blank\" title=\"Share This Post\"><img decoding=\"async\" src=\"http:\/\/marisaono.com\/delicia\/wp-content\/plugins\/tell-a-friend\/button.gif\" style=\"width:127px;height:16px;border:0px;\" alt=\"Share This Post\" title=\"Share This Post\" \/><\/a><\/div>\n","protected":false},"excerpt":{"rendered":"<p>[Translate] Primeiro, queria agradecer ao Alexandre Mauj Imamura Gonzales, pela linda mensagem que ele mandou na semana passada, no dia do Tanabata Matsuri e que eu n\u00e3o respondi&#8230; Nos dias 16,17 e 18 de julho acontecer\u00e1 o 13\u00b0 Festival do &hellip; <a href=\"https:\/\/marisaono.com\/delicia\/2010\/07\/12\/notas-da-semana\/\">Continuar a ler <span class=\"meta-nav\">&rarr;<\/span><\/a><\/p>\n","protected":false},"author":1,"featured_media":0,"comment_status":"open","ping_status":"open","sticky":false,"template":"","format":"standard","meta":{"spay_email":"","footnotes":"","jetpack_publicize_message":"","jetpack_is_tweetstorm":false},"categories":[14,17],"tags":[],"jetpack_featured_media_url":"","jetpack_publicize_connections":[],"jetpack_sharing_enabled":true,"jetpack_shortlink":"https:\/\/wp.me\/pccs7-CT","jetpack-related-posts":[{"id":6289,"url":"https:\/\/marisaono.com\/delicia\/2013\/07\/17\/festival-do-japao-2013\/","url_meta":{"origin":2411,"position":0},"title":"Festival do Jap\u00e3o 2013","date":"Julho 17, 2013","format":false,"excerpt":"Come\u00e7a na sexta-feira o Festival do Jap\u00e3o no Centro de Exposi\u00e7\u00f5es Imigrantes. Al\u00e9m das barracas de comidas t\u00edpicas de cada prov\u00edncia japonesa, haver\u00e3o atividades, shows, expositores. H\u00e1 a op\u00e7\u00e3o de ir de metr\u00f4 e pegar o \u00f4nibus gratuito, que sai da esta\u00e7\u00e3o Jabaquara. Ou seguir \u00e0 p\u00e9 (cerca de 850\u2026","rel":"","context":"In &quot;Culin\u00e1ria japonesa&quot;","img":{"alt_text":"","src":"","width":0,"height":0},"classes":[]},{"id":6448,"url":"https:\/\/marisaono.com\/delicia\/2013\/08\/27\/festival-do-lamen-sukiyaki-do-bem\/","url_meta":{"origin":2411,"position":1},"title":"Festival do Lamen, Sukiyaki do Bem","date":"Agosto 27, 2013","format":false,"excerpt":"A Associa\u00e7\u00e3o da prov\u00edncia de Hokkaido promove neste domingo o 17\u00b0 Festival do L\u00e1men, a partir das 11 horas. Tamb\u00e9m ser\u00e3o comercializados ichigo-daifuku, anmitsu, okowa de hijiki (uma alga que dizer que \u00e9 rica em ferro) e churrasco. N\u00e3o sabia da exist\u00eancia mas me garantiram que \u00e9 bem concorrido. Fica\u2026","rel":"","context":"In &quot;Culin\u00e1ria japonesa&quot;","img":{"alt_text":"","src":"https:\/\/i2.wp.com\/marisaono.com\/delicia\/wp-content\/uploads\/festival-do-lamen.jpg?resize=350%2C200&ssl=1","width":350,"height":200},"classes":[]},{"id":7279,"url":"https:\/\/marisaono.com\/delicia\/2014\/04\/08\/agenda-da-semana-comida-japonesa\/","url_meta":{"origin":2411,"position":2},"title":"Agenda da Semana: Comida Japonesa","date":"Abril 8, 2014","format":false,"excerpt":"S\u00e1bado que vem, dia 12, vai ter barraquinha em frente do Sakagura A1 (Rua Jeronimo da Veiga 74). A inten\u00e7\u00e3o \u00e9 que o evento se repita uma vez por m\u00eas. Nessa edi\u00e7\u00e3o vai ter yakiniku (l\u00edngua de boi, costelinha marinada no misso e asa de frango) a R$18,00 ou o\u2026","rel":"","context":"In &quot;Culin\u00e1ria japonesa&quot;","img":{"alt_text":"","src":"https:\/\/i2.wp.com\/marisaono.com\/delicia\/wp-content\/uploads\/13560220914_8e74a6bbb2.jpg?resize=350%2C200&ssl=1","width":350,"height":200},"classes":[]},{"id":6439,"url":"https:\/\/marisaono.com\/delicia\/2013\/08\/25\/agenda-hortalicas-nao-convencionais-sprw-e-mesa-sp\/","url_meta":{"origin":2411,"position":3},"title":"Agenda: Hortali\u00e7as N\u00e3o-Convencionais, SPRW e Mesa SP","date":"Agosto 25, 2013","format":false,"excerpt":"Amanh\u00e3 Neide Rigo fala sobre Plantas aliment\u00edcias n\u00e3o-convencionais\u00a0(as PANCs). A entrada \u00e9 gratuita mas \u00e9 preciso retirar senha. Vai ser\u00a0das 19h30 \u00e0s 21h, no Teatro Eva Herz - Livraria Cultura do Conjunto Nacional \u00a0(esquina da avenida Paulista com Augusta - Metr\u00f4 Consola\u00e7\u00e3o). Para saber mais, v\u00e1 at\u00e9 o blog dela:\u2026","rel":"","context":"In &quot;dicas&quot;","img":{"alt_text":"","src":"https:\/\/i2.wp.com\/marisaono.com\/delicia\/wp-content\/uploads\/bochecha-de-boi.jpg?resize=350%2C200&ssl=1","width":350,"height":200},"classes":[]},{"id":6129,"url":"https:\/\/marisaono.com\/delicia\/2013\/06\/08\/dia-dos-namorados-2\/","url_meta":{"origin":2411,"position":4},"title":"Dia dos Namorados","date":"Junho 8, 2013","format":false,"excerpt":"Bem, n\u00e3o sou a pessoa mais rom\u00e2ntica do mundo, n\u00e3o tenho namorado e nunca tive o h\u00e1bito de comemorar o dia dos namorados. N\u00e3o vou publicar nenhuma receita para a data. \u00a0Mas isso n\u00e3o significa que todo mundo tem que ser como eu. Aqui v\u00e3o umas sugest\u00f5es de lugares onde\u2026","rel":"","context":"In &quot;Lugares&quot;","img":{"alt_text":"","src":"https:\/\/i1.wp.com\/marisaono.com\/delicia\/wp-content\/uploads\/ostras2.jpg?resize=350%2C200&ssl=1","width":350,"height":200},"classes":[]},{"id":9076,"url":"https:\/\/marisaono.com\/delicia\/2016\/07\/13\/produtos-orientais-no-ceagesp-tem\/","url_meta":{"origin":2411,"position":5},"title":"Produtos Orientais no CEAGESP? Tem!","date":"Julho 13, 2016","format":false,"excerpt":"Voc\u00ea pode comprar alguns produtos orientais nas barracas do Varej\u00e3o do CEAGESP aos s\u00e1bados e domingos. Creio que s\u00e3o 3, se n\u00e3o me engano. No meio da semana e aos s\u00e1bados, depois das 10 horas, ainda tem a op\u00e7\u00e3o de dois boxes: Agro Nippo (Pav. AMA Box 11-12; fica \u00e0\u2026","rel":"","context":"In &quot;Compras&quot;","img":{"alt_text":"","src":"","width":0,"height":0},"classes":[]}],"_links":{"self":[{"href":"https:\/\/marisaono.com\/delicia\/wp-json\/wp\/v2\/posts\/2411"}],"collection":[{"href":"https:\/\/marisaono.com\/delicia\/wp-json\/wp\/v2\/posts"}],"about":[{"href":"https:\/\/marisaono.com\/delicia\/wp-json\/wp\/v2\/types\/post"}],"author":[{"embeddable":true,"href":"https:\/\/marisaono.com\/delicia\/wp-json\/wp\/v2\/users\/1"}],"replies":[{"embeddable":true,"href":"https:\/\/marisaono.com\/delicia\/wp-json\/wp\/v2\/comments?post=2411"}],"version-history":[{"count":1,"href":"https:\/\/marisaono.com\/delicia\/wp-json\/wp\/v2\/posts\/2411\/revisions"}],"predecessor-version":[{"id":2412,"href":"https:\/\/marisaono.com\/delicia\/wp-json\/wp\/v2\/posts\/2411\/revisions\/2412"}],"wp:attachment":[{"href":"https:\/\/marisaono.com\/delicia\/wp-json\/wp\/v2\/media?parent=2411"}],"wp:term":[{"taxonomy":"category","embeddable":true,"href":"https:\/\/marisaono.com\/delicia\/wp-json\/wp\/v2\/categories?post=2411"},{"taxonomy":"post_tag","embeddable":true,"href":"https:\/\/marisaono.com\/delicia\/wp-json\/wp\/v2\/tags?post=2411"}],"curies":[{"name":"wp","href":"https:\/\/api.w.org\/{rel}","templated":true}]}}