{"id":2416,"date":"2010-07-14T22:35:50","date_gmt":"2010-07-15T01:35:50","guid":{"rendered":"http:\/\/marisaono.com\/delicia\/?p=2416"},"modified":"2010-07-14T22:35:50","modified_gmt":"2010-07-15T01:35:50","slug":"sao-joao-esta-dormindo","status":"publish","type":"post","link":"https:\/\/marisaono.com\/delicia\/2010\/07\/14\/sao-joao-esta-dormindo\/","title":{"rendered":"S\u00e3o Jo\u00e3o Est\u00e1 Dormindo&#8230;"},"content":{"rendered":"<div class=\"translate_block\" style=\"display: none;\">\n<a class=\"translate_translate\" id=\"translate_button_post-2416\" lang=\"en\" xml:lang=\"en\" href=\"javascript:show_translate_popup('en', 'post', 2416);\">[Translate]<\/a><img src=\"https:\/\/marisaono.com\/delicia\/wp-content\/plugins\/google-ajax-translation\/transparent.gif\" id=\"translate_loading_post-2416\" class=\"translate_loading\" style=\"display: none;\" width=\"16\" height=\"16\" alt=\"\" \/>\n<hr class=\"translate_hr\" \/>\n<\/div>\n<div id=\"content_div-2416\">\n<p><a href=\"http:\/\/marisaono.com\/delicia\/wp-content\/uploads\/bandeirinhas.jpg\"><img loading=\"lazy\" decoding=\"async\" class=\"alignnone size-full wp-image-2417\" title=\"bandeirinhas\" src=\"http:\/\/marisaono.com\/delicia\/wp-content\/uploads\/bandeirinhas.jpg\" alt=\"\" width=\"480\" height=\"360\" srcset=\"https:\/\/marisaono.com\/delicia\/wp-content\/uploads\/bandeirinhas.jpg 480w, https:\/\/marisaono.com\/delicia\/wp-content\/uploads\/bandeirinhas-360x270.jpg 360w, https:\/\/marisaono.com\/delicia\/wp-content\/uploads\/bandeirinhas-150x113.jpg 150w, https:\/\/marisaono.com\/delicia\/wp-content\/uploads\/bandeirinhas-400x300.jpg 400w\" sizes=\"(max-width: 480px) 100vw, 480px\" \/><\/a><\/p>\n<p>Pediram-me para escrever sobre a a\u00e7\u00e3o que a Consul est\u00e1 promovendo, entitulada\u00a0 Segredos do Brasil. \u00c9 simples: voc\u00ea envia a foto do que voc\u00ea considera seu segredo para uma festa junina especial. As instru\u00e7\u00f5es est\u00e3o no site: <a href=\"http:\/\/www.segredosconsul.com.br\/\" target=\"_blank\">http:\/\/www.segredosconsul.com.br\/<\/a> . As fotos selecionadas s\u00e3o expostas no painel do site e no final, o mosaico de fotos ser\u00e1 exibido na tv e as 10 mais comentadas aparecer\u00e3o em destaque.<\/p>\n<p>As blogueiras do <a href=\"http:\/\/www.mixirica.com.br\/\" target=\"_blank\">Mixirica<\/a>, <a href=\"http:\/\/www.panelaterapia.com\/\" target=\"_blank\">Panelaterapia<\/a> e <a href=\"http:\/\/recemcasada.com.br\/\" target=\"_blank\">Rec\u00e9m-Casada<\/a> cobriram as festas de diferentes localidades. Que del\u00edcia de relatos!\u00a0 Quantos quitutes que eu desconhe\u00e7o!<\/p>\n<p>Mas quanto ao meu segredo? Que sei eu sobre festas juninas, bicho da cidade, que s\u00f3 viu uma planta\u00e7\u00e3o, um terreiro de caf\u00e9 depois dos 10 anos de idade? Todas as festas juninas que fui foram dentro de escolas ou clubes. A minha primeira festa junina foi &#8211; pasmem &#8211; dentro de um austero sal\u00e3o de um antigo clube de cavalheiros, na ainda Guanabara. N\u00e3o gostava de ensaiar quadrilha, porque sempre fui desengon\u00e7ada e n\u00e3o h\u00e1 nada que cure falta de coordena\u00e7\u00e3o motora. Dan\u00e7ava com sacrificio e como tal, esperava que terminasse logo.<\/p>\n<p>No entanto, oferecia-me alegremente para colar metros e metros de bandeirinhas. Naquela \u00e9poca vendiam apenas as bandeirinhas de papel colorido. Eu estendia o barbante ao longo da sala, pegava uma bandeirinha, passava um pouco de cola &#8211; s\u00f3 um pouco, porque cola demais amolecia o papel, ele amea\u00e7ava derreter, virava uma coisa! -na ponta, dobrava com cuidado. Media dois palmos e colava outra. E assim eu passava algumas tardes, sem querer saber de tv, sem ler gibis, compenetrada em uma tarefa que eu julgava muito importante.<\/p>\n<p>Eu acho muito triste um arraial com poucas bandeirinhas. E hoje nem s\u00e3o coladas \u00e0 m\u00e3o, outro dia topei com elas j\u00e1 prontas, em uma loja de material para festas. Para mim, festa junina sem enfeites, sem cor, \u00e9 s\u00f3 outra quermesse, outra comemora\u00e7\u00e3o qualquer.<\/p>\n<p>Mas como esse blog \u00e9, digamos, um blog culin\u00e1rio, n\u00e3o posso deixar de falar de comida. Vou contar outro segredinho: eu adoro canjica quentinha. E acho um absurdo fazer em outra \u00e9poca do ano que n\u00e3o seja inverno.Por qu\u00ea? Oras, porque cada coisa tem sua \u00e9poca. Panetone no Natal, chocolate na P\u00e1scoa, bolo no anivers\u00e1rio. E \u00e9 muito gostoso esperar por uma data, por uma \u00e9poca.<\/p>\n<p>A campanha est\u00e1 chegando ao fim. E apesar de j\u00e1 estarmos em julho, sei que ainda est\u00e3o rolando muitas festas Brasil afora. Conte voc\u00ea tamb\u00e9m o que considera o grande segredo das festas juninas. Envie sua foto e vamos todos montar o painel que represente a diversidade e a alegria do povo brasileiro.<\/p>\n<a href=\"https:\/\/www.freetellafriend.com\/tell\/?url=https%3A%2F%2Fmarisaono.com%2Fdelicia%2F2010%2F07%2F14%2Fsao-joao-esta-dormindo%2F&title=S%C3%A3o+Jo%C3%A3o+Est%C3%A1+Dormindo%26%238230%3B\" onclick=\"window.open('https:\/\/www.freetellafriend.com\/tell\/?url=https%3A%2F%2Fmarisaono.com%2Fdelicia%2F2010%2F07%2F14%2Fsao-joao-esta-dormindo%2F&title=S%C3%A3o+Jo%C3%A3o+Est%C3%A1+Dormindo%26%238230%3B', 'freetellafriend', 'scrollbars=1,menubar=0,width=617,height=530,resizable=1,toolbar=0,location=0,status=0,screenX=210,screenY=100,left=210,top=100'); return false;\" target=\"_blank\" title=\"Share This Post\"><img decoding=\"async\" src=\"http:\/\/marisaono.com\/delicia\/wp-content\/plugins\/tell-a-friend\/button.gif\" style=\"width:127px;height:16px;border:0px;\" alt=\"Share This Post\" title=\"Share This Post\" \/><\/a><\/div>\n","protected":false},"excerpt":{"rendered":"<p>[Translate] Pediram-me para escrever sobre a a\u00e7\u00e3o que a Consul est\u00e1 promovendo, entitulada\u00a0 Segredos do Brasil. \u00c9 simples: voc\u00ea envia a foto do que voc\u00ea considera seu segredo para uma festa junina especial. As instru\u00e7\u00f5es est\u00e3o no site: http:\/\/www.segredosconsul.com.br\/ . &hellip; <a href=\"https:\/\/marisaono.com\/delicia\/2010\/07\/14\/sao-joao-esta-dormindo\/\">Continuar a ler <span class=\"meta-nav\">&rarr;<\/span><\/a><\/p>\n","protected":false},"author":1,"featured_media":2417,"comment_status":"open","ping_status":"open","sticky":false,"template":"","format":"standard","meta":{"spay_email":"","footnotes":"","jetpack_publicize_message":"","jetpack_is_tweetstorm":false},"categories":[253],"tags":[],"jetpack_featured_media_url":"https:\/\/marisaono.com\/delicia\/wp-content\/uploads\/bandeirinhas.jpg","jetpack_publicize_connections":[],"jetpack_sharing_enabled":true,"jetpack_shortlink":"https:\/\/wp.me\/pccs7-CY","jetpack-related-posts":[{"id":2438,"url":"https:\/\/marisaono.com\/delicia\/2010\/07\/18\/festival-do-japo\/","url_meta":{"origin":2416,"position":0},"title":"Festival do Jap\u00e3o - Parte 1","date":"Julho 18, 2010","format":false,"excerpt":"Fui ao Festival do Jap\u00e3o no s\u00e1bado, dia 17. Chegamos depois do meio-dia. Felizmente n\u00e3o choveu e eu n\u00e3o senti tanto frio quanto pensava. Ali\u00e1s, at\u00e9 passei calor porque fui agasalhada demais. H\u00e1 muito que eu n\u00e3o ia a uma festa da comunidade japonesa. E, tirando a festa de comemora\u00e7\u00e3o\u2026","rel":"","context":"In &quot;Culin\u00e1ria japonesa&quot;","img":{"alt_text":"","src":"https:\/\/i0.wp.com\/marisaono.com\/delicia\/wp-content\/uploads\/IMG_5120.jpg?resize=350%2C200&ssl=1","width":350,"height":200},"classes":[]},{"id":2938,"url":"https:\/\/marisaono.com\/delicia\/2011\/01\/01\/primeiro-dia-de-2011\/","url_meta":{"origin":2416,"position":1},"title":"Primeiro Dia de 2011","date":"Janeiro 1, 2011","format":false,"excerpt":"No primeiro dia do ano, fui conhecer a Flora da Marta, em Ibi\u00fana. Como sou atrapalhada\u00a0 de nascen\u00e7a, errei o caminho e cheguei depois do combinado, mas n\u00e3o foi um drama. De cara, uma bela orquidea exibia seus cachos amarelos em frente da casa. Eu n\u00e3o sabia que salgueiro d\u00e1\u2026","rel":"","context":"In &quot;cotidiano&quot;","img":{"alt_text":"","src":"https:\/\/i2.wp.com\/marisaono.com\/delicia\/wp-content\/uploads\/Flora-da-Marta-Orquidea.jpg?resize=350%2C200&ssl=1","width":350,"height":200},"classes":[]},{"id":2772,"url":"https:\/\/marisaono.com\/delicia\/2010\/09\/29\/bottarga-de-pobre\/","url_meta":{"origin":2416,"position":2},"title":"Bottarga de Pobre","date":"Setembro 29, 2010","format":false,"excerpt":"Quem me acompanha por aqui sabe que eu amo ovos. Ovos frescos s\u00e3o uma coisa deliciosa. Infelizmente n\u00e3o temos a felicidade de contar com ovos do dia, a n\u00e3o ser que se crie uma galinha no quintal ou tenha um produtor por perto. N\u00e3o sei se repararam, mas nas caixas,\u2026","rel":"","context":"In &quot;conservas&quot;","img":{"alt_text":"","src":"https:\/\/i1.wp.com\/marisaono.com\/delicia\/wp-content\/uploads\/bottarga-de-pobre.jpg?resize=350%2C200&ssl=1","width":350,"height":200},"classes":[]},{"id":2809,"url":"https:\/\/marisaono.com\/delicia\/2010\/10\/18\/docinhos-de-festa\/","url_meta":{"origin":2416,"position":3},"title":"Docinhos de Festa","date":"Outubro 18, 2010","format":false,"excerpt":"Eu sou de um tempo em que certos docinhos, s\u00f3 em dia de festa. Comia doce de batata-doce, doce de leite, pa\u00e7oca, esses doces de quitanda ou \"venda\" (depende da regi\u00e3o do pa\u00eds). Quando eu era pequena, minha m\u00e3e batia um bolo. Depois, na adolesc\u00eancia, se eu queria comer um\u2026","rel":"","context":"In &quot;cotidiano&quot;","img":{"alt_text":"","src":"https:\/\/i0.wp.com\/marisaono.com\/delicia\/wp-content\/uploads\/marciaeventos-docinhos.jpg?resize=350%2C200&ssl=1","width":350,"height":200},"classes":[]},{"id":6480,"url":"https:\/\/marisaono.com\/delicia\/2013\/09\/02\/curso-de-docinhos-para-festas-na-escola-wilma-kovesi\/","url_meta":{"origin":2416,"position":4},"title":"Curso de Docinhos para Festas na Escola Wilma Kovesi","date":"Setembro 2, 2013","format":false,"excerpt":"Outro dia me perguntaram sobre cursos de docinhos para festas. Sinto se n\u00e3o me lembro se foi no Facebook, Twitter, e-mail ou coment\u00e1rios do blog. De qualquer forma, para quem est\u00e1 interessado, nesta sexta-feira, Carole Crema ensina a fazer docinhos lindos e especiais: Brigadeiro Amargo, Fondant Pralin\u00e9, Waffer de Gianduia,\u2026","rel":"","context":"In &quot;dicas&quot;","img":{"alt_text":"","src":"","width":0,"height":0},"classes":[]},{"id":197,"url":"https:\/\/marisaono.com\/delicia\/2008\/01\/17\/imigracao-japonesa\/","url_meta":{"origin":2416,"position":5},"title":"Imigra\u00e7\u00e3o Japonesa","date":"Janeiro 17, 2008","format":false,"excerpt":"Este ano \u00e9 o ano do centen\u00e1rio da imigra\u00e7\u00e3o japonesa no Brasil. Dizem que S\u00e3o Paulo est\u00e1 se preparando (e n\u00e3o \u00e9 de hoje) para a festa. Curiosamente, n\u00e3o ou\u00e7o nada aqui em Londrina, o que \u00e9 uma pena. Seria uma boa, tanto para o com\u00e9rcio, como para comunidade, com\u2026","rel":"","context":"In &quot;Culin\u00e1ria japonesa&quot;","img":{"alt_text":"","src":"","width":0,"height":0},"classes":[]}],"_links":{"self":[{"href":"https:\/\/marisaono.com\/delicia\/wp-json\/wp\/v2\/posts\/2416"}],"collection":[{"href":"https:\/\/marisaono.com\/delicia\/wp-json\/wp\/v2\/posts"}],"about":[{"href":"https:\/\/marisaono.com\/delicia\/wp-json\/wp\/v2\/types\/post"}],"author":[{"embeddable":true,"href":"https:\/\/marisaono.com\/delicia\/wp-json\/wp\/v2\/users\/1"}],"replies":[{"embeddable":true,"href":"https:\/\/marisaono.com\/delicia\/wp-json\/wp\/v2\/comments?post=2416"}],"version-history":[{"count":1,"href":"https:\/\/marisaono.com\/delicia\/wp-json\/wp\/v2\/posts\/2416\/revisions"}],"predecessor-version":[{"id":2418,"href":"https:\/\/marisaono.com\/delicia\/wp-json\/wp\/v2\/posts\/2416\/revisions\/2418"}],"wp:featuredmedia":[{"embeddable":true,"href":"https:\/\/marisaono.com\/delicia\/wp-json\/wp\/v2\/media\/2417"}],"wp:attachment":[{"href":"https:\/\/marisaono.com\/delicia\/wp-json\/wp\/v2\/media?parent=2416"}],"wp:term":[{"taxonomy":"category","embeddable":true,"href":"https:\/\/marisaono.com\/delicia\/wp-json\/wp\/v2\/categories?post=2416"},{"taxonomy":"post_tag","embeddable":true,"href":"https:\/\/marisaono.com\/delicia\/wp-json\/wp\/v2\/tags?post=2416"}],"curies":[{"name":"wp","href":"https:\/\/api.w.org\/{rel}","templated":true}]}}