{"id":2438,"date":"2010-07-18T18:40:00","date_gmt":"2010-07-18T21:40:00","guid":{"rendered":"http:\/\/marisaono.com\/delicia\/?p=2438"},"modified":"2010-07-18T19:24:43","modified_gmt":"2010-07-18T22:24:43","slug":"festival-do-japo","status":"publish","type":"post","link":"https:\/\/marisaono.com\/delicia\/2010\/07\/18\/festival-do-japo\/","title":{"rendered":"Festival do Jap\u00e3o &#8211; Parte 1"},"content":{"rendered":"<div class=\"translate_block\" style=\"display: none;\">\n<a class=\"translate_translate\" id=\"translate_button_post-2438\" lang=\"en\" xml:lang=\"en\" href=\"javascript:show_translate_popup('en', 'post', 2438);\">[Translate]<\/a><img src=\"https:\/\/marisaono.com\/delicia\/wp-content\/plugins\/google-ajax-translation\/transparent.gif\" id=\"translate_loading_post-2438\" class=\"translate_loading\" style=\"display: none;\" width=\"16\" height=\"16\" alt=\"\" \/>\n<hr class=\"translate_hr\" \/>\n<\/div>\n<div id=\"content_div-2438\">\n<p><a href=\"http:\/\/marisaono.com\/delicia\/wp-content\/uploads\/IMG_5120.jpg\"><img loading=\"lazy\" decoding=\"async\" style=\"display: inline; border: 0px;\" title=\"festival do japao entrada\" src=\"http:\/\/marisaono.com\/delicia\/wp-content\/uploads\/IMG_5120_thumb.jpg\" border=\"0\" alt=\"festival do japao entrada\" width=\"484\" height=\"363\" \/><\/a><\/p>\n<p>Fui ao Festival do Jap\u00e3o no s\u00e1bado, dia 17. Chegamos depois do meio-dia. Felizmente n\u00e3o choveu e eu n\u00e3o senti tanto frio quanto pensava. Ali\u00e1s, at\u00e9 passei calor porque fui agasalhada demais.<\/p>\n<p><a href=\"http:\/\/marisaono.com\/delicia\/wp-content\/uploads\/IMG_5123.jpg\"><img loading=\"lazy\" decoding=\"async\" style=\"display: inline; border: 0px;\" title=\"IMG_5123\" src=\"http:\/\/marisaono.com\/delicia\/wp-content\/uploads\/IMG_5123_thumb.jpg\" border=\"0\" alt=\"IMG_5123\" width=\"484\" height=\"274\" \/><\/a><\/p>\n<p>H\u00e1 muito que eu n\u00e3o ia a uma festa da comunidade japonesa. E, tirando a festa de comemora\u00e7\u00e3o dos 80 anos da imigra\u00e7\u00e3o japonesa, nunca fui a uma t\u00e3o grande. Muita gente, muitas barraquinhas, muitas atra\u00e7\u00f5es. E, claro, muita comida tamb\u00e9m.<\/p>\n<p><a href=\"http:\/\/marisaono.com\/delicia\/wp-content\/uploads\/IMG_5129.jpg\"><img loading=\"lazy\" decoding=\"async\" style=\"display: inline; border: 0px;\" title=\"festival do japao yamagata\" src=\"http:\/\/marisaono.com\/delicia\/wp-content\/uploads\/IMG_5129_thumb.jpg\" border=\"0\" alt=\"festival do japao yamagata\" width=\"484\" height=\"363\" \/><\/a><\/p>\n<p>A primeira coisa que provamos foi o gyoza e o kakiague na barraquinha de Yamagata. A fome era muita, mas tentamos nos conter para poder provar o m\u00e1ximo que pod\u00edamos.<\/p>\n<p><a href=\"http:\/\/marisaono.com\/delicia\/wp-content\/uploads\/IMG_5130.jpg\"><img loading=\"lazy\" decoding=\"async\" style=\"display: inline; border: 0px;\" title=\"festival do japao yamagata1\" src=\"http:\/\/marisaono.com\/delicia\/wp-content\/uploads\/IMG_5130_thumb.jpg\" border=\"0\" alt=\"festival do japao yamagata1\" width=\"364\" height=\"484\" \/><\/a><\/p>\n<p>Gostei do gyoza recheado com carne, repolho e nir\u00e1 e tamb\u00e9m gostei do kakiage, que estava quentinho, crocante por fora e macio por dentro. Para voc\u00eas terem id\u00e9ia, n\u00e3o tirei foto.<\/p>\n<p><a href=\"http:\/\/marisaono.com\/delicia\/wp-content\/uploads\/IMG_5125.jpg\"><img loading=\"lazy\" decoding=\"async\" style=\"display: inline; border: 0px;\" title=\"festival do japao kochi\" src=\"http:\/\/marisaono.com\/delicia\/wp-content\/uploads\/IMG_5125_thumb.jpg\" border=\"0\" alt=\"festival do japao kochi\" width=\"484\" height=\"364\" \/><\/a><\/p>\n<p>A barraquinha da prov\u00edncia de Kochi apresentava pratos curiosos para a maioria: sugatazushi (sushi dentro de um peixe, depois cortado em por\u00e7\u00f5es), conserva de sardinha\u2026<\/p>\n<p><a href=\"http:\/\/marisaono.com\/delicia\/wp-content\/uploads\/IMG_5126.jpg\"><img loading=\"lazy\" decoding=\"async\" style=\"display: inline; border: 0px;\" title=\"festival do japao kochi 1\" src=\"http:\/\/marisaono.com\/delicia\/wp-content\/uploads\/IMG_5126_thumb.jpg\" border=\"0\" alt=\"festival do japao kochi 1\" width=\"484\" height=\"363\" \/><\/a><\/p>\n<p>\u2026 e um peixe no vapor, pelo que me pareceu, recheado com arroz. Pena que a foto n\u00e3o est\u00e1 muito boa. O peixe \u00e9 aberto pelas costas.<\/p>\n<p><a href=\"http:\/\/marisaono.com\/delicia\/wp-content\/uploads\/IMG_5132.jpg\"><img loading=\"lazy\" decoding=\"async\" style=\"display: inline; border: 0px;\" title=\"IMG_5132\" src=\"http:\/\/marisaono.com\/delicia\/wp-content\/uploads\/IMG_5132_thumb.jpg\" border=\"0\" alt=\"IMG_5132\" width=\"484\" height=\"363\" \/><\/a><\/p>\n<p>A Prov\u00edncia de Gunma servia kakiage e takikomi goham. Akita, kiritampo e caipirinha de sake.<\/p>\n<p><a href=\"http:\/\/marisaono.com\/delicia\/wp-content\/uploads\/IMG_5133.jpg\"><img loading=\"lazy\" decoding=\"async\" style=\"display: inline; border: 0px;\" title=\"IMG_5133\" src=\"http:\/\/marisaono.com\/delicia\/wp-content\/uploads\/IMG_5133_thumb.jpg\" border=\"0\" alt=\"IMG_5133\" width=\"484\" height=\"364\" \/><\/a><\/p>\n<p>Na barraquinha de Myagui tinha l\u00edngua de boi, gyoza, yakisoba e harakomeshi. Confesso que lamentei n\u00e3o ter provado a l\u00edngua de boi (gyutan), h\u00e1 muito n\u00e3o como uma.<\/p>\n<p><a href=\"http:\/\/marisaono.com\/delicia\/wp-content\/uploads\/IMG_5134.jpg\"><img loading=\"lazy\" decoding=\"async\" style=\"display: inline; border: 0px;\" title=\"IMG_5134\" src=\"http:\/\/marisaono.com\/delicia\/wp-content\/uploads\/IMG_5134_thumb.jpg\" border=\"0\" alt=\"IMG_5134\" width=\"484\" height=\"363\" \/><\/a><\/p>\n<p>Fukui \u00e9 uma das prov\u00edncias que visitei. Lembro do vento do mar do Jap\u00e3o, seu litoral escarpado, caranguejos, lulas e ouri\u00e7os em v\u00e1rios restaurantes e sorvete de batata-doce. Tamb\u00e9m lembro de muitas lembrancinhas feitas de pedra, sobretudo magnetita. Na barraquinha da associa\u00e7\u00e3o, pastel, tempura e yakisoba.<\/p>\n<p>Amanh\u00e3 continuo com a segunda parte dessa festa.<\/p>\n<a href=\"https:\/\/www.freetellafriend.com\/tell\/?url=https%3A%2F%2Fmarisaono.com%2Fdelicia%2F2010%2F07%2F18%2Ffestival-do-japo%2F&title=Festival+do+Jap%C3%A3o+%26%238211%3B+Parte+1\" onclick=\"window.open('https:\/\/www.freetellafriend.com\/tell\/?url=https%3A%2F%2Fmarisaono.com%2Fdelicia%2F2010%2F07%2F18%2Ffestival-do-japo%2F&title=Festival+do+Jap%C3%A3o+%26%238211%3B+Parte+1', 'freetellafriend', 'scrollbars=1,menubar=0,width=617,height=530,resizable=1,toolbar=0,location=0,status=0,screenX=210,screenY=100,left=210,top=100'); return false;\" target=\"_blank\" title=\"Share This Post\"><img decoding=\"async\" src=\"http:\/\/marisaono.com\/delicia\/wp-content\/plugins\/tell-a-friend\/button.gif\" style=\"width:127px;height:16px;border:0px;\" alt=\"Share This Post\" title=\"Share This Post\" \/><\/a><\/div>\n","protected":false},"excerpt":{"rendered":"<p>[Translate] Fui ao Festival do Jap\u00e3o no s\u00e1bado, dia 17. Chegamos depois do meio-dia. Felizmente n\u00e3o choveu e eu n\u00e3o senti tanto frio quanto pensava. Ali\u00e1s, at\u00e9 passei calor porque fui agasalhada demais. H\u00e1 muito que eu n\u00e3o ia a &hellip; <a href=\"https:\/\/marisaono.com\/delicia\/2010\/07\/18\/festival-do-japo\/\">Continuar a ler <span class=\"meta-nav\">&rarr;<\/span><\/a><\/p>\n","protected":false},"author":1,"featured_media":2420,"comment_status":"open","ping_status":"open","sticky":false,"template":"","format":"standard","meta":{"spay_email":"","footnotes":"","jetpack_publicize_message":"","jetpack_is_tweetstorm":false},"categories":[15,98],"tags":[78,131,125],"jetpack_featured_media_url":"https:\/\/marisaono.com\/delicia\/wp-content\/uploads\/IMG_5120.jpg","jetpack_publicize_connections":[],"jetpack_sharing_enabled":true,"jetpack_shortlink":"https:\/\/wp.me\/pccs7-Dk","jetpack-related-posts":[{"id":6289,"url":"https:\/\/marisaono.com\/delicia\/2013\/07\/17\/festival-do-japao-2013\/","url_meta":{"origin":2438,"position":0},"title":"Festival do Jap\u00e3o 2013","date":"Julho 17, 2013","format":false,"excerpt":"Come\u00e7a na sexta-feira o Festival do Jap\u00e3o no Centro de Exposi\u00e7\u00f5es Imigrantes. Al\u00e9m das barracas de comidas t\u00edpicas de cada prov\u00edncia japonesa, haver\u00e3o atividades, shows, expositores. H\u00e1 a op\u00e7\u00e3o de ir de metr\u00f4 e pegar o \u00f4nibus gratuito, que sai da esta\u00e7\u00e3o Jabaquara. Ou seguir \u00e0 p\u00e9 (cerca de 850\u2026","rel":"","context":"In &quot;Culin\u00e1ria japonesa&quot;","img":{"alt_text":"","src":"","width":0,"height":0},"classes":[]},{"id":6529,"url":"https:\/\/marisaono.com\/delicia\/2013\/09\/18\/produtos-japoneses-no-alimentaria\/","url_meta":{"origin":2438,"position":1},"title":"Produtos Japoneses no Alimentaria","date":"Setembro 18, 2013","format":false,"excerpt":"A vantagem de ir a uma feira de produtos \u00e9 ter contato com coisas novas e obter mais informa\u00e7\u00f5es. A Jetro (Japan External Trade Organization) e a MAFF (Ministery of Agriculture, Forestry and Fisheries) montaram stands para divulgar produtos e a gastronomia japonesa. Uma das coisas curiosas que vi l\u00e1\u2026","rel":"","context":"In &quot;Culin\u00e1ria japonesa&quot;","img":{"alt_text":"","src":"https:\/\/i0.wp.com\/marisaono.com\/delicia\/wp-content\/uploads\/IMG_3069.jpg?resize=350%2C200&ssl=1","width":350,"height":200},"classes":[]},{"id":2456,"url":"https:\/\/marisaono.com\/delicia\/2010\/07\/22\/festival-do-japao-parte-3\/","url_meta":{"origin":2438,"position":2},"title":"Festival do Jap\u00e3o - Parte 3","date":"Julho 22, 2010","format":false,"excerpt":"Na barraca de Yamanashi, Houtou (que eu ainda vou experimentar), udon e arroz com curry. Fiquei com vontade de tomar o amazake na barraquinha de Tochigi, mas por conta de um medicamento que estou tomando, achei melhor n\u00e3o arriscar, apesar de quase n\u00e3o conter \u00e1lcool. Tamb\u00e9m tinha yakisoba, gyoza e\u2026","rel":"","context":"In &quot;Culin\u00e1ria japonesa&quot;","img":{"alt_text":"","src":"https:\/\/i2.wp.com\/marisaono.com\/delicia\/wp-content\/uploads\/IMG_5143.jpg?resize=350%2C200&ssl=1","width":350,"height":200},"classes":[]},{"id":2495,"url":"https:\/\/marisaono.com\/delicia\/2010\/07\/24\/festival-do-japo-parte-4\/","url_meta":{"origin":2438,"position":3},"title":"Festival do Jap&atilde;o &ndash; Parte 4","date":"Julho 24, 2010","format":false,"excerpt":"A barraca de Niigata trouxe mochi, anpan (p\u00e3o com doce de feij\u00e3o) e uma coisa bem curiosa: Kibi dango (bolinho de milheto), embrulhado em folha, amarrado e cozido no vapor. Hiroshima servia okonomiyaki e foi bem concorrido! Quando morei me Nagano, achei curioso que ainda havia muita gente que fazia\u2026","rel":"","context":"In &quot;Culin\u00e1ria japonesa&quot;","img":{"alt_text":"","src":"https:\/\/i1.wp.com\/marisaono.com\/delicia\/wp-content\/uploads\/IMG_5157.jpg?resize=350%2C200&ssl=1","width":350,"height":200},"classes":[]},{"id":2534,"url":"https:\/\/marisaono.com\/delicia\/2010\/07\/26\/yuzu\/","url_meta":{"origin":2438,"position":4},"title":"Yuzu","date":"Julho 26, 2010","format":false,"excerpt":"Encontrei yuzu no Festival do Jap\u00e3o, na barraquinha de Shizuoka. Custavam apenas 2 reais o pacote. O tamanho variava, alguns pacotes continham 2, outros 3. N\u00e3o haviam muitos e creio que acabaram logo, porque come\u00e7ou a juntar gente interessada. Uma senhora japonesa (creio que era, porque n\u00e3o falava portugu\u00eas) demonstrou\u2026","rel":"","context":"In &quot;Culin\u00e1ria japonesa&quot;","img":{"alt_text":"","src":"https:\/\/i1.wp.com\/marisaono.com\/delicia\/wp-content\/uploads\/IMG_5231.jpg?resize=350%2C200&ssl=1","width":350,"height":200},"classes":[]},{"id":7279,"url":"https:\/\/marisaono.com\/delicia\/2014\/04\/08\/agenda-da-semana-comida-japonesa\/","url_meta":{"origin":2438,"position":5},"title":"Agenda da Semana: Comida Japonesa","date":"Abril 8, 2014","format":false,"excerpt":"S\u00e1bado que vem, dia 12, vai ter barraquinha em frente do Sakagura A1 (Rua Jeronimo da Veiga 74). A inten\u00e7\u00e3o \u00e9 que o evento se repita uma vez por m\u00eas. Nessa edi\u00e7\u00e3o vai ter yakiniku (l\u00edngua de boi, costelinha marinada no misso e asa de frango) a R$18,00 ou o\u2026","rel":"","context":"In &quot;Culin\u00e1ria japonesa&quot;","img":{"alt_text":"","src":"https:\/\/i2.wp.com\/marisaono.com\/delicia\/wp-content\/uploads\/13560220914_8e74a6bbb2.jpg?resize=350%2C200&ssl=1","width":350,"height":200},"classes":[]}],"_links":{"self":[{"href":"https:\/\/marisaono.com\/delicia\/wp-json\/wp\/v2\/posts\/2438"}],"collection":[{"href":"https:\/\/marisaono.com\/delicia\/wp-json\/wp\/v2\/posts"}],"about":[{"href":"https:\/\/marisaono.com\/delicia\/wp-json\/wp\/v2\/types\/post"}],"author":[{"embeddable":true,"href":"https:\/\/marisaono.com\/delicia\/wp-json\/wp\/v2\/users\/1"}],"replies":[{"embeddable":true,"href":"https:\/\/marisaono.com\/delicia\/wp-json\/wp\/v2\/comments?post=2438"}],"version-history":[{"count":3,"href":"https:\/\/marisaono.com\/delicia\/wp-json\/wp\/v2\/posts\/2438\/revisions"}],"predecessor-version":[{"id":2441,"href":"https:\/\/marisaono.com\/delicia\/wp-json\/wp\/v2\/posts\/2438\/revisions\/2441"}],"wp:featuredmedia":[{"embeddable":true,"href":"https:\/\/marisaono.com\/delicia\/wp-json\/wp\/v2\/media\/2420"}],"wp:attachment":[{"href":"https:\/\/marisaono.com\/delicia\/wp-json\/wp\/v2\/media?parent=2438"}],"wp:term":[{"taxonomy":"category","embeddable":true,"href":"https:\/\/marisaono.com\/delicia\/wp-json\/wp\/v2\/categories?post=2438"},{"taxonomy":"post_tag","embeddable":true,"href":"https:\/\/marisaono.com\/delicia\/wp-json\/wp\/v2\/tags?post=2438"}],"curies":[{"name":"wp","href":"https:\/\/api.w.org\/{rel}","templated":true}]}}