{"id":2442,"date":"2010-07-20T17:26:24","date_gmt":"2010-07-20T20:26:24","guid":{"rendered":"http:\/\/marisaono.com\/delicia\/?p=2442"},"modified":"2010-07-20T17:26:24","modified_gmt":"2010-07-20T20:26:24","slug":"neide-rigo-e-o-paladar-do-brasil","status":"publish","type":"post","link":"https:\/\/marisaono.com\/delicia\/2010\/07\/20\/neide-rigo-e-o-paladar-do-brasil\/","title":{"rendered":"Neide Rigo e o Paladar do Brasil"},"content":{"rendered":"<div class=\"translate_block\" style=\"display: none;\">\n<a class=\"translate_translate\" id=\"translate_button_post-2442\" lang=\"en\" xml:lang=\"en\" href=\"javascript:show_translate_popup('en', 'post', 2442);\">[Translate]<\/a><img src=\"https:\/\/marisaono.com\/delicia\/wp-content\/plugins\/google-ajax-translation\/transparent.gif\" id=\"translate_loading_post-2442\" class=\"translate_loading\" style=\"display: none;\" width=\"16\" height=\"16\" alt=\"\" \/>\n<hr class=\"translate_hr\" \/>\n<\/div>\n<div id=\"content_div-2442\">\n<p>Neide Rigo estar\u00e1 no Paladar &#8211; Cozinha do Brasil, realizado no hotel Grand Hyatt, em S\u00e3o Paulo.<\/p>\n<p>No dia 30, \u00e0s 16 horas: Tinha uma Horta Aqui &#8211; Do jacatup\u00e9 ao jiquiti.<\/p>\n<p><strong><a href=\"javascript:animatedcollapse.toggle('oculto_130')\"> <\/a><\/strong><\/p>\n<p>No dia 31, \u00e0s 11 horas: Cozinha Sem Vergonha: Galinha de Cabo a Rabo, com Mara Salles (Tordesilhas) e Ana Soares (Mesa III)<\/p>\n<p>A programa\u00e7\u00e3o completa em:<\/p>\n<p><a href=\"http:\/\/paladardobrasil.com.br\" target=\"_blank\">http:\/\/paladardobrasil.com.br <\/a><\/p>\n<p><strong><a href=\"javascript:animatedcollapse.toggle('oculto_134')\"> <\/a><\/strong><\/p>\n<a href=\"https:\/\/www.freetellafriend.com\/tell\/?url=https%3A%2F%2Fmarisaono.com%2Fdelicia%2F2010%2F07%2F20%2Fneide-rigo-e-o-paladar-do-brasil%2F&title=Neide+Rigo+e+o+Paladar+do+Brasil\" onclick=\"window.open('https:\/\/www.freetellafriend.com\/tell\/?url=https%3A%2F%2Fmarisaono.com%2Fdelicia%2F2010%2F07%2F20%2Fneide-rigo-e-o-paladar-do-brasil%2F&title=Neide+Rigo+e+o+Paladar+do+Brasil', 'freetellafriend', 'scrollbars=1,menubar=0,width=617,height=530,resizable=1,toolbar=0,location=0,status=0,screenX=210,screenY=100,left=210,top=100'); return false;\" target=\"_blank\" title=\"Share This Post\"><img decoding=\"async\" src=\"http:\/\/marisaono.com\/delicia\/wp-content\/plugins\/tell-a-friend\/button.gif\" style=\"width:127px;height:16px;border:0px;\" alt=\"Share This Post\" title=\"Share This Post\" \/><\/a><\/div>\n","protected":false},"excerpt":{"rendered":"<p>[Translate] Neide Rigo estar\u00e1 no Paladar &#8211; Cozinha do Brasil, realizado no hotel Grand Hyatt, em S\u00e3o Paulo. No dia 30, \u00e0s 16 horas: Tinha uma Horta Aqui &#8211; Do jacatup\u00e9 ao jiquiti. No dia 31, \u00e0s 11 horas: Cozinha &hellip; <a href=\"https:\/\/marisaono.com\/delicia\/2010\/07\/20\/neide-rigo-e-o-paladar-do-brasil\/\">Continuar a ler <span class=\"meta-nav\">&rarr;<\/span><\/a><\/p>\n","protected":false},"author":1,"featured_media":0,"comment_status":"open","ping_status":"open","sticky":false,"template":"","format":"standard","meta":{"spay_email":"","footnotes":"","jetpack_publicize_message":"","jetpack_is_tweetstorm":false},"categories":[17],"tags":[],"jetpack_featured_media_url":"","jetpack_publicize_connections":[],"jetpack_sharing_enabled":true,"jetpack_shortlink":"https:\/\/wp.me\/pccs7-Do","jetpack-related-posts":[{"id":4883,"url":"https:\/\/marisaono.com\/delicia\/2012\/05\/20\/paladar-cozinha-do-brasil\/","url_meta":{"origin":2442,"position":0},"title":"Paladar - Cozinha do Brasil","date":"Maio 20, 2012","format":false,"excerpt":"N\u00e3o \u00e9 uma not\u00edcia nova, mas ainda n\u00e3o comentei. Nos dias 29,30 de junho e 1 de julho vai ser realizado uma s\u00e9rie de aulas, palestras e \u00a0degusta\u00e7\u00f5es nas salas do hotel Grand Hyatt, em S\u00e3o Paulo. No ano passado, a Neide Rigo, do Come-se, levou um grupo para fora\u2026","rel":"","context":"With 1 comment","img":{"alt_text":"","src":"","width":0,"height":0},"classes":[]},{"id":4972,"url":"https:\/\/marisaono.com\/delicia\/2012\/06\/30\/paladar-cozinha-do-brasil-frutas-e-embutidos\/","url_meta":{"origin":2442,"position":1},"title":"Paladar - Cozinha do Brasil: Frutas e Embutidos","date":"Junho 30, 2012","format":false,"excerpt":"Hoje foi o dia da aula da Ana Soares, Mara Sales e Neide Rigo. Eu costumo chama-las de \"3 comadres\". E falaram das a\u00e7\u00f5es que envolvem as frutas: plantar, colher, preparar, comer. Fugiram do lugar-comum que seria falar sobre conservas doces: partiram para sais, vinagres, azeites, picles, massas para past\u00e9is\u2026","rel":"","context":"In &quot;Lugares&quot;","img":{"alt_text":"","src":"https:\/\/i2.wp.com\/marisaono.com\/delicia\/wp-content\/uploads\/IMG_0192.jpg?resize=350%2C200&ssl=1","width":350,"height":200},"classes":[]},{"id":3372,"url":"https:\/\/marisaono.com\/delicia\/2011\/07\/12\/agenda\/","url_meta":{"origin":2442,"position":2},"title":"Agenda","date":"Julho 12, 2011","format":false,"excerpt":"O Festival do Jap\u00e3o vai ser nos dias 15, 16 e 17 deste m\u00eas, no Centro de Exposi\u00e7\u00f5es Imigrantes. Eu vou porque \u00e9 bem provavel que eu v\u00e1 encontrar algo interessante, \u00e9 um passeio tranquilo e, al\u00e9m das barraquinhas de comida - que eu adoro - haver\u00e1 tamb\u00e9m apresenta\u00e7\u00f5es, atividades.\u2026","rel":"","context":"In &quot;dicas&quot;","img":{"alt_text":"","src":"","width":0,"height":0},"classes":[]},{"id":5582,"url":"https:\/\/marisaono.com\/delicia\/2012\/12\/22\/cuca-da-neide-rigo-ou-quase\/","url_meta":{"origin":2442,"position":3},"title":"Cuca da Neide Rigo. Ou Quase","date":"Dezembro 22, 2012","format":false,"excerpt":"\u00c9, nos \u00faltimos dias ando fazendo receitas dos outros. N\u00e3o que eu n\u00e3o goste da minha comida. Na verdade, acho at\u00e9 que gosto demais da minha comida. Mas tamb\u00e9m gosto de experimentar outros jeitos, outras comidas. Resolvi fazer as cucas por conta tamb\u00e9m do fato da bananeira daqui ter dado\u2026","rel":"","context":"In &quot;Doces&quot;","img":{"alt_text":"","src":"https:\/\/i2.wp.com\/marisaono.com\/delicia\/wp-content\/uploads\/IMG_1493.jpg?resize=350%2C200&ssl=1","width":350,"height":200},"classes":[]},{"id":2603,"url":"https:\/\/marisaono.com\/delicia\/2010\/08\/03\/cozinha-sem-vergonha-galinha-de-cabo-a-rabo\/","url_meta":{"origin":2442,"position":4},"title":"Cozinha Sem Vergonha - Galinha de Cabo a Rabo","date":"Agosto 3, 2010","format":false,"excerpt":"Gra\u00e7as \u00e0 Neide Rigo e a Ana Soares, fui assistir ao workshop \"Cozinha Sem Vergonha - Galinha de Cabo a Rabo\", no Paladar - Cozinha do Brasil, que aconteceu no Grand Hyatt. As tr\u00eas falaram do fato que a galinha (frango,ovos), est\u00e3o presentes nas nossas vidas, faz parte da nossa\u2026","rel":"","context":"In &quot;Lugares&quot;","img":{"alt_text":"","src":"https:\/\/i2.wp.com\/marisaono.com\/delicia\/wp-content\/uploads\/Mara-neide-e-ana.jpg?resize=350%2C200&ssl=1","width":350,"height":200},"classes":[]},{"id":6041,"url":"https:\/\/marisaono.com\/delicia\/2013\/05\/12\/bolo-de-mandioca-e-ginger-ale\/","url_meta":{"origin":2442,"position":5},"title":"Bolo de Mandioca e Ginger Ale","date":"Maio 12, 2013","format":false,"excerpt":"Ambos foram feitos com fermentados. O bolo acima levou mandioca fermentada (massa puba, carim\u00e3) que fiz aqui em casa com uma mandioca velha, fibrosa, que n\u00e3o iria cozinhar. Foi s\u00f3 deixar a mandioca descascada em um balde com \u00e1gua por v\u00e1rios dias, at\u00e9 que ela come\u00e7asse a desmanchar quando esmagada\u2026","rel":"","context":"In &quot;bebidas&quot;","img":{"alt_text":"","src":"https:\/\/i0.wp.com\/marisaono.com\/delicia\/wp-content\/uploads\/IMG_2322.jpg?resize=350%2C200&ssl=1","width":350,"height":200},"classes":[]}],"_links":{"self":[{"href":"https:\/\/marisaono.com\/delicia\/wp-json\/wp\/v2\/posts\/2442"}],"collection":[{"href":"https:\/\/marisaono.com\/delicia\/wp-json\/wp\/v2\/posts"}],"about":[{"href":"https:\/\/marisaono.com\/delicia\/wp-json\/wp\/v2\/types\/post"}],"author":[{"embeddable":true,"href":"https:\/\/marisaono.com\/delicia\/wp-json\/wp\/v2\/users\/1"}],"replies":[{"embeddable":true,"href":"https:\/\/marisaono.com\/delicia\/wp-json\/wp\/v2\/comments?post=2442"}],"version-history":[{"count":2,"href":"https:\/\/marisaono.com\/delicia\/wp-json\/wp\/v2\/posts\/2442\/revisions"}],"predecessor-version":[{"id":2444,"href":"https:\/\/marisaono.com\/delicia\/wp-json\/wp\/v2\/posts\/2442\/revisions\/2444"}],"wp:attachment":[{"href":"https:\/\/marisaono.com\/delicia\/wp-json\/wp\/v2\/media?parent=2442"}],"wp:term":[{"taxonomy":"category","embeddable":true,"href":"https:\/\/marisaono.com\/delicia\/wp-json\/wp\/v2\/categories?post=2442"},{"taxonomy":"post_tag","embeddable":true,"href":"https:\/\/marisaono.com\/delicia\/wp-json\/wp\/v2\/tags?post=2442"}],"curies":[{"name":"wp","href":"https:\/\/api.w.org\/{rel}","templated":true}]}}