{"id":2586,"date":"2010-07-30T07:44:37","date_gmt":"2010-07-30T10:44:37","guid":{"rendered":"http:\/\/marisaono.com\/delicia\/?p=2586"},"modified":"2010-07-30T07:44:37","modified_gmt":"2010-07-30T10:44:37","slug":"tinha-uma-horta-aqui","status":"publish","type":"post","link":"https:\/\/marisaono.com\/delicia\/2010\/07\/30\/tinha-uma-horta-aqui\/","title":{"rendered":"Tinha Uma Horta Aqui"},"content":{"rendered":"<div class=\"translate_block\" style=\"display: none;\">\n<a class=\"translate_translate\" id=\"translate_button_post-2586\" lang=\"en\" xml:lang=\"en\" href=\"javascript:show_translate_popup('en', 'post', 2586);\">[Translate]<\/a><img src=\"https:\/\/marisaono.com\/delicia\/wp-content\/plugins\/google-ajax-translation\/transparent.gif\" id=\"translate_loading_post-2586\" class=\"translate_loading\" style=\"display: none;\" width=\"16\" height=\"16\" alt=\"\" \/>\n<hr class=\"translate_hr\" \/>\n<\/div>\n<div id=\"content_div-2586\">\n<p>Hoje e amanh\u00e3 estarei em S\u00e3o Paulo, mas prometo voltar a escrever no domingo.<\/p>\n<p>Vou ver a Neide Rigo na palestra &#8220;<a href=\"http:\/\/come-se.blogspot.com\/2010\/07\/convite-tinha-uma-horta-aqui.html\" target=\"_blank\">Tinha Uma Horta Aqui<\/a>&#8221; e na aula dela, da Ana Soares e Mara Salles no s\u00e1bado.<\/p>\n<p>Na sexta \u00e0 noite fui convidada para conhecer as pizzas do Andr\u00e9 na <a href=\"http:\/\/www.prestopizzas.com.br\/site\/index.asp\" target=\"_blank\">Presto<\/a> (Rua Esmeralda, 39 &#8211; Aclima\u00e7\u00e3o).<\/p>\n<p>S\u00f3 pe\u00e7o que me desejem sorte, porque n\u00e3o conhe\u00e7o bem S\u00e3o Paulo e detesto dirigir. Espero n\u00e3o me perder e nem chegar atrasada a nenhum compromisso.<\/p>\n<a href=\"https:\/\/www.freetellafriend.com\/tell\/?url=https%3A%2F%2Fmarisaono.com%2Fdelicia%2F2010%2F07%2F30%2Ftinha-uma-horta-aqui%2F&title=Tinha+Uma+Horta+Aqui\" onclick=\"window.open('https:\/\/www.freetellafriend.com\/tell\/?url=https%3A%2F%2Fmarisaono.com%2Fdelicia%2F2010%2F07%2F30%2Ftinha-uma-horta-aqui%2F&title=Tinha+Uma+Horta+Aqui', 'freetellafriend', 'scrollbars=1,menubar=0,width=617,height=530,resizable=1,toolbar=0,location=0,status=0,screenX=210,screenY=100,left=210,top=100'); return false;\" target=\"_blank\" title=\"Share This Post\"><img decoding=\"async\" src=\"http:\/\/marisaono.com\/delicia\/wp-content\/plugins\/tell-a-friend\/button.gif\" style=\"width:127px;height:16px;border:0px;\" alt=\"Share This Post\" title=\"Share This Post\" \/><\/a><\/div>\n","protected":false},"excerpt":{"rendered":"<p>[Translate] Hoje e amanh\u00e3 estarei em S\u00e3o Paulo, mas prometo voltar a escrever no domingo. Vou ver a Neide Rigo na palestra &#8220;Tinha Uma Horta Aqui&#8221; e na aula dela, da Ana Soares e Mara Salles no s\u00e1bado. Na sexta &hellip; <a href=\"https:\/\/marisaono.com\/delicia\/2010\/07\/30\/tinha-uma-horta-aqui\/\">Continuar a ler <span class=\"meta-nav\">&rarr;<\/span><\/a><\/p>\n","protected":false},"author":1,"featured_media":0,"comment_status":"open","ping_status":"open","sticky":false,"template":"","format":"standard","meta":{"spay_email":"","footnotes":"","jetpack_publicize_message":"","jetpack_is_tweetstorm":false},"categories":[14,98],"tags":[241],"jetpack_featured_media_url":"","jetpack_publicize_connections":[],"jetpack_sharing_enabled":true,"jetpack_shortlink":"https:\/\/wp.me\/pccs7-FI","jetpack-related-posts":[{"id":8239,"url":"https:\/\/marisaono.com\/delicia\/2015\/04\/01\/abaixo-assinado-a-favor-da-horta-comunitaria\/","url_meta":{"origin":2586,"position":0},"title":"Abaixo Assinado a Favor da Horta Comunit\u00e1ria","date":"Abril 1, 2015","format":false,"excerpt":"Pe\u00e7o ajuda dos leitores. Uma horta comunit\u00e1ria na Lapa corre o risco de ser destru\u00edda, transformada novamente em um peda\u00e7o de terra abandonado, um ponto de descarte de entulho. Eu estive l\u00e1. N\u00e3o \u00e9 um jardim de Versailles, \u00e9 um peda\u00e7o pequeno de terra com plantas medicinais, ervas arom\u00e1ticas, flores,\u2026","rel":"","context":"With 1 comment","img":{"alt_text":"","src":"","width":0,"height":0},"classes":[]},{"id":41,"url":"https:\/\/marisaono.com\/delicia\/2007\/07\/14\/horta-na-lua\/","url_meta":{"origin":2586,"position":1},"title":"Horta na Lua&#8230;","date":"Julho 14, 2007","format":false,"excerpt":"Tem aquela piada que conta que, quando os americanos chegaram \u00e0 lua, encontraram um japon\u00eas j\u00e1 com a horta montada.Tenho aqui em casa uma japonesa que adora plantas. E, na falta de terreno (todo o quintal \u00e9 cimentado ou coberto com piso), ela n\u00e3o se abalou. Arrumou caixas, floreiras, vasos\u2026","rel":"","context":"In &quot;cotidiano&quot;","img":{"alt_text":"","src":"","width":0,"height":0},"classes":[]},{"id":7751,"url":"https:\/\/marisaono.com\/delicia\/2014\/08\/13\/tuju\/","url_meta":{"origin":2586,"position":2},"title":"Tuju","date":"Agosto 13, 2014","format":false,"excerpt":"Quando conheci o Ivan Ralston Bielawski e ele contou das ideias que tinha para o restaurante, confesso que achei que ele era muito rom\u00e2ntico. Horta, p\u00e3es feitos na casa, ir atr\u00e1s de pescadores, produtores, tudo \u00e9 muito bonito mas essa verticaliza\u00e7\u00e3o na produ\u00e7\u00e3o exige muito esfor\u00e7o. Talvez ele seja mesmo\u2026","rel":"","context":"In &quot;Lugares&quot;","img":{"alt_text":"","src":"https:\/\/i1.wp.com\/marisaono.com\/delicia\/wp-content\/uploads\/IMG_48381.jpg?resize=350%2C200&ssl=1","width":350,"height":200},"classes":[]},{"id":7130,"url":"https:\/\/marisaono.com\/delicia\/2014\/02\/17\/nashi-uri-uri-pera\/","url_meta":{"origin":2586,"position":3},"title":"Nashi Uri (Uri-p\u00eara)","date":"Fevereiro 17, 2014","format":false,"excerpt":"Creio que pouca gente conhece essa fruta. Eu mesma n\u00e3o conhecia at\u00e9 pouco tempo. Tudo come\u00e7ou quando uma feirante perguntou para a minha m\u00e3e se ela n\u00e3o tinha sementes de nashi-uri. Ap\u00f3s alguns telefonemas, as sementes vieram. Dividimos entre conhecidos e este ano colhemos. Apesar de pequeno, parece-se com mel\u00e3o,\u2026","rel":"","context":"In &quot;Culin\u00e1ria japonesa&quot;","img":{"alt_text":"","src":"https:\/\/i0.wp.com\/marisaono.com\/delicia\/wp-content\/uploads\/IMG_4156.jpg?resize=350%2C200&ssl=1","width":350,"height":200},"classes":[]},{"id":2588,"url":"https:\/\/marisaono.com\/delicia\/2010\/07\/31\/neide-rigo-tinha-uma-horta\/","url_meta":{"origin":2586,"position":4},"title":"Neide Rigo Tinha Uma Horta","date":"Julho 31, 2010","format":false,"excerpt":"Assisti a palestra da Neide no Grand Hyatt ontem. Ela come\u00e7ou falando sobre a hist\u00f3ria das hortas no Brasil. H\u00e1 registros j\u00e1 no come\u00e7o da nossa coloniza\u00e7\u00e3o. E partindo do coment\u00e1rio que muita coisa crescia sem trato, ela passou a explicar sobre verduras que crescem, literalmente, em qualquer lugar, como\u2026","rel":"","context":"In &quot;curiosidades&quot;","img":{"alt_text":"","src":"https:\/\/i1.wp.com\/marisaono.com\/delicia\/wp-content\/uploads\/neide-paladar-1.jpg?resize=350%2C200&ssl=1","width":350,"height":200},"classes":[]},{"id":1802,"url":"https:\/\/marisaono.com\/delicia\/2009\/12\/15\/a-horta-da-dona-margareth\/","url_meta":{"origin":2586,"position":5},"title":"A Horta da dona Margareth","date":"Dezembro 15, 2009","format":false,"excerpt":"Ontem tive que levar a m\u00e3e ao hospital. Sofreu um corte na m\u00e3o e precisou de uma vacina antitet\u00e2nica. Ali\u00e1s, eu n\u00e3o sabia que ela deve ser tomada de 10 em 10 anos. S\u00e3o 3 doses e est\u00e3o dispon\u00edveis nos postos de sa\u00fade. E o que a tem aborrecido \u00e9\u2026","rel":"","context":"In &quot;cotidiano&quot;","img":{"alt_text":"","src":"https:\/\/i2.wp.com\/marisaono.com\/delicia\/wp-content\/uploads\/horta1.JPG?resize=350%2C200&ssl=1","width":350,"height":200},"classes":[]}],"_links":{"self":[{"href":"https:\/\/marisaono.com\/delicia\/wp-json\/wp\/v2\/posts\/2586"}],"collection":[{"href":"https:\/\/marisaono.com\/delicia\/wp-json\/wp\/v2\/posts"}],"about":[{"href":"https:\/\/marisaono.com\/delicia\/wp-json\/wp\/v2\/types\/post"}],"author":[{"embeddable":true,"href":"https:\/\/marisaono.com\/delicia\/wp-json\/wp\/v2\/users\/1"}],"replies":[{"embeddable":true,"href":"https:\/\/marisaono.com\/delicia\/wp-json\/wp\/v2\/comments?post=2586"}],"version-history":[{"count":1,"href":"https:\/\/marisaono.com\/delicia\/wp-json\/wp\/v2\/posts\/2586\/revisions"}],"predecessor-version":[{"id":2587,"href":"https:\/\/marisaono.com\/delicia\/wp-json\/wp\/v2\/posts\/2586\/revisions\/2587"}],"wp:attachment":[{"href":"https:\/\/marisaono.com\/delicia\/wp-json\/wp\/v2\/media?parent=2586"}],"wp:term":[{"taxonomy":"category","embeddable":true,"href":"https:\/\/marisaono.com\/delicia\/wp-json\/wp\/v2\/categories?post=2586"},{"taxonomy":"post_tag","embeddable":true,"href":"https:\/\/marisaono.com\/delicia\/wp-json\/wp\/v2\/tags?post=2586"}],"curies":[{"name":"wp","href":"https:\/\/api.w.org\/{rel}","templated":true}]}}