{"id":2588,"date":"2010-07-31T21:52:35","date_gmt":"2010-08-01T00:52:35","guid":{"rendered":"http:\/\/marisaono.com\/delicia\/?p=2588"},"modified":"2010-07-31T21:52:35","modified_gmt":"2010-08-01T00:52:35","slug":"neide-rigo-tinha-uma-horta","status":"publish","type":"post","link":"https:\/\/marisaono.com\/delicia\/2010\/07\/31\/neide-rigo-tinha-uma-horta\/","title":{"rendered":"Neide Rigo Tinha Uma Horta"},"content":{"rendered":"<div class=\"translate_block\" style=\"display: none;\">\n<a class=\"translate_translate\" id=\"translate_button_post-2588\" lang=\"en\" xml:lang=\"en\" href=\"javascript:show_translate_popup('en', 'post', 2588);\">[Translate]<\/a><img src=\"https:\/\/marisaono.com\/delicia\/wp-content\/plugins\/google-ajax-translation\/transparent.gif\" id=\"translate_loading_post-2588\" class=\"translate_loading\" style=\"display: none;\" width=\"16\" height=\"16\" alt=\"\" \/>\n<hr class=\"translate_hr\" \/>\n<\/div>\n<div id=\"content_div-2588\">\n<p><a href=\"http:\/\/marisaono.com\/delicia\/wp-content\/uploads\/neide-paladar-1.jpg\"><img loading=\"lazy\" decoding=\"async\" class=\"alignnone size-full wp-image-2589\" title=\"neide paladar 1\" src=\"http:\/\/marisaono.com\/delicia\/wp-content\/uploads\/neide-paladar-1.jpg\" alt=\"\" width=\"480\" height=\"360\" srcset=\"https:\/\/marisaono.com\/delicia\/wp-content\/uploads\/neide-paladar-1.jpg 480w, https:\/\/marisaono.com\/delicia\/wp-content\/uploads\/neide-paladar-1-360x270.jpg 360w, https:\/\/marisaono.com\/delicia\/wp-content\/uploads\/neide-paladar-1-150x113.jpg 150w, https:\/\/marisaono.com\/delicia\/wp-content\/uploads\/neide-paladar-1-400x300.jpg 400w\" sizes=\"(max-width: 480px) 100vw, 480px\" \/><\/a><\/p>\n<p>Assisti a palestra da Neide no Grand Hyatt ontem. Ela come\u00e7ou falando sobre a hist\u00f3ria das hortas no Brasil. H\u00e1 registros j\u00e1 no come\u00e7o da nossa coloniza\u00e7\u00e3o. E partindo do coment\u00e1rio que muita coisa crescia sem trato, ela passou a explicar sobre verduras que crescem, literalmente, em qualquer lugar, como v\u00e3os de cal\u00e7adas e nas pra\u00e7as de S\u00e3o Paulo.<\/p>\n<p><a href=\"http:\/\/marisaono.com\/delicia\/wp-content\/uploads\/neide-paladar-2.jpg\"><img loading=\"lazy\" decoding=\"async\" class=\"alignnone size-full wp-image-2590\" title=\"neide paladar 2\" src=\"http:\/\/marisaono.com\/delicia\/wp-content\/uploads\/neide-paladar-2.jpg\" alt=\"\" width=\"480\" height=\"360\" srcset=\"https:\/\/marisaono.com\/delicia\/wp-content\/uploads\/neide-paladar-2.jpg 480w, https:\/\/marisaono.com\/delicia\/wp-content\/uploads\/neide-paladar-2-360x270.jpg 360w\" sizes=\"(max-width: 480px) 100vw, 480px\" \/><\/a><\/p>\n<p>Muita coisa, eu s\u00f3 tinha ouvido falar. Alguns nomes eram familiares, n\u00e3o das panelas, mas de pap\u00e9is. Nem me lembro porqu\u00ea, mas houve uma \u00e9poca que li muito sobre plantas medicinais. A erva de santa maria, em casa, era usada para espantar pulgas e piolhos; sabia que era usada como verm\u00edfugo. Mas n\u00e3o havia a id\u00e9ia que poderia ser usada como tempero. O <a href=\"http:\/\/come-se.blogspot.com\/2009\/05\/jacatupe-e-o-que-e-ou-feijao-macuco-ou.html\" target=\"_blank\">jacatup\u00e9<\/a> &#8211; o tub\u00e9rculo \u00e0 esquerda &#8211; foi uma surpresa. Fatiado, tem uma textura crocante, lembrando um pouco a ma\u00e7\u00e3, mas com um saborzinho de algum amido. E, para meu espanto, \u00e9 a raiz de um feij\u00e3o.<\/p>\n<p><a href=\"http:\/\/marisaono.com\/delicia\/wp-content\/uploads\/neide-paladar-3.jpg\"><img loading=\"lazy\" decoding=\"async\" class=\"alignnone size-full wp-image-2591\" title=\"neide paladar 3\" src=\"http:\/\/marisaono.com\/delicia\/wp-content\/uploads\/neide-paladar-3.jpg\" alt=\"\" width=\"360\" height=\"480\" srcset=\"https:\/\/marisaono.com\/delicia\/wp-content\/uploads\/neide-paladar-3.jpg 360w, https:\/\/marisaono.com\/delicia\/wp-content\/uploads\/neide-paladar-3-202x270.jpg 202w\" sizes=\"(max-width: 360px) 100vw, 360px\" \/><\/a><\/p>\n<p>E tinha\u00a0 chuchu verde-escuro, verde-claro, amarelado. Ora-pro-nobis, que eu nunca tinha visto uma rama. Araruta, praticamente desaparecida. Taioba, eu ainda vejo em algumas feiras.<\/p>\n<p><a href=\"http:\/\/marisaono.com\/delicia\/wp-content\/uploads\/neide-paladar-6.jpg\"><img loading=\"lazy\" decoding=\"async\" class=\"alignnone size-full wp-image-2592\" title=\"neide paladar 6\" src=\"http:\/\/marisaono.com\/delicia\/wp-content\/uploads\/neide-paladar-6.jpg\" alt=\"\" width=\"480\" height=\"360\" srcset=\"https:\/\/marisaono.com\/delicia\/wp-content\/uploads\/neide-paladar-6.jpg 480w, https:\/\/marisaono.com\/delicia\/wp-content\/uploads\/neide-paladar-6-360x270.jpg 360w\" sizes=\"(max-width: 480px) 100vw, 480px\" \/><\/a><\/p>\n<p>O fruto do <a href=\"http:\/\/come-se.blogspot.com\/2009\/10\/jiquiri-em-fartura-ou-mingau-de-milho.html\" target=\"_blank\">jiquiri<\/a> n\u00e3o \u00e9 comest\u00edvel. Mas \u00e9 bonito, lembrando uma melancia rajada. Tamb\u00e9m falou da orelha-da-padre, coisa que na minha inf\u00e2ncia e pr\u00e9-adolesc\u00eancia era muito comum. Via em quintais, beiras de cerca das casas. Fico pensando quando as pessoas pararam de cultivar algo de comest\u00edvel em casa. N\u00e3o me lembro.<\/p>\n<p><a href=\"http:\/\/marisaono.com\/delicia\/wp-content\/uploads\/neide-paladar-7.jpg\"><img loading=\"lazy\" decoding=\"async\" class=\"alignnone size-full wp-image-2593\" title=\"neide paladar 7\" src=\"http:\/\/marisaono.com\/delicia\/wp-content\/uploads\/neide-paladar-7.jpg\" alt=\"\" width=\"480\" height=\"360\" srcset=\"https:\/\/marisaono.com\/delicia\/wp-content\/uploads\/neide-paladar-7.jpg 480w, https:\/\/marisaono.com\/delicia\/wp-content\/uploads\/neide-paladar-7-360x270.jpg 360w\" sizes=\"(max-width: 480px) 100vw, 480px\" \/><\/a><\/p>\n<p>Jambu est\u00e1 crescendo loucamente nos fundos de casa, sem que eu use, \u00e9 verdade. J\u00e1 o dente-de-le\u00e3o (tampopo, em japon\u00eas) aparece aqui e ali, no meio do gramado. Sempre lembro de minha amiga Lissa, quando vejo um p\u00e9. Uma vez, ela disse-me que achava as folhas apetitosas, uma maluquice. N\u00e3o, n\u00e3o \u00e9 maluquice, o dente-de-le\u00e3o \u00e9 comest\u00edvel. Pelo que sei, h\u00e1 quem cultive na Europa, enquanto em tantos lugares cresce sem exigir o menor cuidado.<\/p>\n<p>Quase do nosso lado, os animados Beto Pimentel e Edinho Engel. Muito bem-humorados, entusiasmados. Roberta Sudbrack estava nos fundos, quietinha. E eu, ainda me recuperando da virose, tentava abafar a tosse&#8230;<\/p>\n<a href=\"https:\/\/www.freetellafriend.com\/tell\/?url=https%3A%2F%2Fmarisaono.com%2Fdelicia%2F2010%2F07%2F31%2Fneide-rigo-tinha-uma-horta%2F&title=Neide+Rigo+Tinha+Uma+Horta\" onclick=\"window.open('https:\/\/www.freetellafriend.com\/tell\/?url=https%3A%2F%2Fmarisaono.com%2Fdelicia%2F2010%2F07%2F31%2Fneide-rigo-tinha-uma-horta%2F&title=Neide+Rigo+Tinha+Uma+Horta', 'freetellafriend', 'scrollbars=1,menubar=0,width=617,height=530,resizable=1,toolbar=0,location=0,status=0,screenX=210,screenY=100,left=210,top=100'); return false;\" target=\"_blank\" title=\"Share This Post\"><img decoding=\"async\" src=\"http:\/\/marisaono.com\/delicia\/wp-content\/plugins\/tell-a-friend\/button.gif\" style=\"width:127px;height:16px;border:0px;\" alt=\"Share This Post\" title=\"Share This Post\" \/><\/a><\/div>\n","protected":false},"excerpt":{"rendered":"<p>[Translate] Assisti a palestra da Neide no Grand Hyatt ontem. Ela come\u00e7ou falando sobre a hist\u00f3ria das hortas no Brasil. H\u00e1 registros j\u00e1 no come\u00e7o da nossa coloniza\u00e7\u00e3o. E partindo do coment\u00e1rio que muita coisa crescia sem trato, ela passou &hellip; <a href=\"https:\/\/marisaono.com\/delicia\/2010\/07\/31\/neide-rigo-tinha-uma-horta\/\">Continuar a ler <span class=\"meta-nav\">&rarr;<\/span><\/a><\/p>\n","protected":false},"author":1,"featured_media":2589,"comment_status":"open","ping_status":"open","sticky":false,"template":"","format":"standard","meta":{"spay_email":"","footnotes":"","jetpack_publicize_message":"","jetpack_is_tweetstorm":false},"categories":[16],"tags":[85],"jetpack_featured_media_url":"https:\/\/marisaono.com\/delicia\/wp-content\/uploads\/neide-paladar-1.jpg","jetpack_publicize_connections":[],"jetpack_sharing_enabled":true,"jetpack_shortlink":"https:\/\/wp.me\/pccs7-FK","jetpack-related-posts":[{"id":2442,"url":"https:\/\/marisaono.com\/delicia\/2010\/07\/20\/neide-rigo-e-o-paladar-do-brasil\/","url_meta":{"origin":2588,"position":0},"title":"Neide Rigo e o Paladar do Brasil","date":"Julho 20, 2010","format":false,"excerpt":"Neide Rigo estar\u00e1 no Paladar - Cozinha do Brasil, realizado no hotel Grand Hyatt, em S\u00e3o Paulo. No dia 30, \u00e0s 16 horas: Tinha uma Horta Aqui - Do jacatup\u00e9 ao jiquiti. No dia 31, \u00e0s 11 horas: Cozinha Sem Vergonha: Galinha de Cabo a Rabo, com Mara Salles (Tordesilhas)\u2026","rel":"","context":"In &quot;dicas&quot;","img":{"alt_text":"","src":"","width":0,"height":0},"classes":[]},{"id":9059,"url":"https:\/\/marisaono.com\/delicia\/2016\/07\/10\/panc-na-city\/","url_meta":{"origin":2588,"position":1},"title":"Panc na City","date":"Julho 10, 2016","format":false,"excerpt":"Segunda-feira foi dia de Panc na City com a Neide Rigo. Passeamos por cal\u00e7adas, parque, pra\u00e7a. Ouvimos, vimos, cheiramos, provamos frutas, folhas, sementes. Confesso que n\u00e3o anotei, tirei poucas fotos. Eu estava mais interessada na experi\u00eancia. E tenho dificuldade em fazer tantas coisas ao mesmo tempo. Temos uma terra aben\u00e7oada,\u2026","rel":"","context":"In &quot;Lugares&quot;","img":{"alt_text":"","src":"https:\/\/i2.wp.com\/marisaono.com\/delicia\/wp-content\/uploads\/CIMG0336-1.jpg?resize=350%2C200&ssl=1","width":350,"height":200},"classes":[]},{"id":2586,"url":"https:\/\/marisaono.com\/delicia\/2010\/07\/30\/tinha-uma-horta-aqui\/","url_meta":{"origin":2588,"position":2},"title":"Tinha Uma Horta Aqui","date":"Julho 30, 2010","format":false,"excerpt":"Hoje e amanh\u00e3 estarei em S\u00e3o Paulo, mas prometo voltar a escrever no domingo. Vou ver a Neide Rigo na palestra \"Tinha Uma Horta Aqui\" e na aula dela, da Ana Soares e Mara Salles no s\u00e1bado. Na sexta \u00e0 noite fui convidada para conhecer as pizzas do Andr\u00e9 na\u2026","rel":"","context":"In &quot;cotidiano&quot;","img":{"alt_text":"","src":"","width":0,"height":0},"classes":[]},{"id":2603,"url":"https:\/\/marisaono.com\/delicia\/2010\/08\/03\/cozinha-sem-vergonha-galinha-de-cabo-a-rabo\/","url_meta":{"origin":2588,"position":3},"title":"Cozinha Sem Vergonha - Galinha de Cabo a Rabo","date":"Agosto 3, 2010","format":false,"excerpt":"Gra\u00e7as \u00e0 Neide Rigo e a Ana Soares, fui assistir ao workshop \"Cozinha Sem Vergonha - Galinha de Cabo a Rabo\", no Paladar - Cozinha do Brasil, que aconteceu no Grand Hyatt. As tr\u00eas falaram do fato que a galinha (frango,ovos), est\u00e3o presentes nas nossas vidas, faz parte da nossa\u2026","rel":"","context":"In &quot;Lugares&quot;","img":{"alt_text":"","src":"https:\/\/i2.wp.com\/marisaono.com\/delicia\/wp-content\/uploads\/Mara-neide-e-ana.jpg?resize=350%2C200&ssl=1","width":350,"height":200},"classes":[]},{"id":7019,"url":"https:\/\/marisaono.com\/delicia\/2014\/01\/18\/prazeres-da-mesa-10-anos\/","url_meta":{"origin":2588,"position":4},"title":"Prazeres da Mesa 10 Anos","date":"Janeiro 18, 2014","format":false,"excerpt":"J\u00e1 compraram a revista? Comprem. L\u00e1 est\u00e1 tudo o que foi feito e muito do que foi dito no Mesa Tend\u00eancias e Mesa ao Vivo. Eu n\u00e3o pude assistir a tudo, era imposs\u00edvel ver tudo que queria. E ainda por cima, meu carro quebrou - nada s\u00e9rio - e eu\u2026","rel":"","context":"In &quot;cotidiano&quot;","img":{"alt_text":"","src":"https:\/\/i1.wp.com\/marisaono.com\/delicia\/wp-content\/uploads\/1512554_10151871419888483_357783773_n.jpg?resize=350%2C200&ssl=1","width":350,"height":200},"classes":[]},{"id":8239,"url":"https:\/\/marisaono.com\/delicia\/2015\/04\/01\/abaixo-assinado-a-favor-da-horta-comunitaria\/","url_meta":{"origin":2588,"position":5},"title":"Abaixo Assinado a Favor da Horta Comunit\u00e1ria","date":"Abril 1, 2015","format":false,"excerpt":"Pe\u00e7o ajuda dos leitores. Uma horta comunit\u00e1ria na Lapa corre o risco de ser destru\u00edda, transformada novamente em um peda\u00e7o de terra abandonado, um ponto de descarte de entulho. Eu estive l\u00e1. N\u00e3o \u00e9 um jardim de Versailles, \u00e9 um peda\u00e7o pequeno de terra com plantas medicinais, ervas arom\u00e1ticas, flores,\u2026","rel":"","context":"With 1 comment","img":{"alt_text":"","src":"","width":0,"height":0},"classes":[]}],"_links":{"self":[{"href":"https:\/\/marisaono.com\/delicia\/wp-json\/wp\/v2\/posts\/2588"}],"collection":[{"href":"https:\/\/marisaono.com\/delicia\/wp-json\/wp\/v2\/posts"}],"about":[{"href":"https:\/\/marisaono.com\/delicia\/wp-json\/wp\/v2\/types\/post"}],"author":[{"embeddable":true,"href":"https:\/\/marisaono.com\/delicia\/wp-json\/wp\/v2\/users\/1"}],"replies":[{"embeddable":true,"href":"https:\/\/marisaono.com\/delicia\/wp-json\/wp\/v2\/comments?post=2588"}],"version-history":[{"count":1,"href":"https:\/\/marisaono.com\/delicia\/wp-json\/wp\/v2\/posts\/2588\/revisions"}],"predecessor-version":[{"id":2594,"href":"https:\/\/marisaono.com\/delicia\/wp-json\/wp\/v2\/posts\/2588\/revisions\/2594"}],"wp:featuredmedia":[{"embeddable":true,"href":"https:\/\/marisaono.com\/delicia\/wp-json\/wp\/v2\/media\/2589"}],"wp:attachment":[{"href":"https:\/\/marisaono.com\/delicia\/wp-json\/wp\/v2\/media?parent=2588"}],"wp:term":[{"taxonomy":"category","embeddable":true,"href":"https:\/\/marisaono.com\/delicia\/wp-json\/wp\/v2\/categories?post=2588"},{"taxonomy":"post_tag","embeddable":true,"href":"https:\/\/marisaono.com\/delicia\/wp-json\/wp\/v2\/tags?post=2588"}],"curies":[{"name":"wp","href":"https:\/\/api.w.org\/{rel}","templated":true}]}}