{"id":2749,"date":"2010-09-24T21:23:17","date_gmt":"2010-09-25T00:23:17","guid":{"rendered":"http:\/\/marisaono.com\/delicia\/?p=2749"},"modified":"2012-01-02T21:17:11","modified_gmt":"2012-01-03T00:17:11","slug":"cuca-de-amora-com-farofa-de-castanha-e-chocolate","status":"publish","type":"post","link":"https:\/\/marisaono.com\/delicia\/2010\/09\/24\/cuca-de-amora-com-farofa-de-castanha-e-chocolate\/","title":{"rendered":"Cuca de Amora com Farofa de Castanha e Chocolate"},"content":{"rendered":"<div class=\"translate_block\" style=\"display: none;\">\n<a class=\"translate_translate\" id=\"translate_button_post-2749\" lang=\"en\" xml:lang=\"en\" href=\"javascript:show_translate_popup('en', 'post', 2749);\">[Translate]<\/a><img src=\"https:\/\/marisaono.com\/delicia\/wp-content\/plugins\/google-ajax-translation\/transparent.gif\" id=\"translate_loading_post-2749\" class=\"translate_loading\" style=\"display: none;\" width=\"16\" height=\"16\" alt=\"\" \/>\n<hr class=\"translate_hr\" \/>\n<\/div>\n<div id=\"content_div-2749\">\n<p><a href=\"http:\/\/marisaono.com\/delicia\/wp-content\/uploads\/cuca-de-amora-3.jpg\"><img loading=\"lazy\" decoding=\"async\" class=\"alignnone size-full wp-image-2750\" title=\"cuca de amora 3\" src=\"http:\/\/marisaono.com\/delicia\/wp-content\/uploads\/cuca-de-amora-3.jpg\" alt=\"\" width=\"480\" height=\"360\" srcset=\"https:\/\/marisaono.com\/delicia\/wp-content\/uploads\/cuca-de-amora-3.jpg 480w, https:\/\/marisaono.com\/delicia\/wp-content\/uploads\/cuca-de-amora-3-360x270.jpg 360w, https:\/\/marisaono.com\/delicia\/wp-content\/uploads\/cuca-de-amora-3-150x113.jpg 150w, https:\/\/marisaono.com\/delicia\/wp-content\/uploads\/cuca-de-amora-3-400x300.jpg 400w\" sizes=\"(max-width: 480px) 100vw, 480px\" \/><\/a><\/p>\n<p>Resolvi fazer uma cuca com a <a href=\"http:\/\/marisaono.com\/delicia\/?p=2717\" target=\"_blank\">compota de amoras<\/a> do outro dia. Por cima, uma farofa de castanha de caju, pouco a\u00e7\u00facar e chocolate em p\u00f3. A massa feita com fermento de p\u00e3o ficou macia, rendeu bem &#8211; 4 cucas em formas de papel descart\u00e1vel. Poderia ter assado em uma assadeira \u00fanica, mas resolvi dividir para dividir. E l\u00e1 se foi uma cuca aqui, outra ali.<\/p>\n<p>Desta vez n\u00e3o usei balan\u00e7a, fiz a receita de lembran\u00e7a, com x\u00edcaras e colheres<\/p>\n<p>Massa<\/p>\n<p>4 x\u00edcaras de farinha de trigo<\/p>\n<p>1\/2 x\u00edcara de a\u00e7\u00facar<\/p>\n<p>2 ovos<\/p>\n<p>1 pitada de sal<\/p>\n<p>1 x\u00edcara de leite<\/p>\n<p>1 colher de sopa de fermento biol\u00f3gico instant\u00e2neo seco<\/p>\n<p>100 gramas (meio tablete) de manteiga amolecida<\/p>\n<p>Cobertura<\/p>\n<p>200 gramas de castanha de caju triturada<\/p>\n<p>4 colheres de sopa de chocolate em p\u00f3<\/p>\n<p>A\u00e7\u00facar \u00e0 gosto<\/p>\n<p>2 colheres de manteiga<\/p>\n<p>Para a massa, misturei a farinha, o a\u00e7\u00facar, sal e fermento. Quebrei os ovos, bati e misturei no leite. Despejei sobre a farinha e bati na batedeira, com o gancho para massas pesadas. Depois que ficou uniforme, juntei a manteiga e bati mais um pouco. A massa fica macia, quase pegajosa. Deixe crescer.<\/p>\n<p>Depois de fermentada, despeje em uma assadeira e espalhe com as m\u00e3os. Deixe crescer novamente.<\/p>\n<p><a href=\"http:\/\/marisaono.com\/delicia\/wp-content\/uploads\/cuca-de-amora-1.jpg\"><img loading=\"lazy\" decoding=\"async\" class=\"alignnone size-full wp-image-2752\" title=\"cuca de amora 1\" src=\"http:\/\/marisaono.com\/delicia\/wp-content\/uploads\/cuca-de-amora-1.jpg\" alt=\"\" width=\"480\" height=\"360\" srcset=\"https:\/\/marisaono.com\/delicia\/wp-content\/uploads\/cuca-de-amora-1.jpg 480w, https:\/\/marisaono.com\/delicia\/wp-content\/uploads\/cuca-de-amora-1-360x270.jpg 360w\" sizes=\"(max-width: 480px) 100vw, 480px\" \/><\/a><\/p>\n<p>Por cima, coloquei um bocado de compota de amoras (poderia ser gel\u00e9ia de outra fruta).<\/p>\n<p><a href=\"http:\/\/marisaono.com\/delicia\/wp-content\/uploads\/cuca-de-amora-2.jpg\"><img loading=\"lazy\" decoding=\"async\" class=\"alignnone size-full wp-image-2754\" title=\"cuca de amora 2\" src=\"http:\/\/marisaono.com\/delicia\/wp-content\/uploads\/cuca-de-amora-2.jpg\" alt=\"\" width=\"480\" height=\"360\" srcset=\"https:\/\/marisaono.com\/delicia\/wp-content\/uploads\/cuca-de-amora-2.jpg 480w, https:\/\/marisaono.com\/delicia\/wp-content\/uploads\/cuca-de-amora-2-360x270.jpg 360w\" sizes=\"(max-width: 480px) 100vw, 480px\" \/><\/a><\/p>\n<p>Para a farofa, bati tudo no multiprocessador. Despejei colheradas dela sobre a compota e levei ao forno at\u00e9 assar.<\/p>\n<a href=\"https:\/\/www.freetellafriend.com\/tell\/?url=https%3A%2F%2Fmarisaono.com%2Fdelicia%2F2010%2F09%2F24%2Fcuca-de-amora-com-farofa-de-castanha-e-chocolate%2F&title=Cuca+de+Amora+com+Farofa+de+Castanha+e+Chocolate\" onclick=\"window.open('https:\/\/www.freetellafriend.com\/tell\/?url=https%3A%2F%2Fmarisaono.com%2Fdelicia%2F2010%2F09%2F24%2Fcuca-de-amora-com-farofa-de-castanha-e-chocolate%2F&title=Cuca+de+Amora+com+Farofa+de+Castanha+e+Chocolate', 'freetellafriend', 'scrollbars=1,menubar=0,width=617,height=530,resizable=1,toolbar=0,location=0,status=0,screenX=210,screenY=100,left=210,top=100'); return false;\" target=\"_blank\" title=\"Share This Post\"><img decoding=\"async\" src=\"http:\/\/marisaono.com\/delicia\/wp-content\/plugins\/tell-a-friend\/button.gif\" style=\"width:127px;height:16px;border:0px;\" alt=\"Share This Post\" title=\"Share This Post\" \/><\/a><\/div>\n","protected":false},"excerpt":{"rendered":"<p>[Translate] Resolvi fazer uma cuca com a compota de amoras do outro dia. Por cima, uma farofa de castanha de caju, pouco a\u00e7\u00facar e chocolate em p\u00f3. A massa feita com fermento de p\u00e3o ficou macia, rendeu bem &#8211; 4 &hellip; <a href=\"https:\/\/marisaono.com\/delicia\/2010\/09\/24\/cuca-de-amora-com-farofa-de-castanha-e-chocolate\/\">Continuar a ler <span class=\"meta-nav\">&rarr;<\/span><\/a><\/p>\n","protected":false},"author":1,"featured_media":2750,"comment_status":"open","ping_status":"open","sticky":false,"template":"","format":"standard","meta":{"spay_email":"","footnotes":"","jetpack_publicize_message":"","jetpack_is_tweetstorm":false},"categories":[18,26,256],"tags":[102,271,111],"jetpack_featured_media_url":"https:\/\/marisaono.com\/delicia\/wp-content\/uploads\/cuca-de-amora-3.jpg","jetpack_publicize_connections":[],"jetpack_sharing_enabled":true,"jetpack_shortlink":"https:\/\/wp.me\/pccs7-Il","jetpack-related-posts":[{"id":744,"url":"https:\/\/marisaono.com\/delicia\/2009\/04\/08\/colomba\/","url_meta":{"origin":2749,"position":0},"title":"Colomba","date":"Abril 8, 2009","format":false,"excerpt":"Aproveitando o presente da Malu, fiz Colombas. Eu deveria ter apresentado essa receita antes, mas n\u00e3o tinha as formas. Mas ainda d\u00e1 tempo de fazer esse p\u00e3o doce, \u00famido, coberto com am\u00eandoas, para a P\u00e1scoa. Eu sei que n\u00e3o \u00e9 uma receita aut\u00eantica. \u00c9 bem prov\u00e1vel que as antigas Colombas\u2026","rel":"","context":"In &quot;Doces&quot;","img":{"alt_text":"colomba","src":"https:\/\/i0.wp.com\/marisaono.com\/delicia\/wp-content\/uploads\/colomba.jpg?resize=350%2C200","width":350,"height":200},"classes":[]},{"id":879,"url":"https:\/\/marisaono.com\/delicia\/2009\/05\/06\/bocadinhos-de-castanha-e-chocolate\/","url_meta":{"origin":2749,"position":1},"title":"Bocadinhos de Castanha e Chocolate","date":"Maio 6, 2009","format":false,"excerpt":"Esta receita foi publicada h\u00e1 muito tempo no Multiply e tinha esquecido de transferi-la para c\u00e1. Nice C \u00e9 quem me fez lembrar dela. N\u00e3o chega a ser um macaron, ficou mais para um suspiro. Mas, talvez, se fossem feitos ajustes no forno e tempo... 1 x\u00edcara de claras 1\u2026","rel":"","context":"In &quot;Doces&quot;","img":{"alt_text":"","src":"https:\/\/i2.wp.com\/marisaono.com\/delicia\/wp-content\/uploads\/bocadinho-castanha.jpg?resize=350%2C200&ssl=1","width":350,"height":200},"classes":[]},{"id":20,"url":"https:\/\/marisaono.com\/delicia\/2007\/09\/04\/donuts-com-massa-fermentada\/","url_meta":{"origin":2749,"position":2},"title":"Donuts com Massa Fermentada","date":"Setembro 4, 2007","format":false,"excerpt":"Eu costumava comprar donuts em padarias ou no Mister Donuts. Eram feitos de massa fermetada, podiam ser cobertos com a\u00e7\u00facar ou glac\u00ea, recheados ou n\u00e3o. Esta receita se aproxima muito dos que eu comia. Muito leves, macios e continuam bons no dia seguinte. Encontrei uma receita no Epicurious e, como\u2026","rel":"","context":"In &quot;Doces&quot;","img":{"alt_text":"","src":"","width":0,"height":0},"classes":[]},{"id":3256,"url":"https:\/\/marisaono.com\/delicia\/2011\/06\/02\/pao-com-residuo-de-soja\/","url_meta":{"origin":2749,"position":3},"title":"P\u00e3o com Res\u00edduo de Soja","date":"Junho 2, 2011","format":false,"excerpt":"Estou fazendo umas experi\u00eancias com leite de soja. O resultado \u00e9 que tamb\u00e9m produzo res\u00edduo de soja, aquela massa que sobra quando se espreme a soja triturada com \u00e1gua. Como n\u00e3o tinha p\u00e3o em casa, resolvi usar em um p\u00e3o, que ficou \u00famido, embora um pouco pesado. Como o res\u00edduo\u2026","rel":"","context":"In &quot;cotidiano&quot;","img":{"alt_text":"","src":"https:\/\/i1.wp.com\/marisaono.com\/delicia\/wp-content\/uploads\/IMG_6183.jpg?resize=350%2C200&ssl=1","width":350,"height":200},"classes":[]},{"id":751,"url":"https:\/\/marisaono.com\/delicia\/2009\/04\/12\/mistura-para-bolo\/","url_meta":{"origin":2749,"position":4},"title":"Mistura para Bolo","date":"Abril 12, 2009","format":false,"excerpt":"N\u00e3o \u00e9 uma receita nova, nem \u00e9 uma id\u00e9ia original. Ali\u00e1s, as prateleiras dos supermercados est\u00e3o cheias delas. No entanto, \u00e9 algo que se pode ter em casa, na geladeira, em um pote fechado ou no congelador. Lembrei disso folheando meu caderno de receitas, que tem me acompanhado desde 1987.\u2026","rel":"","context":"In &quot;Cozinha do Desespero&quot;","img":{"alt_text":"","src":"https:\/\/i1.wp.com\/marisaono.com\/delicia\/wp-content\/uploads\/Mistura-para-Bolo1.jpg?resize=350%2C200&ssl=1","width":350,"height":200},"classes":[]},{"id":8263,"url":"https:\/\/marisaono.com\/delicia\/2015\/05\/01\/pao-sem-sova-com-abobrinha-berinjela-e-tomate\/","url_meta":{"origin":2749,"position":5},"title":"P\u00e3o Sem Sova com Abobrinha, Berinjela e Tomate","date":"Maio 1, 2015","format":false,"excerpt":"Alguns p\u00e3es s\u00e3o trabalhosos. Nem todo mundo tem tempo para fazer um p\u00e3o que demora horas e at\u00e9 dias para ficar pronto. Esse \u00e9 f\u00e1cil, n\u00e3o exige m\u00e1quina de p\u00e3o para sovar e ainda \u00e9 vers\u00e1til. Fica macio e a consist\u00eancia \u00e9 quase de um bolo. Reluto em chamar de\u2026","rel":"","context":"In &quot;lanches&quot;","img":{"alt_text":"","src":"https:\/\/i0.wp.com\/marisaono.com\/delicia\/wp-content\/uploads\/IMG_5585.jpg?resize=350%2C200&ssl=1","width":350,"height":200},"classes":[]}],"_links":{"self":[{"href":"https:\/\/marisaono.com\/delicia\/wp-json\/wp\/v2\/posts\/2749"}],"collection":[{"href":"https:\/\/marisaono.com\/delicia\/wp-json\/wp\/v2\/posts"}],"about":[{"href":"https:\/\/marisaono.com\/delicia\/wp-json\/wp\/v2\/types\/post"}],"author":[{"embeddable":true,"href":"https:\/\/marisaono.com\/delicia\/wp-json\/wp\/v2\/users\/1"}],"replies":[{"embeddable":true,"href":"https:\/\/marisaono.com\/delicia\/wp-json\/wp\/v2\/comments?post=2749"}],"version-history":[{"count":4,"href":"https:\/\/marisaono.com\/delicia\/wp-json\/wp\/v2\/posts\/2749\/revisions"}],"predecessor-version":[{"id":2753,"href":"https:\/\/marisaono.com\/delicia\/wp-json\/wp\/v2\/posts\/2749\/revisions\/2753"}],"wp:featuredmedia":[{"embeddable":true,"href":"https:\/\/marisaono.com\/delicia\/wp-json\/wp\/v2\/media\/2750"}],"wp:attachment":[{"href":"https:\/\/marisaono.com\/delicia\/wp-json\/wp\/v2\/media?parent=2749"}],"wp:term":[{"taxonomy":"category","embeddable":true,"href":"https:\/\/marisaono.com\/delicia\/wp-json\/wp\/v2\/categories?post=2749"},{"taxonomy":"post_tag","embeddable":true,"href":"https:\/\/marisaono.com\/delicia\/wp-json\/wp\/v2\/tags?post=2749"}],"curies":[{"name":"wp","href":"https:\/\/api.w.org\/{rel}","templated":true}]}}