{"id":2974,"date":"2011-01-09T21:43:18","date_gmt":"2011-01-10T00:43:18","guid":{"rendered":"http:\/\/marisaono.com\/delicia\/?p=2974"},"modified":"2012-01-02T21:11:19","modified_gmt":"2012-01-03T00:11:19","slug":"berinjela-com-miso","status":"publish","type":"post","link":"https:\/\/marisaono.com\/delicia\/2011\/01\/09\/berinjela-com-miso\/","title":{"rendered":"Berinjela com Miso"},"content":{"rendered":"<div class=\"translate_block\" style=\"display: none;\">\n<a class=\"translate_translate\" id=\"translate_button_post-2974\" lang=\"en\" xml:lang=\"en\" href=\"javascript:show_translate_popup('en', 'post', 2974);\">[Translate]<\/a><img src=\"https:\/\/marisaono.com\/delicia\/wp-content\/plugins\/google-ajax-translation\/transparent.gif\" id=\"translate_loading_post-2974\" class=\"translate_loading\" style=\"display: none;\" width=\"16\" height=\"16\" alt=\"\" \/>\n<hr class=\"translate_hr\" \/>\n<\/div>\n<div id=\"content_div-2974\">\n<p><a href=\"http:\/\/marisaono.com\/delicia\/wp-content\/uploads\/agenasunomisofumi.jpg\"><img loading=\"lazy\" decoding=\"async\" class=\"alignnone size-full wp-image-2975\" title=\"agenasunomisofumi\" src=\"http:\/\/marisaono.com\/delicia\/wp-content\/uploads\/agenasunomisofumi.jpg\" alt=\"\" width=\"480\" height=\"360\" srcset=\"https:\/\/marisaono.com\/delicia\/wp-content\/uploads\/agenasunomisofumi.jpg 480w, https:\/\/marisaono.com\/delicia\/wp-content\/uploads\/agenasunomisofumi-360x270.jpg 360w, https:\/\/marisaono.com\/delicia\/wp-content\/uploads\/agenasunomisofumi-150x113.jpg 150w, https:\/\/marisaono.com\/delicia\/wp-content\/uploads\/agenasunomisofumi-400x300.jpg 400w\" sizes=\"(max-width: 480px) 100vw, 480px\" \/><\/a><\/p>\n<p>As tais beringelas redondas que comentei no post anterior, foram para um prato que um cl\u00e1ssico da cozinha japonesa. T\u00e3o cl\u00e1ssico que n\u00e3o consigo encontrar o nome correto. N\u00e3o sei se chamo de nasu no miso fuumi ou nasu no dengaku ae. Enfim, \u00e9 berinjela com miso. Existem algumas varia\u00e7\u00f5es, como tantas receitas populares. Esta \u00e9 a minha. A berinjela frita mantem a linda cor da casca e a textura \u00e9 macia, sem ser molenga. Outro dia comi desse jeito, feita pelo chef Shinya Koike. Claro que ele usou ingredientes especiais e tamb\u00e9m conta com um talento e paix\u00e3o tamb\u00e9m especiais. N\u00e3o ficou t\u00e3o bom quanto o dele, mas mesmo assim, foram duas berinjelas grandes para duas pessoas, sinal de que n\u00e3o estava ruim, n\u00e3o.<\/p>\n<p><a href=\"http:\/\/marisaono.com\/delicia\/wp-content\/uploads\/nasu.jpg\"><img loading=\"lazy\" decoding=\"async\" class=\"alignnone size-full wp-image-2976\" title=\"nasu\" src=\"http:\/\/marisaono.com\/delicia\/wp-content\/uploads\/nasu.jpg\" alt=\"\" width=\"480\" height=\"360\" srcset=\"https:\/\/marisaono.com\/delicia\/wp-content\/uploads\/nasu.jpg 480w, https:\/\/marisaono.com\/delicia\/wp-content\/uploads\/nasu-360x270.jpg 360w\" sizes=\"(max-width: 480px) 100vw, 480px\" \/><\/a><\/p>\n<p>Corte as berinjelas &#8211; usei duas, das redondas, o que daria umas duas m\u00e9dias, da comum ou um pouco mais das finas &#8211; em peda\u00e7os grandes. Mantenha a casca. Frite em bastante \u00f3leo, at\u00e9 que dourem. Escorra, mantendo a casca para cima. Isso vai impedir que a tinta da casca passe para o papel e ela perca a cor.<\/p>\n<p><a href=\"http:\/\/marisaono.com\/delicia\/wp-content\/uploads\/mirin-culin\u00e1rio.jpg\"><img loading=\"lazy\" decoding=\"async\" class=\"alignnone size-full wp-image-2977\" title=\"mirin culin\u00e1rio\" src=\"http:\/\/marisaono.com\/delicia\/wp-content\/uploads\/mirin-culin\u00e1rio.jpg\" alt=\"\" width=\"480\" height=\"359\" srcset=\"https:\/\/marisaono.com\/delicia\/wp-content\/uploads\/mirin-culin\u00e1rio.jpg 480w, https:\/\/marisaono.com\/delicia\/wp-content\/uploads\/mirin-culin\u00e1rio-360x270.jpg 360w\" sizes=\"(max-width: 480px) 100vw, 480px\" \/><\/a><\/p>\n<p>Em uma panela, aque\u00e7a 50 ml de mirin. Se for hon mirin, \u00e9 melhor inclinar a panela e deixar que ele pegue fogo. Isso vai reduzir o \u00e1lcool. Se for do tipo &#8220;culin\u00e1rio&#8221;, nem adianta. A quantidade de \u00e1lcool \u00e9 m\u00ednima e n\u00e3o ir\u00e1 flambar (no caso, apenas 0,9%). Se n\u00e3o tiver mirin, use um pouco de a\u00e7\u00facar ou um pouco de glucose (Karo).<\/p>\n<p>Adicione 2 colheres de sopa de miso (ou mais, dependendo do seu gosto e do tipo de miso) e dissolva. Acrescente um pouco de \u00e1gua e uma colher de a\u00e7\u00facar (ou mais, se preferir mais doce). Cozinhe, mexendo eventualmente, at\u00e9 que forme um molho brilhante. Despeje sobre as berinjelas j\u00e1 fritas e decore com cebolinha ou miyoga (bot\u00e3o de uma planta parente do gengibre) ou um pouco de gergelim torrado.<\/p>\n<a href=\"https:\/\/www.freetellafriend.com\/tell\/?url=https%3A%2F%2Fmarisaono.com%2Fdelicia%2F2011%2F01%2F09%2Fberinjela-com-miso%2F&title=Berinjela+com+Miso\" onclick=\"window.open('https:\/\/www.freetellafriend.com\/tell\/?url=https%3A%2F%2Fmarisaono.com%2Fdelicia%2F2011%2F01%2F09%2Fberinjela-com-miso%2F&title=Berinjela+com+Miso', 'freetellafriend', 'scrollbars=1,menubar=0,width=617,height=530,resizable=1,toolbar=0,location=0,status=0,screenX=210,screenY=100,left=210,top=100'); return false;\" target=\"_blank\" title=\"Share This Post\"><img decoding=\"async\" src=\"http:\/\/marisaono.com\/delicia\/wp-content\/plugins\/tell-a-friend\/button.gif\" style=\"width:127px;height:16px;border:0px;\" alt=\"Share This Post\" title=\"Share This Post\" \/><\/a><\/div>\n","protected":false},"excerpt":{"rendered":"<p>[Translate] As tais beringelas redondas que comentei no post anterior, foram para um prato que um cl\u00e1ssico da cozinha japonesa. T\u00e3o cl\u00e1ssico que n\u00e3o consigo encontrar o nome correto. N\u00e3o sei se chamo de nasu no miso fuumi ou nasu &hellip; <a href=\"https:\/\/marisaono.com\/delicia\/2011\/01\/09\/berinjela-com-miso\/\">Continuar a ler <span class=\"meta-nav\">&rarr;<\/span><\/a><\/p>\n","protected":false},"author":1,"featured_media":2975,"comment_status":"open","ping_status":"open","sticky":false,"template":"","format":"standard","meta":{"spay_email":"","footnotes":"","jetpack_publicize_message":"","jetpack_is_tweetstorm":false},"categories":[49,15,256],"tags":[78,70,85],"jetpack_featured_media_url":"https:\/\/marisaono.com\/delicia\/wp-content\/uploads\/agenasunomisofumi.jpg","jetpack_publicize_connections":[],"jetpack_sharing_enabled":true,"jetpack_shortlink":"https:\/\/wp.me\/pccs7-LY","jetpack-related-posts":[{"id":2989,"url":"https:\/\/marisaono.com\/delicia\/2011\/01\/14\/nasu-hasami-age\/","url_meta":{"origin":2974,"position":0},"title":"Nasu Hasami-age","date":"Janeiro 14, 2011","format":false,"excerpt":"Berinjela recheada e frita. Como n\u00e3o gostar? Esta \u00e9 a vers\u00e3o japonesa. Pode ser feita com berinjelas pequenas, fica at\u00e9 mais bonito. Infelizmente, as berinjelas pequenas que encontro por aqui s\u00e3o muito duras. Ent\u00e3o prefiro usar berinjelas m\u00e9dias e corta-las em fatias. Cortei ao meio para mostrar como fica o\u2026","rel":"","context":"In &quot;Culin\u00e1ria japonesa&quot;","img":{"alt_text":"","src":"https:\/\/i2.wp.com\/marisaono.com\/delicia\/wp-content\/uploads\/Nasu-Hasami-age.jpg?resize=350%2C200&ssl=1","width":350,"height":200},"classes":[]},{"id":2992,"url":"https:\/\/marisaono.com\/delicia\/2011\/01\/14\/nasu-iridashi\/","url_meta":{"origin":2974,"position":1},"title":"Nasu Iridashi","date":"Janeiro 14, 2011","format":false,"excerpt":"Prometo que esta \u00e9 a \u00faltima receita de beringela da temporada. Ela \u00e9 muito simples. Beringela frita e servida com um molho \u00e0 base de shoyu, dashi e suco de gengibre. 2 berinjelas 1 1\/2 x\u00edcara de dashi (caldo \u00e0 base de peixe e\/0u kombu) ou caldo leve de galinha\u2026","rel":"","context":"In &quot;Culin\u00e1ria japonesa&quot;","img":{"alt_text":"","src":"https:\/\/i2.wp.com\/marisaono.com\/delicia\/wp-content\/uploads\/Nasu-Iridashi.jpg?resize=350%2C200&ssl=1","width":350,"height":200},"classes":[]},{"id":11307,"url":"https:\/\/marisaono.com\/delicia\/2021\/12\/16\/videos-novos-no-canal-6\/","url_meta":{"origin":2974,"position":2},"title":"V\u00eddeos Novos no Canal","date":"Dezembro 16, 2021","format":false,"excerpt":"Aproveitando o calor, publiquei uma receita de Hiyashi Chuka. Basicamente, \u00e9 uma salada com macarr\u00e3o de lamen. \u00c9 leve, fresco e satisfaz. E ainda ensino uma maneira de cozinhar peito de frango bem suculento e f\u00e1cil. https:\/\/youtu.be\/WXKvoXk1FgQ A outra receita \u00e9 de Yaki Nasu, uma berinjela assada e marinada, tamb\u00e9m\u2026","rel":"","context":"In &quot;receita&quot;","img":{"alt_text":"","src":"https:\/\/i2.wp.com\/img.youtube.com\/vi\/WXKvoXk1FgQ\/0.jpg?resize=350%2C200","width":350,"height":200},"classes":[]},{"id":11176,"url":"https:\/\/marisaono.com\/delicia\/2021\/03\/11\/mabo-nasu-berinjela-com-molho-picane-de-carne\/","url_meta":{"origin":2974,"position":3},"title":"Mabo Nasu (Berinjela com Molho Picane de Carne)","date":"Mar\u00e7o 11, 2021","format":false,"excerpt":"Tem v\u00eddeo novo no canal: https:\/\/youtu.be\/A4Im0BqLMCE","rel":"","context":"Similar post","img":{"alt_text":"","src":"https:\/\/i1.wp.com\/img.youtube.com\/vi\/A4Im0BqLMCE\/0.jpg?resize=350%2C200","width":350,"height":200},"classes":[]},{"id":9865,"url":"https:\/\/marisaono.com\/delicia\/2018\/09\/25\/enrolado-de-berinjela-nasubi-niku-maki\/","url_meta":{"origin":2974,"position":4},"title":"Enrolado de Berinjela (Nasubi Niku Maki)","date":"Setembro 25, 2018","format":false,"excerpt":"Os japoneses adoram enrolar fatias finas de carne em vegetais. Fazem com cogumelos enoki (http:\/\/marisaono.com\/delicia\/2014\/05\/19\/enoki-niku-maki-enrolado-de-cogumelo-enoki\/), com aspargos (http:\/\/marisaono.com\/delicia\/2009\/08\/04\/aspargus-maki\/), com bardana, vagens, enfim, a imagina\u00e7\u00e3o corre solta. Tamb\u00e9m d\u00e1 para fazer com tiras de berinjela e fica bom! No caso, usei carne bovina, mas poderia ser de porco. A carne pode\u2026","rel":"","context":"In &quot;Culin\u00e1ria japonesa&quot;","img":{"alt_text":"","src":"https:\/\/i1.wp.com\/marisaono.com\/delicia\/wp-content\/uploads\/IMG_1478.jpg?resize=350%2C200&ssl=1","width":350,"height":200},"classes":[]},{"id":8777,"url":"https:\/\/marisaono.com\/delicia\/2015\/12\/20\/natsu-yasai-kare-ou-curry-a-japonesa-com-vegetais-de-verao\/","url_meta":{"origin":2974,"position":5},"title":"Natsu Yasai Kar\u00ea. Ou Curry \u00e0 Japonesa com Vegetais de Ver\u00e3o","date":"Dezembro 20, 2015","format":false,"excerpt":"\u00c9 uma receita t\u00e3o f\u00e1cil que n\u00e3o sei porqu\u00ea n\u00e3o publiquei antes. Como faz calor e a horta est\u00e1 produzindo algo, resolvi fazer esse curry quase vegetariano. \u00c9 uma receita r\u00e1pida, j\u00e1 que apelo para o preparado para curry japon\u00eas (que pode ser em flocos ou em tabletes). Ali\u00e1s, eu\u2026","rel":"","context":"In &quot;Cozinha do Desespero&quot;","img":{"alt_text":"","src":"https:\/\/i0.wp.com\/marisaono.com\/delicia\/wp-content\/uploads\/CIMG0277.jpg?resize=350%2C200&ssl=1","width":350,"height":200},"classes":[]}],"_links":{"self":[{"href":"https:\/\/marisaono.com\/delicia\/wp-json\/wp\/v2\/posts\/2974"}],"collection":[{"href":"https:\/\/marisaono.com\/delicia\/wp-json\/wp\/v2\/posts"}],"about":[{"href":"https:\/\/marisaono.com\/delicia\/wp-json\/wp\/v2\/types\/post"}],"author":[{"embeddable":true,"href":"https:\/\/marisaono.com\/delicia\/wp-json\/wp\/v2\/users\/1"}],"replies":[{"embeddable":true,"href":"https:\/\/marisaono.com\/delicia\/wp-json\/wp\/v2\/comments?post=2974"}],"version-history":[{"count":3,"href":"https:\/\/marisaono.com\/delicia\/wp-json\/wp\/v2\/posts\/2974\/revisions"}],"predecessor-version":[{"id":2979,"href":"https:\/\/marisaono.com\/delicia\/wp-json\/wp\/v2\/posts\/2974\/revisions\/2979"}],"wp:featuredmedia":[{"embeddable":true,"href":"https:\/\/marisaono.com\/delicia\/wp-json\/wp\/v2\/media\/2975"}],"wp:attachment":[{"href":"https:\/\/marisaono.com\/delicia\/wp-json\/wp\/v2\/media?parent=2974"}],"wp:term":[{"taxonomy":"category","embeddable":true,"href":"https:\/\/marisaono.com\/delicia\/wp-json\/wp\/v2\/categories?post=2974"},{"taxonomy":"post_tag","embeddable":true,"href":"https:\/\/marisaono.com\/delicia\/wp-json\/wp\/v2\/tags?post=2974"}],"curies":[{"name":"wp","href":"https:\/\/api.w.org\/{rel}","templated":true}]}}