{"id":3349,"date":"2011-07-03T20:48:43","date_gmt":"2011-07-03T23:48:43","guid":{"rendered":"http:\/\/marisaono.com\/delicia\/?p=3349"},"modified":"2011-07-03T20:48:43","modified_gmt":"2011-07-03T23:48:43","slug":"geada","status":"publish","type":"post","link":"https:\/\/marisaono.com\/delicia\/2011\/07\/03\/geada\/","title":{"rendered":"Geada"},"content":{"rendered":"<div class=\"translate_block\" style=\"display: none;\">\n<a class=\"translate_translate\" id=\"translate_button_post-3349\" lang=\"en\" xml:lang=\"en\" href=\"javascript:show_translate_popup('en', 'post', 3349);\">[Translate]<\/a><img src=\"https:\/\/marisaono.com\/delicia\/wp-content\/plugins\/google-ajax-translation\/transparent.gif\" id=\"translate_loading_post-3349\" class=\"translate_loading\" style=\"display: none;\" width=\"16\" height=\"16\" alt=\"\" \/>\n<hr class=\"translate_hr\" \/>\n<\/div>\n<div id=\"content_div-3349\">\n<p><a href=\"http:\/\/marisaono.com\/delicia\/wp-content\/uploads\/IMG_6269.jpg\"><img loading=\"lazy\" decoding=\"async\" class=\"alignnone size-full wp-image-3350\" title=\"geada 2011\" src=\"http:\/\/marisaono.com\/delicia\/wp-content\/uploads\/IMG_6269.jpg\" alt=\"\" width=\"480\" height=\"360\" srcset=\"https:\/\/marisaono.com\/delicia\/wp-content\/uploads\/IMG_6269.jpg 480w, https:\/\/marisaono.com\/delicia\/wp-content\/uploads\/IMG_6269-360x270.jpg 360w\" sizes=\"(max-width: 480px) 100vw, 480px\" \/><\/a><\/p>\n<p>Tivemos uma geada nesta semana. O gelo acumulou-se sobre o cap\u00f4 do carro, formando agulhas.<\/p>\n<p><a href=\"http:\/\/marisaono.com\/delicia\/wp-content\/uploads\/IMG_6271.jpg\"><img loading=\"lazy\" decoding=\"async\" class=\"alignnone size-full wp-image-3351\" title=\"geada 2011 1\" src=\"http:\/\/marisaono.com\/delicia\/wp-content\/uploads\/IMG_6271.jpg\" alt=\"\" width=\"480\" height=\"360\" srcset=\"https:\/\/marisaono.com\/delicia\/wp-content\/uploads\/IMG_6271.jpg 480w, https:\/\/marisaono.com\/delicia\/wp-content\/uploads\/IMG_6271-360x270.jpg 360w\" sizes=\"(max-width: 480px) 100vw, 480px\" \/><\/a><\/p>\n<p>\u00c9 lindo, embora seja a morte branca para muitas plantas. Tivemos muita coisa queimada, felizmente outras tantas s\u00e3o resistentes.<\/p>\n<p>&nbsp;<\/p>\n<a href=\"https:\/\/www.freetellafriend.com\/tell\/?url=https%3A%2F%2Fmarisaono.com%2Fdelicia%2F2011%2F07%2F03%2Fgeada%2F&title=Geada\" onclick=\"window.open('https:\/\/www.freetellafriend.com\/tell\/?url=https%3A%2F%2Fmarisaono.com%2Fdelicia%2F2011%2F07%2F03%2Fgeada%2F&title=Geada', 'freetellafriend', 'scrollbars=1,menubar=0,width=617,height=530,resizable=1,toolbar=0,location=0,status=0,screenX=210,screenY=100,left=210,top=100'); return false;\" target=\"_blank\" title=\"Share This Post\"><img decoding=\"async\" src=\"http:\/\/marisaono.com\/delicia\/wp-content\/plugins\/tell-a-friend\/button.gif\" style=\"width:127px;height:16px;border:0px;\" alt=\"Share This Post\" title=\"Share This Post\" \/><\/a><\/div>\n","protected":false},"excerpt":{"rendered":"<p>[Translate] Tivemos uma geada nesta semana. O gelo acumulou-se sobre o cap\u00f4 do carro, formando agulhas. \u00c9 lindo, embora seja a morte branca para muitas plantas. Tivemos muita coisa queimada, felizmente outras tantas s\u00e3o resistentes. &nbsp;<\/p>\n","protected":false},"author":1,"featured_media":3350,"comment_status":"open","ping_status":"open","sticky":false,"template":"","format":"standard","meta":{"spay_email":"","footnotes":"","jetpack_publicize_message":"","jetpack_is_tweetstorm":false},"categories":[14],"tags":[],"jetpack_featured_media_url":"https:\/\/marisaono.com\/delicia\/wp-content\/uploads\/IMG_6269.jpg","jetpack_publicize_connections":[],"jetpack_sharing_enabled":true,"jetpack_shortlink":"https:\/\/wp.me\/sccs7-geada","jetpack-related-posts":[{"id":3796,"url":"https:\/\/marisaono.com\/delicia\/2011\/11\/09\/bolinho-de-banana-prata\/","url_meta":{"origin":3349,"position":0},"title":"Bolinho de Banana-Prata","date":"Novembro 9, 2011","format":false,"excerpt":"Tudo come\u00e7ou com uma bananeira que deu banana. Eu precisava de uma receita de bolo com banana. Ou melhor, bananas. N\u00e3o s\u00f3 uma, duas ou tr\u00eas, mas muita banana. Felizmente eram bananas-prata, que n\u00e3o escurecem quando cozinhamos, n\u00e3o soltam muita \u00e1gua e ainda estavam bem firmes. Como elas tinham tamanhos\u2026","rel":"","context":"In &quot;Doces&quot;","img":{"alt_text":"","src":"https:\/\/i1.wp.com\/marisaono.com\/delicia\/wp-content\/uploads\/CIMG0211.jpg?resize=350%2C200&ssl=1","width":350,"height":200},"classes":[]},{"id":3943,"url":"https:\/\/marisaono.com\/delicia\/2011\/12\/21\/kabocha-koroke-croquete-de-abobora-japonesa\/","url_meta":{"origin":3349,"position":1},"title":"Kabocha Koroke (Croquete de Ab\u00f3bora Japonesa)","date":"Dezembro 21, 2011","format":false,"excerpt":"A safra de ab\u00f3boras japonesas at\u00e9 que foi boa, apesar do granizo, da geada fora de \u00e9poca e outras tantas esquisitices clim\u00e1ticas dos \u00faltimos meses. Por aqui n\u00e3o temos muitas op\u00e7\u00f5es em termos de kabocha. No Jap\u00e3o \u00e9 muito prezado e destacam-se a Yebisu e a ab\u00f3bora Kuri Kabocha. Ambos\u2026","rel":"","context":"In &quot;acompanhamento&quot;","img":{"alt_text":"","src":"https:\/\/i0.wp.com\/marisaono.com\/delicia\/wp-content\/uploads\/CIMG0491.jpg?resize=350%2C200&ssl=1","width":350,"height":200},"classes":[]},{"id":3737,"url":"https:\/\/marisaono.com\/delicia\/2011\/10\/28\/coisas-que-vi-na-mesa-sp-2011\/","url_meta":{"origin":3349,"position":2},"title":"Coisas Que Vi Na Mesa SP 2011","date":"Outubro 28, 2011","format":false,"excerpt":"Embalagens da Decorplastic. Eu tenho uma coisa com embalagens e vejo muita coisa feia. Essa empresa tem uma linha linda de descart\u00e1veis. E n\u00e3o s\u00e3o s\u00f3 pl\u00e1sticos, h\u00e1 muita coisa em fibra de cana. Confiram tudo no site deles. N\u00e3o tirei foto, mas fiquei tamb\u00e9m impressionada com a carne de\u2026","rel":"","context":"In &quot;cotidiano&quot;","img":{"alt_text":"","src":"https:\/\/i2.wp.com\/marisaono.com\/delicia\/wp-content\/uploads\/CIMG0049.jpg?resize=350%2C200&ssl=1","width":350,"height":200},"classes":[]},{"id":8046,"url":"https:\/\/marisaono.com\/delicia\/2014\/11\/23\/sobre-alex-atala\/","url_meta":{"origin":3349,"position":3},"title":"Sobre Alex Atala","date":"Novembro 23, 2014","format":false,"excerpt":"Outro dia me perguntaram assim, na bucha, se eu achava que o chef Alex Atala merecia toda a aten\u00e7\u00e3o que recebe da m\u00eddia. Vamos por partes. Conhe\u00e7o-o mas n\u00e3o tanto. Conversamos algumas vezes, poucos minutos. Nunca tive uma conversa longa, tardes calmas, caf\u00e9 na caneca, p\u00e9 no chinelo, muitos cigarros.\u2026","rel":"","context":"With 2 comments","img":{"alt_text":"","src":"","width":0,"height":0},"classes":[]},{"id":2438,"url":"https:\/\/marisaono.com\/delicia\/2010\/07\/18\/festival-do-japo\/","url_meta":{"origin":3349,"position":4},"title":"Festival do Jap\u00e3o - Parte 1","date":"Julho 18, 2010","format":false,"excerpt":"Fui ao Festival do Jap\u00e3o no s\u00e1bado, dia 17. Chegamos depois do meio-dia. Felizmente n\u00e3o choveu e eu n\u00e3o senti tanto frio quanto pensava. Ali\u00e1s, at\u00e9 passei calor porque fui agasalhada demais. H\u00e1 muito que eu n\u00e3o ia a uma festa da comunidade japonesa. E, tirando a festa de comemora\u00e7\u00e3o\u2026","rel":"","context":"In &quot;Culin\u00e1ria japonesa&quot;","img":{"alt_text":"","src":"https:\/\/i0.wp.com\/marisaono.com\/delicia\/wp-content\/uploads\/IMG_5120.jpg?resize=350%2C200&ssl=1","width":350,"height":200},"classes":[]},{"id":11277,"url":"https:\/\/marisaono.com\/delicia\/2021\/10\/21\/vieo-novo-takoyaki\/","url_meta":{"origin":3349,"position":5},"title":"V\u00edeo Novo: Takoyaki","date":"Outubro 21, 2021","format":false,"excerpt":"Tem v\u00eddeo novo no canal: Takoyaki, uma receita que muitos esperavam. O v\u00eddeo \u00e9 longo porque s\u00e3o muitos passos. E pe\u00e7o que colaborem com a divulga\u00e7\u00e3o do canal: Uma curtida, inscrevendo, compartilhando com os amigos. Tem muita receita boa e explicadinha, da cozinha dom\u00e9stica japonesa poss\u00edvel de se fazer em\u2026","rel":"","context":"In &quot;Culin\u00e1ria japonesa&quot;","img":{"alt_text":"","src":"https:\/\/i0.wp.com\/img.youtube.com\/vi\/N9pj8SlcAUQ\/0.jpg?resize=350%2C200","width":350,"height":200},"classes":[]}],"_links":{"self":[{"href":"https:\/\/marisaono.com\/delicia\/wp-json\/wp\/v2\/posts\/3349"}],"collection":[{"href":"https:\/\/marisaono.com\/delicia\/wp-json\/wp\/v2\/posts"}],"about":[{"href":"https:\/\/marisaono.com\/delicia\/wp-json\/wp\/v2\/types\/post"}],"author":[{"embeddable":true,"href":"https:\/\/marisaono.com\/delicia\/wp-json\/wp\/v2\/users\/1"}],"replies":[{"embeddable":true,"href":"https:\/\/marisaono.com\/delicia\/wp-json\/wp\/v2\/comments?post=3349"}],"version-history":[{"count":1,"href":"https:\/\/marisaono.com\/delicia\/wp-json\/wp\/v2\/posts\/3349\/revisions"}],"predecessor-version":[{"id":3352,"href":"https:\/\/marisaono.com\/delicia\/wp-json\/wp\/v2\/posts\/3349\/revisions\/3352"}],"wp:featuredmedia":[{"embeddable":true,"href":"https:\/\/marisaono.com\/delicia\/wp-json\/wp\/v2\/media\/3350"}],"wp:attachment":[{"href":"https:\/\/marisaono.com\/delicia\/wp-json\/wp\/v2\/media?parent=3349"}],"wp:term":[{"taxonomy":"category","embeddable":true,"href":"https:\/\/marisaono.com\/delicia\/wp-json\/wp\/v2\/categories?post=3349"},{"taxonomy":"post_tag","embeddable":true,"href":"https:\/\/marisaono.com\/delicia\/wp-json\/wp\/v2\/tags?post=3349"}],"curies":[{"name":"wp","href":"https:\/\/api.w.org\/{rel}","templated":true}]}}