{"id":3358,"date":"2011-07-06T21:13:32","date_gmt":"2011-07-07T00:13:32","guid":{"rendered":"http:\/\/marisaono.com\/delicia\/?p=3358"},"modified":"2012-01-02T21:03:16","modified_gmt":"2012-01-03T00:03:16","slug":"pao-de-tomate-e-manjericao","status":"publish","type":"post","link":"https:\/\/marisaono.com\/delicia\/2011\/07\/06\/pao-de-tomate-e-manjericao\/","title":{"rendered":"P\u00e3o de Tomate e Manjeric\u00e3o"},"content":{"rendered":"<div class=\"translate_block\" style=\"display: none;\">\n<a class=\"translate_translate\" id=\"translate_button_post-3358\" lang=\"en\" xml:lang=\"en\" href=\"javascript:show_translate_popup('en', 'post', 3358);\">[Translate]<\/a><img src=\"https:\/\/marisaono.com\/delicia\/wp-content\/plugins\/google-ajax-translation\/transparent.gif\" id=\"translate_loading_post-3358\" class=\"translate_loading\" style=\"display: none;\" width=\"16\" height=\"16\" alt=\"\" \/>\n<hr class=\"translate_hr\" \/>\n<\/div>\n<div id=\"content_div-3358\">\n<p><a href=\"http:\/\/marisaono.com\/delicia\/wp-content\/uploads\/IMG_6277.jpg\"><img loading=\"lazy\" decoding=\"async\" class=\"alignnone size-full wp-image-3359\" title=\"IMG_6277\" src=\"http:\/\/marisaono.com\/delicia\/wp-content\/uploads\/IMG_6277.jpg\" alt=\"\" width=\"480\" height=\"360\" srcset=\"https:\/\/marisaono.com\/delicia\/wp-content\/uploads\/IMG_6277.jpg 480w, https:\/\/marisaono.com\/delicia\/wp-content\/uploads\/IMG_6277-360x270.jpg 360w\" sizes=\"(max-width: 480px) 100vw, 480px\" \/><\/a><\/p>\n<p>Aqui em casa eu tenho um p\u00e9 de tomatinhos. Eles cresceram expontaneamente. N\u00e3o plantei e, para ser sincera, nem cuido. D\u00e3o sem pedir nada. O p\u00e9 tem resistido muito bem, a despeito das condi\u00e7\u00f5es. Esses tomatinhos n\u00e3o s\u00e3o doces, nem t\u00e3o gostosos quanto os que se compra nos supermercados. Por outro lado, n\u00e3o me custam nada, n\u00e3o receberam defensivos e t\u00eam um sabor muito intenso.<\/p>\n<p><a href=\"http:\/\/marisaono.com\/delicia\/wp-content\/uploads\/IMG_6279.jpg\"><img loading=\"lazy\" decoding=\"async\" class=\"alignnone size-full wp-image-3360\" title=\"IMG_6279\" src=\"http:\/\/marisaono.com\/delicia\/wp-content\/uploads\/IMG_6279.jpg\" alt=\"\" width=\"480\" height=\"360\" srcset=\"https:\/\/marisaono.com\/delicia\/wp-content\/uploads\/IMG_6279.jpg 480w, https:\/\/marisaono.com\/delicia\/wp-content\/uploads\/IMG_6279-360x270.jpg 360w\" sizes=\"(max-width: 480px) 100vw, 480px\" \/><\/a><\/p>\n<p>Como n\u00e3o gosto de ver disperd\u00edcio, colho e tento fazer algo com eles. J\u00e1 fiz um tipo de gel\u00e9ia, ficou gostoso para comer com p\u00e3o ou rechear um bolo. Desta vez fiz um p\u00e3o.<\/p>\n<p>200ml de suco de tomatinhos; levei um bom punhado deles ao fogo baixo, deixei que ficassem macios e estourassem e passei por uma peneira, separando o suco das sementes e pele.<\/p>\n<p>50 ml de \u00e1gua morna<\/p>\n<p>2 colheres de sopa de a\u00e7\u00facar<\/p>\n<p>1\/2 colher de sopa de sal<\/p>\n<p>20 gramas de fermento biol\u00f3gico fresco<\/p>\n<p>50 gramas de manteiga amolecida<\/p>\n<p>1 colher de caf\u00e9 rasa de bicarbonato de s\u00f3dio<\/p>\n<p>Farinha o quanto baste<\/p>\n<p>Folhas de manjeric\u00e3o rasgadas<\/p>\n<p>Dissolvi o fermento na \u00e1gua morna. Juntei o a\u00e7\u00facar e um pouco de farinha e deixei descansando um pouco, formando uma &#8220;esponja&#8221;.<\/p>\n<p>Adicionei farinha e os demais ingredientes. Sovei at\u00e9 que formasse uma massa macia mas n\u00e3o muito pegajosa. Usei bicarbonato para cortar um pouco a acidez do tomate, que poderia afetar a textura do p\u00e3o.<\/p>\n<p>Deixei crescer coberto em uma tigela coberta por um filme pl\u00e1stico at\u00e9 dobrar de volume. Adicionei folhas de manjeric\u00e3o rasgadas e sovei um pouco para misturar, distribuir as folhas na massa toda.<\/p>\n<p>Dividi em por\u00e7\u00f5es e coloquei em uma forma redonda, untada com manteiga, deixando um pouco de espa\u00e7o entre cada bolinha.<\/p>\n<p>Depois de crescer novamente, pincelei com gema batida e queijo parmes\u00e3o ralado.<\/p>\n<p>Forno quente nos primeiros 10 minutos. Depois abaixei um pouco e deixei assando at\u00e9 dourar.<\/p>\n<p>&nbsp;<\/p>\n<p>&nbsp;<\/p>\n<p>&nbsp;<\/p>\n<a href=\"https:\/\/www.freetellafriend.com\/tell\/?url=https%3A%2F%2Fmarisaono.com%2Fdelicia%2F2011%2F07%2F06%2Fpao-de-tomate-e-manjericao%2F&title=P%C3%A3o+de+Tomate+e+Manjeric%C3%A3o\" onclick=\"window.open('https:\/\/www.freetellafriend.com\/tell\/?url=https%3A%2F%2Fmarisaono.com%2Fdelicia%2F2011%2F07%2F06%2Fpao-de-tomate-e-manjericao%2F&title=P%C3%A3o+de+Tomate+e+Manjeric%C3%A3o', 'freetellafriend', 'scrollbars=1,menubar=0,width=617,height=530,resizable=1,toolbar=0,location=0,status=0,screenX=210,screenY=100,left=210,top=100'); return false;\" target=\"_blank\" title=\"Share This Post\"><img decoding=\"async\" src=\"http:\/\/marisaono.com\/delicia\/wp-content\/plugins\/tell-a-friend\/button.gif\" style=\"width:127px;height:16px;border:0px;\" alt=\"Share This Post\" title=\"Share This Post\" \/><\/a><\/div>\n","protected":false},"excerpt":{"rendered":"<p>[Translate] Aqui em casa eu tenho um p\u00e9 de tomatinhos. Eles cresceram expontaneamente. N\u00e3o plantei e, para ser sincera, nem cuido. D\u00e3o sem pedir nada. O p\u00e9 tem resistido muito bem, a despeito das condi\u00e7\u00f5es. Esses tomatinhos n\u00e3o s\u00e3o doces, &hellip; <a href=\"https:\/\/marisaono.com\/delicia\/2011\/07\/06\/pao-de-tomate-e-manjericao\/\">Continuar a ler <span class=\"meta-nav\">&rarr;<\/span><\/a><\/p>\n","protected":false},"author":1,"featured_media":3359,"comment_status":"open","ping_status":"open","sticky":false,"template":"","format":"standard","meta":{"spay_email":"","footnotes":"","jetpack_publicize_message":"","jetpack_is_tweetstorm":false},"categories":[24,26,256],"tags":[111,85],"jetpack_featured_media_url":"https:\/\/marisaono.com\/delicia\/wp-content\/uploads\/IMG_6277.jpg","jetpack_publicize_connections":[],"jetpack_sharing_enabled":true,"jetpack_shortlink":"https:\/\/wp.me\/pccs7-Sa","jetpack-related-posts":[{"id":4732,"url":"https:\/\/marisaono.com\/delicia\/2012\/03\/20\/linguica-de-braganca\/","url_meta":{"origin":3358,"position":0},"title":"Lingui\u00e7a de Bragan\u00e7a","date":"Mar\u00e7o 20, 2012","format":false,"excerpt":"H\u00e1 algum tempo ou\u00e7o falar da lingui\u00e7a de Bragan\u00e7a. Ali\u00e1s, acho bem curioso o orgulho dos bragantinos em rela\u00e7\u00e3o \u00e0s lingui\u00e7as produzidas na cidade. \u00a0\u00c9 que no Brasil \u00a0s\u00e3o poucas cidades que t\u00eam um produto ou prato t\u00edpico. \u00a0Resolvi experimentar a lingui\u00e7a calabresa fresca. Como ela \u00e9 muito grossa, preferi\u2026","rel":"","context":"In &quot;carnes.&quot;","img":{"alt_text":"","src":"https:\/\/i0.wp.com\/marisaono.com\/delicia\/wp-content\/uploads\/CIMG1033.jpg?resize=350%2C200&ssl=1","width":350,"height":200},"classes":[]},{"id":5500,"url":"https:\/\/marisaono.com\/delicia\/2012\/11\/24\/eu-indico-vegetais-em-vaso-pastel-gyoza-e-cogumelos\/","url_meta":{"origin":3358,"position":1},"title":"Eu Indico: Vegetais em Vaso, Pastel, Gyoza e Cogumelos","date":"Novembro 24, 2012","format":false,"excerpt":"Que tal ter um vaso produzindo pepino? Ou um p\u00e9 de berinjela que cabe na varanda do apartamento? No Varej\u00e3o do Ceagesp, s\u00e1bado e domingo \u00a0pela manh\u00e3, com dona Maria Maruyama. A pastelaria Yoka, premiada pela Veja (rua dos Estudantes 37, Liberdade). \u00c9 fato: a massa \u00e9 mais fina que\u2026","rel":"","context":"In &quot;Compras&quot;","img":{"alt_text":"","src":"https:\/\/i1.wp.com\/marisaono.com\/delicia\/wp-content\/uploads\/CIMG00051.jpg?resize=350%2C200&ssl=1","width":350,"height":200},"classes":[]},{"id":5857,"url":"https:\/\/marisaono.com\/delicia\/2013\/03\/14\/pizza-brotinho-do-marcilio\/","url_meta":{"origin":3358,"position":2},"title":"Pizza Brotinho do Marc\u00edlio","date":"Mar\u00e7o 14, 2013","format":false,"excerpt":"Antes que algu\u00e9m me excomungue, j\u00e1 vou avisando que n\u00e3o encaro pizza brotinho como pizza. Encaro como um lanche, da mesma categoria da esfirra, do p\u00e3o de queijo, do joelho. N\u00e3o pesquisei e nem irei pesquisar se na It\u00e1lia fazem pizzas pequenas. Resolvi escrever sobre essa massa porque andaram pedindo\u2026","rel":"","context":"In &quot;Cozinha do Desespero&quot;","img":{"alt_text":"","src":"https:\/\/i2.wp.com\/marisaono.com\/delicia\/wp-content\/uploads\/IMG_1919.jpg?resize=350%2C200&ssl=1","width":350,"height":200},"classes":[]},{"id":3749,"url":"https:\/\/marisaono.com\/delicia\/2011\/10\/29\/colheita-de-hoje\/","url_meta":{"origin":3358,"position":3},"title":"Colheita de Hoje","date":"Outubro 29, 2011","format":false,"excerpt":"Lembram do pacote de shimeji que peguei h\u00e1 algum tempo? Escrevi aqui: http:\/\/marisaono.com\/delicia\/?p=3672 Bem, colhi um bom punhado. H\u00e1 alguns dias resolvi dar uma espiada Ainda havia muita mat\u00e9ria do composto sem ter nada desenvolvido e em vi alguns pontos de brotamento. Nos primeiros dias eles crescem mas n\u00e3o de\u2026","rel":"","context":"In &quot;cotidiano&quot;","img":{"alt_text":"","src":"https:\/\/i1.wp.com\/marisaono.com\/delicia\/wp-content\/uploads\/CIMG0089.jpg?resize=350%2C200&ssl=1","width":350,"height":200},"classes":[]},{"id":2291,"url":"https:\/\/marisaono.com\/delicia\/2010\/06\/04\/espontaneidade\/","url_meta":{"origin":3358,"position":4},"title":"Espontaneidade","date":"Junho 4, 2010","format":false,"excerpt":"A gente limpa a terra, tira pedras, cava, planta, rega. No entanto, algumas plantas daqui foram disseminadas por p\u00e1ssaros. Essas framboesinhas s\u00e3o um exemplo. Em v\u00e1rios pontos sombreados do s\u00edtio tem esses arbustos espinhosos. N\u00e3o adubo, n\u00e3o podo, mas tamb\u00e9m, raramente desfruto. Os p\u00e1ssaros acordam mais cedo e devem de\u2026","rel":"","context":"In &quot;cotidiano&quot;","img":{"alt_text":"","src":"https:\/\/i0.wp.com\/marisaono.com\/delicia\/wp-content\/uploads\/Framboesa.jpg?resize=350%2C200&ssl=1","width":350,"height":200},"classes":[]},{"id":5579,"url":"https:\/\/marisaono.com\/delicia\/2012\/12\/20\/esfirra\/","url_meta":{"origin":3358,"position":5},"title":"Esfirra","date":"Dezembro 20, 2012","format":false,"excerpt":"A primeira esfirra que comi foi em uma lanchonete de chineses, na Penha (no Rio). Ali\u00e1s, pastelaria l\u00e1 era de chineses, s\u00f3 fui conhecer pastelaria de japoneses no Paran\u00e1 e aqui em S\u00e3o Paulo. Depois vieram outras esfirras, comidas em padarias, na cantina do col\u00e9gio. Eram sempre de massa fofa,\u2026","rel":"","context":"In &quot;lanches&quot;","img":{"alt_text":"","src":"https:\/\/i1.wp.com\/marisaono.com\/delicia\/wp-content\/uploads\/IMG_1481.jpg?resize=350%2C200&ssl=1","width":350,"height":200},"classes":[]}],"_links":{"self":[{"href":"https:\/\/marisaono.com\/delicia\/wp-json\/wp\/v2\/posts\/3358"}],"collection":[{"href":"https:\/\/marisaono.com\/delicia\/wp-json\/wp\/v2\/posts"}],"about":[{"href":"https:\/\/marisaono.com\/delicia\/wp-json\/wp\/v2\/types\/post"}],"author":[{"embeddable":true,"href":"https:\/\/marisaono.com\/delicia\/wp-json\/wp\/v2\/users\/1"}],"replies":[{"embeddable":true,"href":"https:\/\/marisaono.com\/delicia\/wp-json\/wp\/v2\/comments?post=3358"}],"version-history":[{"count":3,"href":"https:\/\/marisaono.com\/delicia\/wp-json\/wp\/v2\/posts\/3358\/revisions"}],"predecessor-version":[{"id":3362,"href":"https:\/\/marisaono.com\/delicia\/wp-json\/wp\/v2\/posts\/3358\/revisions\/3362"}],"wp:featuredmedia":[{"embeddable":true,"href":"https:\/\/marisaono.com\/delicia\/wp-json\/wp\/v2\/media\/3359"}],"wp:attachment":[{"href":"https:\/\/marisaono.com\/delicia\/wp-json\/wp\/v2\/media?parent=3358"}],"wp:term":[{"taxonomy":"category","embeddable":true,"href":"https:\/\/marisaono.com\/delicia\/wp-json\/wp\/v2\/categories?post=3358"},{"taxonomy":"post_tag","embeddable":true,"href":"https:\/\/marisaono.com\/delicia\/wp-json\/wp\/v2\/tags?post=3358"}],"curies":[{"name":"wp","href":"https:\/\/api.w.org\/{rel}","templated":true}]}}