{"id":3366,"date":"2011-07-10T21:38:42","date_gmt":"2011-07-11T00:38:42","guid":{"rendered":"http:\/\/marisaono.com\/delicia\/?p=3366"},"modified":"2011-07-10T21:38:42","modified_gmt":"2011-07-11T00:38:42","slug":"divino-sabores","status":"publish","type":"post","link":"https:\/\/marisaono.com\/delicia\/2011\/07\/10\/divino-sabores\/","title":{"rendered":"diVino Sabores"},"content":{"rendered":"<div class=\"translate_block\" style=\"display: none;\">\n<a class=\"translate_translate\" id=\"translate_button_post-3366\" lang=\"en\" xml:lang=\"en\" href=\"javascript:show_translate_popup('en', 'post', 3366);\">[Translate]<\/a><img src=\"https:\/\/marisaono.com\/delicia\/wp-content\/plugins\/google-ajax-translation\/transparent.gif\" id=\"translate_loading_post-3366\" class=\"translate_loading\" style=\"display: none;\" width=\"16\" height=\"16\" alt=\"\" \/>\n<hr class=\"translate_hr\" \/>\n<\/div>\n<div id=\"content_div-3366\">\n<p><a href=\"http:\/\/marisaono.com\/delicia\/wp-content\/uploads\/IMG_6293-1.jpg\"><img loading=\"lazy\" decoding=\"async\" class=\"alignnone size-full wp-image-3369\" title=\"IMG_6293-1\" src=\"http:\/\/marisaono.com\/delicia\/wp-content\/uploads\/IMG_6293-1.jpg\" alt=\"\" width=\"480\" height=\"361\" srcset=\"https:\/\/marisaono.com\/delicia\/wp-content\/uploads\/IMG_6293-1.jpg 480w, https:\/\/marisaono.com\/delicia\/wp-content\/uploads\/IMG_6293-1-360x270.jpg 360w\" sizes=\"(max-width: 480px) 100vw, 480px\" \/><\/a><\/p>\n<p>Foi assim, em imagem colossal que topei com a minha cara na revista diVino Sabores. Claro que sabia que iria sair uma mat\u00e9ria, mas n\u00e3o esperava uma foto t\u00e3o grande. Assustei. Definitivamente, n\u00e3o estou acostumada a me ver. Nem no espelho.<\/p>\n<p>Ainda n\u00e3o juntei for\u00e7as para ler a mat\u00e9ria, o que \u00e9 uma vergonha. Deveria ter o senso de ler com imparcialidade, mas sou eu. Quem sabe amanh\u00e3.<\/p>\n<p>&nbsp;<\/p>\n<p>&nbsp;<\/p>\n<p><a href=\"http:\/\/marisaono.com\/delicia\/wp-content\/uploads\/IMG_6292.jpg\"><br \/>\n<\/a><\/p>\n<p>&nbsp;<\/p>\n<a href=\"https:\/\/www.freetellafriend.com\/tell\/?url=https%3A%2F%2Fmarisaono.com%2Fdelicia%2F2011%2F07%2F10%2Fdivino-sabores%2F&title=diVino+Sabores\" onclick=\"window.open('https:\/\/www.freetellafriend.com\/tell\/?url=https%3A%2F%2Fmarisaono.com%2Fdelicia%2F2011%2F07%2F10%2Fdivino-sabores%2F&title=diVino+Sabores', 'freetellafriend', 'scrollbars=1,menubar=0,width=617,height=530,resizable=1,toolbar=0,location=0,status=0,screenX=210,screenY=100,left=210,top=100'); return false;\" target=\"_blank\" title=\"Share This Post\"><img decoding=\"async\" src=\"http:\/\/marisaono.com\/delicia\/wp-content\/plugins\/tell-a-friend\/button.gif\" style=\"width:127px;height:16px;border:0px;\" alt=\"Share This Post\" title=\"Share This Post\" \/><\/a><\/div>\n","protected":false},"excerpt":{"rendered":"<p>[Translate] Foi assim, em imagem colossal que topei com a minha cara na revista diVino Sabores. Claro que sabia que iria sair uma mat\u00e9ria, mas n\u00e3o esperava uma foto t\u00e3o grande. Assustei. Definitivamente, n\u00e3o estou acostumada a me ver. Nem &hellip; <a href=\"https:\/\/marisaono.com\/delicia\/2011\/07\/10\/divino-sabores\/\">Continuar a ler <span class=\"meta-nav\">&rarr;<\/span><\/a><\/p>\n","protected":false},"author":1,"featured_media":3367,"comment_status":"open","ping_status":"open","sticky":false,"template":"","format":"standard","meta":{"spay_email":"","footnotes":"","jetpack_publicize_message":"","jetpack_is_tweetstorm":false},"categories":[14],"tags":[],"jetpack_featured_media_url":"https:\/\/marisaono.com\/delicia\/wp-content\/uploads\/IMG_6293.jpg","jetpack_publicize_connections":[],"jetpack_sharing_enabled":true,"jetpack_shortlink":"https:\/\/wp.me\/pccs7-Si","jetpack-related-posts":[{"id":8941,"url":"https:\/\/marisaono.com\/delicia\/2016\/04\/03\/fuba-de-canjica\/","url_meta":{"origin":3366,"position":0},"title":"Fub\u00e1 de Canjica","date":"Abril 3, 2016","format":false,"excerpt":"Outro dia ganhei dois pacotes de fub\u00e1 de canjica. H\u00e1 muito havia lido sobre ele no blog da Neide Rigo. J\u00e1 cheguei a encontrar um fub\u00e1 bem fino, que d\u00e1 para fazer um biscoito. Mas precisava ter na minha m\u00e3o um fub\u00e1 de canjica para saber o qu\u00e3o fino \u00e9\u2026","rel":"","context":"In &quot;curiosidades&quot;","img":{"alt_text":"IMG_0201","src":"https:\/\/i2.wp.com\/marisaono.com\/delicia\/wp-content\/uploads\/IMG_0201.jpg?resize=350%2C200","width":350,"height":200},"classes":[]},{"id":5050,"url":"https:\/\/marisaono.com\/delicia\/2012\/07\/19\/dalva-e-dito-convida-thiago-e-rodrigo-castanho\/","url_meta":{"origin":3366,"position":1},"title":"Dalva e Dito Convida Thiago e Felipe Castanho","date":"Julho 19, 2012","format":false,"excerpt":"Fui almo\u00e7ar no Dalva e Dito. Sim, estava muito curiosa pela comida do Par\u00e1. Confesso que n\u00e3o conhe\u00e7o nada do Brasil do Rio de Janeiro para cima. Como at\u00e9 hoje s\u00f3 conheci lugares para onde fui levada pelas circunst\u00e2ncias (leia-se trabalho), espero que um dia algo me fa\u00e7a ir para\u2026","rel":"","context":"In &quot;Lugares&quot;","img":{"alt_text":"","src":"https:\/\/i2.wp.com\/marisaono.com\/delicia\/wp-content\/uploads\/CIMG1271.jpg?resize=350%2C200&ssl=1","width":350,"height":200},"classes":[]},{"id":5627,"url":"https:\/\/marisaono.com\/delicia\/2013\/01\/13\/os-superestimados-organicos\/","url_meta":{"origin":3366,"position":2},"title":"Os Superestimados Org\u00e2nicos","date":"Janeiro 13, 2013","format":false,"excerpt":"J\u00e1 vou avisando que se voc\u00ea \u00e9 um fan\u00e1tico defensor dos org\u00e2nicos, \u00e9 melhor parar de ler agora. Tamb\u00e9m aviso que se voc\u00ea \u00e9 o t\u00edpico leitor da internet, que n\u00e3o gasta mais que um minuto por p\u00e1gina e raramente l\u00ea mais que 1\/4 do texto, tamb\u00e9m \u00e9 melhor parar\u2026","rel":"","context":"With 33 comments","img":{"alt_text":"","src":"https:\/\/i0.wp.com\/marisaono.com\/delicia\/wp-content\/uploads\/IMG_1578.jpg?resize=350%2C200&ssl=1","width":350,"height":200},"classes":[]},{"id":8199,"url":"https:\/\/marisaono.com\/delicia\/2015\/03\/17\/pao-nosso\/","url_meta":{"origin":3366,"position":3},"title":"P\u00e3o Nosso","date":"Mar\u00e7o 17, 2015","format":false,"excerpt":"Tem gente que gosta de fazer p\u00e3o. Eu, por exemplo. A Neide Rigo. A Nina Mori. E o Luiz Am\u00e9rico Camargo. Porqu\u00ea? O prazer de amassar, dar forma, ver crescer talvez justifique. O aroma de p\u00e3o assando, a crosta crocante do p\u00e3o quente, o sabor dele fresco tamb\u00e9m. Mas isso\u2026","rel":"","context":"In &quot;dicas&quot;","img":{"alt_text":"","src":"https:\/\/i0.wp.com\/marisaono.com\/delicia\/wp-content\/uploads\/IMG_5517.jpg?resize=350%2C200&ssl=1","width":350,"height":200},"classes":[]},{"id":6165,"url":"https:\/\/marisaono.com\/delicia\/2013\/06\/20\/seminario-umami-e-o-segredo-da-culinaria-japonesa\/","url_meta":{"origin":3366,"position":4},"title":"Semin\u00e1rio Umami e O Segredo da Culin\u00e1ria Japonesa","date":"Junho 20, 2013","format":false,"excerpt":"Fui convidada para assistir ao semin\u00e1rio organizado pela JETRO (Japan External Trade Organization) sobre o umami e a culin\u00e1ria japonesa. O Presidente da Jetro, Yasuhiro Ishida lembrou que a cozinha japonesa tornou-se bem conhecida no mundo mas, apesar de ser bem disseminada em S\u00e3o Paulo, ainda tem muito espa\u00e7o para\u2026","rel":"","context":"In &quot;Culin\u00e1ria japonesa&quot;","img":{"alt_text":"","src":"https:\/\/i1.wp.com\/marisaono.com\/delicia\/wp-content\/uploads\/IMG_2478.jpg?resize=350%2C200&ssl=1","width":350,"height":200},"classes":[]},{"id":6805,"url":"https:\/\/marisaono.com\/delicia\/2013\/11\/22\/cardapio-umami-no-sakagura-a1\/","url_meta":{"origin":3366,"position":5},"title":"Card\u00e1pio Umami do Sakagura A1","date":"Novembro 22, 2013","format":false,"excerpt":"Ontem estive no Sakagura A1 do chef Shinya Koike. Os pratos foram criados explorando gosto umami, combinando ingredientes ricos em glutamato,\u00a0inosinato e\u00a0guanilato, como peixe e algas, no ceviche \u00e0 japonesa com gelatina de peixe acima. Muito leve, levemente \u00e1cido e, em vez de molho, os peda\u00e7os de peixe s\u00e3o envoltos\u2026","rel":"","context":"In &quot;Culin\u00e1ria japonesa&quot;","img":{"alt_text":"","src":"https:\/\/i0.wp.com\/marisaono.com\/delicia\/wp-content\/uploads\/IMG_3664.jpg?resize=350%2C200&ssl=1","width":350,"height":200},"classes":[]}],"_links":{"self":[{"href":"https:\/\/marisaono.com\/delicia\/wp-json\/wp\/v2\/posts\/3366"}],"collection":[{"href":"https:\/\/marisaono.com\/delicia\/wp-json\/wp\/v2\/posts"}],"about":[{"href":"https:\/\/marisaono.com\/delicia\/wp-json\/wp\/v2\/types\/post"}],"author":[{"embeddable":true,"href":"https:\/\/marisaono.com\/delicia\/wp-json\/wp\/v2\/users\/1"}],"replies":[{"embeddable":true,"href":"https:\/\/marisaono.com\/delicia\/wp-json\/wp\/v2\/comments?post=3366"}],"version-history":[{"count":2,"href":"https:\/\/marisaono.com\/delicia\/wp-json\/wp\/v2\/posts\/3366\/revisions"}],"predecessor-version":[{"id":3371,"href":"https:\/\/marisaono.com\/delicia\/wp-json\/wp\/v2\/posts\/3366\/revisions\/3371"}],"wp:featuredmedia":[{"embeddable":true,"href":"https:\/\/marisaono.com\/delicia\/wp-json\/wp\/v2\/media\/3367"}],"wp:attachment":[{"href":"https:\/\/marisaono.com\/delicia\/wp-json\/wp\/v2\/media?parent=3366"}],"wp:term":[{"taxonomy":"category","embeddable":true,"href":"https:\/\/marisaono.com\/delicia\/wp-json\/wp\/v2\/categories?post=3366"},{"taxonomy":"post_tag","embeddable":true,"href":"https:\/\/marisaono.com\/delicia\/wp-json\/wp\/v2\/tags?post=3366"}],"curies":[{"name":"wp","href":"https:\/\/api.w.org\/{rel}","templated":true}]}}