{"id":3382,"date":"2011-07-19T21:37:36","date_gmt":"2011-07-20T00:37:36","guid":{"rendered":"http:\/\/marisaono.com\/delicia\/?p=3382"},"modified":"2011-07-19T21:37:36","modified_gmt":"2011-07-20T00:37:36","slug":"festival-do-japao-2011","status":"publish","type":"post","link":"https:\/\/marisaono.com\/delicia\/2011\/07\/19\/festival-do-japao-2011\/","title":{"rendered":"Festival do Jap\u00e3o 2011"},"content":{"rendered":"<div class=\"translate_block\" style=\"display: none;\">\n<a class=\"translate_translate\" id=\"translate_button_post-3382\" lang=\"en\" xml:lang=\"en\" href=\"javascript:show_translate_popup('en', 'post', 3382);\">[Translate]<\/a><img src=\"https:\/\/marisaono.com\/delicia\/wp-content\/plugins\/google-ajax-translation\/transparent.gif\" id=\"translate_loading_post-3382\" class=\"translate_loading\" style=\"display: none;\" width=\"16\" height=\"16\" alt=\"\" \/>\n<hr class=\"translate_hr\" \/>\n<\/div>\n<div id=\"content_div-3382\">\n<p><a href=\"http:\/\/marisaono.com\/delicia\/wp-content\/uploads\/IMG_6299.jpg\"><img loading=\"lazy\" decoding=\"async\" class=\"alignnone size-full wp-image-3383\" title=\"IMG_6299\" src=\"http:\/\/marisaono.com\/delicia\/wp-content\/uploads\/IMG_6299.jpg\" alt=\"\" width=\"480\" height=\"360\" srcset=\"https:\/\/marisaono.com\/delicia\/wp-content\/uploads\/IMG_6299.jpg 480w, https:\/\/marisaono.com\/delicia\/wp-content\/uploads\/IMG_6299-360x270.jpg 360w, https:\/\/marisaono.com\/delicia\/wp-content\/uploads\/IMG_6299-150x113.jpg 150w, https:\/\/marisaono.com\/delicia\/wp-content\/uploads\/IMG_6299-400x300.jpg 400w\" sizes=\"(max-width: 480px) 100vw, 480px\" \/><\/a><\/p>\n<p>Este ano tenho pouco a dizer sobre o Festival do Jap\u00e3o. Fiquei pouco tempo, voltei para casa gemendo de dor cada vez que pisava na embreagem. Ainda sinto um desconforto na base da coluna. Tirei poucas fotos, dei uma volta geral e s\u00f3. Comemos (eu e minha\u00a0 m\u00e3e) um Sanuki Udon, com massa importada por R$18,00.<\/p>\n<p><a href=\"http:\/\/marisaono.com\/delicia\/wp-content\/uploads\/IMG_6301.jpg\"><img loading=\"lazy\" decoding=\"async\" class=\"alignnone size-full wp-image-3384\" title=\"IMG_6301\" src=\"http:\/\/marisaono.com\/delicia\/wp-content\/uploads\/IMG_6301.jpg\" alt=\"\" width=\"360\" height=\"480\" srcset=\"https:\/\/marisaono.com\/delicia\/wp-content\/uploads\/IMG_6301.jpg 360w, https:\/\/marisaono.com\/delicia\/wp-content\/uploads\/IMG_6301-202x270.jpg 202w\" sizes=\"(max-width: 360px) 100vw, 360px\" \/><\/a><\/p>\n<p>No stand da Zendai havia vinagre de yuzu com mel. Informaram que n\u00e3o estavam comercializando na empresa, era um produto exclusivo para o festival, o que \u00e9 uma pena.<\/p>\n<p><a href=\"http:\/\/marisaono.com\/delicia\/wp-content\/uploads\/IMG_6304.jpg\"><img loading=\"lazy\" decoding=\"async\" class=\"alignnone size-full wp-image-3385\" title=\"IMG_6304\" src=\"http:\/\/marisaono.com\/delicia\/wp-content\/uploads\/IMG_6304.jpg\" alt=\"\" width=\"480\" height=\"360\" srcset=\"https:\/\/marisaono.com\/delicia\/wp-content\/uploads\/IMG_6304.jpg 480w, https:\/\/marisaono.com\/delicia\/wp-content\/uploads\/IMG_6304-360x270.jpg 360w\" sizes=\"(max-width: 480px) 100vw, 480px\" \/><\/a><\/p>\n<p>Com tanta comida, acabei tirando foto de comida de mentira, no stand do consulado japon\u00eas.<\/p>\n<p><a href=\"http:\/\/marisaono.com\/delicia\/wp-content\/uploads\/IMG_6305.jpg\"><img loading=\"lazy\" decoding=\"async\" class=\"alignnone size-full wp-image-3386\" title=\"IMG_6305\" src=\"http:\/\/marisaono.com\/delicia\/wp-content\/uploads\/IMG_6305.jpg\" alt=\"\" width=\"480\" height=\"360\" srcset=\"https:\/\/marisaono.com\/delicia\/wp-content\/uploads\/IMG_6305.jpg 480w, https:\/\/marisaono.com\/delicia\/wp-content\/uploads\/IMG_6305-360x270.jpg 360w\" sizes=\"(max-width: 480px) 100vw, 480px\" \/><\/a><\/p>\n<p>Apesar do realismo, tudo \u00e9 de pl\u00e1stico. No Jap\u00e3o \u00e9 bastante comum encontrar um mostru\u00e1rio dos pratos da casa na entrada do restaurante.<\/p>\n<p><a href=\"http:\/\/marisaono.com\/delicia\/wp-content\/uploads\/IMG_6306.jpg\"><img loading=\"lazy\" decoding=\"async\" class=\"alignnone size-full wp-image-3387\" title=\"IMG_6306\" src=\"http:\/\/marisaono.com\/delicia\/wp-content\/uploads\/IMG_6306.jpg\" alt=\"\" width=\"480\" height=\"360\" srcset=\"https:\/\/marisaono.com\/delicia\/wp-content\/uploads\/IMG_6306.jpg 480w, https:\/\/marisaono.com\/delicia\/wp-content\/uploads\/IMG_6306-360x270.jpg 360w\" sizes=\"(max-width: 480px) 100vw, 480px\" \/><\/a><\/p>\n<p>Em alguns casos, tamb\u00e9m s\u00e3o usados em decora\u00e7\u00e3o de lojas de departamento ou supermercados.<\/p>\n<p><a href=\"http:\/\/marisaono.com\/delicia\/wp-content\/uploads\/IMG_6307.jpg\"><img loading=\"lazy\" decoding=\"async\" class=\"alignnone size-full wp-image-3388\" title=\"IMG_6307\" src=\"http:\/\/marisaono.com\/delicia\/wp-content\/uploads\/IMG_6307.jpg\" alt=\"\" width=\"480\" height=\"360\" srcset=\"https:\/\/marisaono.com\/delicia\/wp-content\/uploads\/IMG_6307.jpg 480w, https:\/\/marisaono.com\/delicia\/wp-content\/uploads\/IMG_6307-360x270.jpg 360w\" sizes=\"(max-width: 480px) 100vw, 480px\" \/><\/a><\/p>\n<p>Neste, o hashi flutua no ar.<\/p>\n<p><a href=\"http:\/\/marisaono.com\/delicia\/wp-content\/uploads\/IMG_6308.jpg\"><img loading=\"lazy\" decoding=\"async\" class=\"alignnone size-full wp-image-3389\" title=\"IMG_6308\" src=\"http:\/\/marisaono.com\/delicia\/wp-content\/uploads\/IMG_6308.jpg\" alt=\"\" width=\"480\" height=\"360\" srcset=\"https:\/\/marisaono.com\/delicia\/wp-content\/uploads\/IMG_6308.jpg 480w, https:\/\/marisaono.com\/delicia\/wp-content\/uploads\/IMG_6308-360x270.jpg 360w\" sizes=\"(max-width: 480px) 100vw, 480px\" \/><\/a><\/p>\n<p>&nbsp;<\/p>\n<p><a href=\"http:\/\/marisaono.com\/delicia\/wp-content\/uploads\/IMG_6309.jpg\"><img loading=\"lazy\" decoding=\"async\" class=\"alignnone size-full wp-image-3390\" title=\"IMG_6309\" src=\"http:\/\/marisaono.com\/delicia\/wp-content\/uploads\/IMG_6309.jpg\" alt=\"\" width=\"360\" height=\"480\" srcset=\"https:\/\/marisaono.com\/delicia\/wp-content\/uploads\/IMG_6309.jpg 360w, https:\/\/marisaono.com\/delicia\/wp-content\/uploads\/IMG_6309-202x270.jpg 202w\" sizes=\"(max-width: 360px) 100vw, 360px\" \/><\/a><\/p>\n<p>O tempura n\u00e3o parece apetitoso?<\/p>\n<p><a href=\"http:\/\/marisaono.com\/delicia\/wp-content\/uploads\/IMG_6303.jpg\"><img loading=\"lazy\" decoding=\"async\" class=\"alignnone size-full wp-image-3392\" title=\"IMG_6303\" src=\"http:\/\/marisaono.com\/delicia\/wp-content\/uploads\/IMG_6303.jpg\" alt=\"\" width=\"480\" height=\"360\" srcset=\"https:\/\/marisaono.com\/delicia\/wp-content\/uploads\/IMG_6303.jpg 480w, https:\/\/marisaono.com\/delicia\/wp-content\/uploads\/IMG_6303-360x270.jpg 360w\" sizes=\"(max-width: 480px) 100vw, 480px\" \/><\/a><\/p>\n<p>Sushi? N\u00e3o, mem\u00f3ria USB, lembro que foi moda h\u00e1 alguns anos, n\u00e3o sei se continuam usando isso.<\/p>\n<a href=\"https:\/\/www.freetellafriend.com\/tell\/?url=https%3A%2F%2Fmarisaono.com%2Fdelicia%2F2011%2F07%2F19%2Ffestival-do-japao-2011%2F&title=Festival+do+Jap%C3%A3o+2011\" onclick=\"window.open('https:\/\/www.freetellafriend.com\/tell\/?url=https%3A%2F%2Fmarisaono.com%2Fdelicia%2F2011%2F07%2F19%2Ffestival-do-japao-2011%2F&title=Festival+do+Jap%C3%A3o+2011', 'freetellafriend', 'scrollbars=1,menubar=0,width=617,height=530,resizable=1,toolbar=0,location=0,status=0,screenX=210,screenY=100,left=210,top=100'); return false;\" target=\"_blank\" title=\"Share This Post\"><img decoding=\"async\" src=\"http:\/\/marisaono.com\/delicia\/wp-content\/plugins\/tell-a-friend\/button.gif\" style=\"width:127px;height:16px;border:0px;\" alt=\"Share This Post\" title=\"Share This Post\" \/><\/a><\/div>\n","protected":false},"excerpt":{"rendered":"<p>[Translate] Este ano tenho pouco a dizer sobre o Festival do Jap\u00e3o. Fiquei pouco tempo, voltei para casa gemendo de dor cada vez que pisava na embreagem. Ainda sinto um desconforto na base da coluna. Tirei poucas fotos, dei uma &hellip; <a href=\"https:\/\/marisaono.com\/delicia\/2011\/07\/19\/festival-do-japao-2011\/\">Continuar a ler <span class=\"meta-nav\">&rarr;<\/span><\/a><\/p>\n","protected":false},"author":1,"featured_media":3383,"comment_status":"open","ping_status":"open","sticky":false,"template":"","format":"standard","meta":{"spay_email":"","footnotes":"","jetpack_publicize_message":"","jetpack_is_tweetstorm":false},"categories":[15,16],"tags":[241],"jetpack_featured_media_url":"https:\/\/marisaono.com\/delicia\/wp-content\/uploads\/IMG_6299.jpg","jetpack_publicize_connections":[],"jetpack_sharing_enabled":true,"jetpack_shortlink":"https:\/\/wp.me\/pccs7-Sy","jetpack-related-posts":[{"id":2495,"url":"https:\/\/marisaono.com\/delicia\/2010\/07\/24\/festival-do-japo-parte-4\/","url_meta":{"origin":3382,"position":0},"title":"Festival do Jap&atilde;o &ndash; Parte 4","date":"Julho 24, 2010","format":false,"excerpt":"A barraca de Niigata trouxe mochi, anpan (p\u00e3o com doce de feij\u00e3o) e uma coisa bem curiosa: Kibi dango (bolinho de milheto), embrulhado em folha, amarrado e cozido no vapor. Hiroshima servia okonomiyaki e foi bem concorrido! Quando morei me Nagano, achei curioso que ainda havia muita gente que fazia\u2026","rel":"","context":"In &quot;Culin\u00e1ria japonesa&quot;","img":{"alt_text":"","src":"https:\/\/i1.wp.com\/marisaono.com\/delicia\/wp-content\/uploads\/IMG_5157.jpg?resize=350%2C200&ssl=1","width":350,"height":200},"classes":[]},{"id":2456,"url":"https:\/\/marisaono.com\/delicia\/2010\/07\/22\/festival-do-japao-parte-3\/","url_meta":{"origin":3382,"position":1},"title":"Festival do Jap\u00e3o - Parte 3","date":"Julho 22, 2010","format":false,"excerpt":"Na barraca de Yamanashi, Houtou (que eu ainda vou experimentar), udon e arroz com curry. Fiquei com vontade de tomar o amazake na barraquinha de Tochigi, mas por conta de um medicamento que estou tomando, achei melhor n\u00e3o arriscar, apesar de quase n\u00e3o conter \u00e1lcool. Tamb\u00e9m tinha yakisoba, gyoza e\u2026","rel":"","context":"In &quot;Culin\u00e1ria japonesa&quot;","img":{"alt_text":"","src":"https:\/\/i2.wp.com\/marisaono.com\/delicia\/wp-content\/uploads\/IMG_5143.jpg?resize=350%2C200&ssl=1","width":350,"height":200},"classes":[]},{"id":1511,"url":"https:\/\/marisaono.com\/delicia\/2009\/07\/17\/12%c2%ba-festival-do-japao\/","url_meta":{"origin":3382,"position":2},"title":"12\u00ba Festival do Jap\u00e3o","date":"Julho 17, 2009","format":false,"excerpt":"Come\u00e7ou hoje o 12\u00ba Festival do Jap\u00e3o. Os hor\u00e1rios s\u00e3o: 17 (sexta) das 12:00 \u00e0s 21:00 hs 18 (s\u00e1bado) das 10:00 \u00e0s 21:00 hs 19 (domingo) das 10:00 \u00e0s 18:00 hs Mais informa\u00e7\u00f5es, no site do Festival: http:\/\/www.festivaldojapao.com\/","rel":"","context":"With 1 comment","img":{"alt_text":"","src":"","width":0,"height":0},"classes":[]},{"id":981,"url":"https:\/\/marisaono.com\/delicia\/2009\/05\/22\/festival-do-japao\/","url_meta":{"origin":3382,"position":3},"title":"Festival do Jap\u00e3o","date":"Maio 22, 2009","format":false,"excerpt":"Rapidinho. Evento programado para os dias 17, 18 e 19 de julho, no Centro de Exposi\u00e7\u00f5es Imigrantes, vai contar com diversos estandes de gastronomia. Mais detalhes no site do pr\u00f3prio Festival: http:\/\/www.festivaldojapao.com\/","rel":"","context":"In &quot;dicas&quot;","img":{"alt_text":"","src":"","width":0,"height":0},"classes":[]},{"id":2438,"url":"https:\/\/marisaono.com\/delicia\/2010\/07\/18\/festival-do-japo\/","url_meta":{"origin":3382,"position":4},"title":"Festival do Jap\u00e3o - Parte 1","date":"Julho 18, 2010","format":false,"excerpt":"Fui ao Festival do Jap\u00e3o no s\u00e1bado, dia 17. Chegamos depois do meio-dia. Felizmente n\u00e3o choveu e eu n\u00e3o senti tanto frio quanto pensava. Ali\u00e1s, at\u00e9 passei calor porque fui agasalhada demais. H\u00e1 muito que eu n\u00e3o ia a uma festa da comunidade japonesa. E, tirando a festa de comemora\u00e7\u00e3o\u2026","rel":"","context":"In &quot;Culin\u00e1ria japonesa&quot;","img":{"alt_text":"","src":"https:\/\/i0.wp.com\/marisaono.com\/delicia\/wp-content\/uploads\/IMG_5120.jpg?resize=350%2C200&ssl=1","width":350,"height":200},"classes":[]},{"id":6289,"url":"https:\/\/marisaono.com\/delicia\/2013\/07\/17\/festival-do-japao-2013\/","url_meta":{"origin":3382,"position":5},"title":"Festival do Jap\u00e3o 2013","date":"Julho 17, 2013","format":false,"excerpt":"Come\u00e7a na sexta-feira o Festival do Jap\u00e3o no Centro de Exposi\u00e7\u00f5es Imigrantes. Al\u00e9m das barracas de comidas t\u00edpicas de cada prov\u00edncia japonesa, haver\u00e3o atividades, shows, expositores. H\u00e1 a op\u00e7\u00e3o de ir de metr\u00f4 e pegar o \u00f4nibus gratuito, que sai da esta\u00e7\u00e3o Jabaquara. Ou seguir \u00e0 p\u00e9 (cerca de 850\u2026","rel":"","context":"In &quot;Culin\u00e1ria japonesa&quot;","img":{"alt_text":"","src":"","width":0,"height":0},"classes":[]}],"_links":{"self":[{"href":"https:\/\/marisaono.com\/delicia\/wp-json\/wp\/v2\/posts\/3382"}],"collection":[{"href":"https:\/\/marisaono.com\/delicia\/wp-json\/wp\/v2\/posts"}],"about":[{"href":"https:\/\/marisaono.com\/delicia\/wp-json\/wp\/v2\/types\/post"}],"author":[{"embeddable":true,"href":"https:\/\/marisaono.com\/delicia\/wp-json\/wp\/v2\/users\/1"}],"replies":[{"embeddable":true,"href":"https:\/\/marisaono.com\/delicia\/wp-json\/wp\/v2\/comments?post=3382"}],"version-history":[{"count":1,"href":"https:\/\/marisaono.com\/delicia\/wp-json\/wp\/v2\/posts\/3382\/revisions"}],"predecessor-version":[{"id":3393,"href":"https:\/\/marisaono.com\/delicia\/wp-json\/wp\/v2\/posts\/3382\/revisions\/3393"}],"wp:featuredmedia":[{"embeddable":true,"href":"https:\/\/marisaono.com\/delicia\/wp-json\/wp\/v2\/media\/3383"}],"wp:attachment":[{"href":"https:\/\/marisaono.com\/delicia\/wp-json\/wp\/v2\/media?parent=3382"}],"wp:term":[{"taxonomy":"category","embeddable":true,"href":"https:\/\/marisaono.com\/delicia\/wp-json\/wp\/v2\/categories?post=3382"},{"taxonomy":"post_tag","embeddable":true,"href":"https:\/\/marisaono.com\/delicia\/wp-json\/wp\/v2\/tags?post=3382"}],"curies":[{"name":"wp","href":"https:\/\/api.w.org\/{rel}","templated":true}]}}