{"id":3459,"date":"2011-07-31T18:25:40","date_gmt":"2011-07-31T21:25:40","guid":{"rendered":"http:\/\/marisaono.com\/delicia\/?p=3459"},"modified":"2012-01-02T21:03:06","modified_gmt":"2012-01-03T00:03:06","slug":"flan-diet-de-baunilha-com-geleia-de-damasco","status":"publish","type":"post","link":"https:\/\/marisaono.com\/delicia\/2011\/07\/31\/flan-diet-de-baunilha-com-geleia-de-damasco\/","title":{"rendered":"Flan Diet de Baunilha com Gel\u00e9ia de Damasco"},"content":{"rendered":"<div class=\"translate_block\" style=\"display: none;\">\n<a class=\"translate_translate\" id=\"translate_button_post-3459\" lang=\"en\" xml:lang=\"en\" href=\"javascript:show_translate_popup('en', 'post', 3459);\">[Translate]<\/a><img src=\"https:\/\/marisaono.com\/delicia\/wp-content\/plugins\/google-ajax-translation\/transparent.gif\" id=\"translate_loading_post-3459\" class=\"translate_loading\" style=\"display: none;\" width=\"16\" height=\"16\" alt=\"\" \/>\n<hr class=\"translate_hr\" \/>\n<\/div>\n<div id=\"content_div-3459\">\n<p><a href=\"http:\/\/marisaono.com\/delicia\/wp-content\/uploads\/IMG_6379.jpg\"><img loading=\"lazy\" decoding=\"async\" class=\"alignnone size-full wp-image-3460\" title=\"IMG_6379\" src=\"http:\/\/marisaono.com\/delicia\/wp-content\/uploads\/IMG_6379.jpg\" alt=\"\" width=\"480\" height=\"360\" srcset=\"https:\/\/marisaono.com\/delicia\/wp-content\/uploads\/IMG_6379.jpg 480w, https:\/\/marisaono.com\/delicia\/wp-content\/uploads\/IMG_6379-360x270.jpg 360w, https:\/\/marisaono.com\/delicia\/wp-content\/uploads\/IMG_6379-150x113.jpg 150w, https:\/\/marisaono.com\/delicia\/wp-content\/uploads\/IMG_6379-400x300.jpg 400w\" sizes=\"(max-width: 480px) 100vw, 480px\" \/><\/a><\/p>\n<p>Esse flan ficou com uma cor bem amarela porque usei ovos caipiras. Se forem ovos de granja, comuns, ir\u00e3o ficar muito mais claros. Reduzi calorias usando 2 claras no lugar de 2 ovos. E lembre-se: doces feitos com ado\u00e7ante duram menos, mesmo na geladeira. Isso porque o a\u00e7\u00facar \u00e9 um bom conservante. Ent\u00e3o, n\u00e3o guarde por muito tempo e acostume-se a fazer por\u00e7\u00f5es pequenas.<\/p>\n<p>Para a gel\u00e9ia de damasco, coloquei 100 gramas de damascos em uma panela com \u00e1gua. Fervi at\u00e9 que ficassem macios. Bati tudo no liquidificador &#8211; n\u00e3o muito, ficaram uns pedacinhos bem pequenos &#8211; e voltei ao fogo, cozinhando at\u00e9 que se tornasse um creme espesso, mas n\u00e3o uma pasta. Adocei com ado\u00e7ante l\u00edquido, algumas gotas de cada vez. O ado\u00e7ante satura logo e tende a amargar se usado em demasia. E o aspartame n\u00e3o \u00e9 o mais indicado para preparados quentes. Deixei esfriar.<\/p>\n<p>Para o flan, usei 2 claras, 2 ovos inteiros, 500 ml de leite e um pouco de baunilha. Se puder, use uma boa baunilha, que tem um aroma doce, que satisfaz mais. Adoce \u00e0 gosto, com ado\u00e7ante l\u00edquido ou culin\u00e1rio, lembrando que menos \u00e9 melhor, n\u00e3o se deixe levar pela vontade de colocar mais ado\u00e7ante e correr o risco de amargar tudo. Bata tudo e passe pela peneira. Se formar espuma na superf\u00edcie, retire com uma colher. Coloque em uma forma ou v\u00e1rias forminhas refrat\u00e1rias. No caso de uma forma grande, usei a pot\u00eancia m\u00e9dia do microondas e cozinhei por 15 minutos. No caso de forminhas pequenas, \u00e9 preciso testar o tempo de cozimento. Tamb\u00e9m pode ser feito no banho-maria, no forno.<\/p>\n<p>Depois de gelado, sirva com uma colherada da gel\u00e9ia de damasco, que vai ser \u00e1cida, doce e complementar o flan. Essa gel\u00e9ia tamb\u00e9m fica boa com fatias de queijo fresco.<\/p>\n<p>N\u00e3o coloquei quantidades de ado\u00e7ante porque vi que h\u00e1 uma variedade muito grande no mercado e n\u00e3o tenho certeza se todas s\u00e3o equivalentes em dul\u00e7or. Quero dizer, n\u00e3o sei se todas ado\u00e7am na mesma propor\u00e7\u00e3o.<\/p>\n<p>&nbsp;<\/p>\n<a href=\"https:\/\/www.freetellafriend.com\/tell\/?url=https%3A%2F%2Fmarisaono.com%2Fdelicia%2F2011%2F07%2F31%2Fflan-diet-de-baunilha-com-geleia-de-damasco%2F&title=Flan+Diet+de+Baunilha+com+Gel%C3%A9ia+de+Damasco\" onclick=\"window.open('https:\/\/www.freetellafriend.com\/tell\/?url=https%3A%2F%2Fmarisaono.com%2Fdelicia%2F2011%2F07%2F31%2Fflan-diet-de-baunilha-com-geleia-de-damasco%2F&title=Flan+Diet+de+Baunilha+com+Gel%C3%A9ia+de+Damasco', 'freetellafriend', 'scrollbars=1,menubar=0,width=617,height=530,resizable=1,toolbar=0,location=0,status=0,screenX=210,screenY=100,left=210,top=100'); return false;\" target=\"_blank\" title=\"Share This Post\"><img decoding=\"async\" src=\"http:\/\/marisaono.com\/delicia\/wp-content\/plugins\/tell-a-friend\/button.gif\" style=\"width:127px;height:16px;border:0px;\" alt=\"Share This Post\" title=\"Share This Post\" \/><\/a><\/div>\n","protected":false},"excerpt":{"rendered":"<p>[Translate] Esse flan ficou com uma cor bem amarela porque usei ovos caipiras. Se forem ovos de granja, comuns, ir\u00e3o ficar muito mais claros. Reduzi calorias usando 2 claras no lugar de 2 ovos. E lembre-se: doces feitos com ado\u00e7ante &hellip; <a href=\"https:\/\/marisaono.com\/delicia\/2011\/07\/31\/flan-diet-de-baunilha-com-geleia-de-damasco\/\">Continuar a ler <span class=\"meta-nav\">&rarr;<\/span><\/a><\/p>\n","protected":false},"author":1,"featured_media":3460,"comment_status":"open","ping_status":"open","sticky":false,"template":"","format":"standard","meta":{"spay_email":"","footnotes":"","jetpack_publicize_message":"","jetpack_is_tweetstorm":false},"categories":[254,18,256],"tags":[102,132,83],"jetpack_featured_media_url":"https:\/\/marisaono.com\/delicia\/wp-content\/uploads\/IMG_6379.jpg","jetpack_publicize_connections":[],"jetpack_sharing_enabled":true,"jetpack_shortlink":"https:\/\/wp.me\/pccs7-TN","jetpack-related-posts":[{"id":125,"url":"https:\/\/marisaono.com\/delicia\/2007\/10\/01\/flan-de-pessegos\/","url_meta":{"origin":3459,"position":0},"title":"Flan de P\u00eassegos","date":"Outubro 1, 2007","format":false,"excerpt":"O que fazer com p\u00eassegos n\u00e3o muito bons? Bem, poderia fazer compota, mas eram s\u00f3 meia-d\u00fazia e n\u00e3o eram grandes. N\u00e3o valia a pena fazer gel\u00e9ia tamb\u00e9m. Ent\u00e3o fiz um flan, sem a\u00e7\u00facar. Quase diet, diria, se n\u00e3o fosse pelos dois ovos e pela colherada de a\u00e7\u00facar que usei para\u2026","rel":"","context":"In &quot;Doces&quot;","img":{"alt_text":"","src":"https:\/\/i2.wp.com\/marisaono.com\/delicia\/wp-content\/uploads\/flan-de-pessegos.jpg?resize=350%2C200&ssl=1","width":350,"height":200},"classes":[]},{"id":3465,"url":"https:\/\/marisaono.com\/delicia\/2011\/08\/06\/bolinho-dourado-diet\/","url_meta":{"origin":3459,"position":1},"title":"Bolinho Dourado Diet","date":"Agosto 6, 2011","format":false,"excerpt":"Andei experimentando umas receitas de bolos diet e confesso que n\u00e3o fiquei muito satisfeita. Um ficou pesado, borrachudo. Outro, quase virou um bom-bocado, cremoso. Esse que fiz ficou mais para um p\u00e3o-de-l\u00f3. 3 ovos inteiros 8 gramas de ado\u00e7ante culin\u00e1rio 2 colheres de sopa de \u00f3leo (usei canola) 90 gramas\u2026","rel":"","context":"In &quot;Diet&quot;","img":{"alt_text":"","src":"https:\/\/i0.wp.com\/marisaono.com\/delicia\/wp-content\/uploads\/IMG_6453.jpg?resize=350%2C200&ssl=1","width":350,"height":200},"classes":[]},{"id":5755,"url":"https:\/\/marisaono.com\/delicia\/2013\/02\/27\/calda-diet-para-iogurte\/","url_meta":{"origin":3459,"position":2},"title":"Calda Diet Para Iogurte","date":"Fevereiro 27, 2013","format":false,"excerpt":"Passei uma semana sem conseguir conectar-me. Telefonemas di\u00e1rios, muita promessa, cinco dias esperando a visita de um t\u00e9cnico que nunca vinha... Bem, creio que a maioria dos meus leitores j\u00e1 passou por algo parecido. Infelizmente. Mas n\u00e3o vou gastar tempo reclamando de \"desservi\u00e7os\". Pelo menos n\u00e3o por aqui. Nessa semana\u2026","rel":"","context":"In &quot;Diet&quot;","img":{"alt_text":"","src":"https:\/\/i0.wp.com\/marisaono.com\/delicia\/wp-content\/uploads\/IMG_1758.jpg?resize=350%2C200&ssl=1","width":350,"height":200},"classes":[]},{"id":5241,"url":"https:\/\/marisaono.com\/delicia\/2012\/09\/29\/tofu-rare-cheese-cake-diet\/","url_meta":{"origin":3459,"position":3},"title":"Tofu Rare Cheese Cake Diet","date":"Setembro 29, 2012","format":false,"excerpt":"Bem, acho que todo mundo j\u00e1 fez um tofu cheese cake. Agora posso dar a minha vers\u00e3o. Para quem me acompanha no Facebook, sabe que estou de dieta. N\u00e3o deixei de comer nada, mas estou reduzindo por\u00e7\u00f5es e procurando fazer refei\u00e7\u00f5es mais leves. Nesse caso, cortei todo a\u00e7\u00facar. Esse cheese\u2026","rel":"","context":"In &quot;Diet&quot;","img":{"alt_text":"","src":"https:\/\/i0.wp.com\/marisaono.com\/delicia\/wp-content\/uploads\/IMG_0899.jpg?resize=350%2C200&ssl=1","width":350,"height":200},"classes":[]},{"id":127,"url":"https:\/\/marisaono.com\/delicia\/2007\/10\/03\/muffin-do-fabio\/","url_meta":{"origin":3459,"position":4},"title":"Muffin do F\u00e1bio","date":"Outubro 3, 2007","format":false,"excerpt":"H\u00e1 uns tempos F\u00e1bio Boehl me perguntou a respeito de receitas com pouco carboidrato. De l\u00e1 para c\u00e1, v\u00e1rias outras pessoas me pediram receitas sem a\u00e7\u00facar. Por fim, no hospital onde a m\u00e3e estava internada, havia uma senhora com a doen\u00e7a cel\u00edaca. Conversei com ela e fiquei sabendo melhor da\u2026","rel":"","context":"In &quot;Doces&quot;","img":{"alt_text":"","src":"https:\/\/i1.wp.com\/marisaono.com\/delicia\/wp-content\/uploads\/img_1306.jpg?resize=350%2C200&ssl=1","width":350,"height":200},"classes":[]},{"id":3414,"url":"https:\/\/marisaono.com\/delicia\/2011\/07\/25\/crumble-de-peras-diet\/","url_meta":{"origin":3459,"position":5},"title":"Crumble de Peras Diet","date":"Julho 25, 2011","format":false,"excerpt":"Por defini\u00e7\u00e3o, diet \u00e9 quando elimina-se um item, seja ele a\u00e7\u00facar, gordura ou at\u00e9 mesmo sal. No caso, trabalhei sem a\u00e7\u00facar. Como n\u00e3o sou nutricionista, n\u00e3o posso dizer quanto seria uma por\u00e7\u00e3o recomend\u00e1vel para um diab\u00e9tico. Para mim, seriam 3 ou 4 por\u00e7\u00f5es. Comi quente e frio. De qualquer maneira,\u2026","rel":"","context":"In &quot;Doces&quot;","img":{"alt_text":"","src":"https:\/\/i1.wp.com\/marisaono.com\/delicia\/wp-content\/uploads\/IMG_6330.jpg?resize=350%2C200&ssl=1","width":350,"height":200},"classes":[]}],"_links":{"self":[{"href":"https:\/\/marisaono.com\/delicia\/wp-json\/wp\/v2\/posts\/3459"}],"collection":[{"href":"https:\/\/marisaono.com\/delicia\/wp-json\/wp\/v2\/posts"}],"about":[{"href":"https:\/\/marisaono.com\/delicia\/wp-json\/wp\/v2\/types\/post"}],"author":[{"embeddable":true,"href":"https:\/\/marisaono.com\/delicia\/wp-json\/wp\/v2\/users\/1"}],"replies":[{"embeddable":true,"href":"https:\/\/marisaono.com\/delicia\/wp-json\/wp\/v2\/comments?post=3459"}],"version-history":[{"count":3,"href":"https:\/\/marisaono.com\/delicia\/wp-json\/wp\/v2\/posts\/3459\/revisions"}],"predecessor-version":[{"id":3462,"href":"https:\/\/marisaono.com\/delicia\/wp-json\/wp\/v2\/posts\/3459\/revisions\/3462"}],"wp:featuredmedia":[{"embeddable":true,"href":"https:\/\/marisaono.com\/delicia\/wp-json\/wp\/v2\/media\/3460"}],"wp:attachment":[{"href":"https:\/\/marisaono.com\/delicia\/wp-json\/wp\/v2\/media?parent=3459"}],"wp:term":[{"taxonomy":"category","embeddable":true,"href":"https:\/\/marisaono.com\/delicia\/wp-json\/wp\/v2\/categories?post=3459"},{"taxonomy":"post_tag","embeddable":true,"href":"https:\/\/marisaono.com\/delicia\/wp-json\/wp\/v2\/tags?post=3459"}],"curies":[{"name":"wp","href":"https:\/\/api.w.org\/{rel}","templated":true}]}}