{"id":3719,"date":"2011-10-20T21:28:34","date_gmt":"2011-10-21T00:28:34","guid":{"rendered":"http:\/\/marisaono.com\/delicia\/?p=3719"},"modified":"2011-10-20T21:28:34","modified_gmt":"2011-10-21T00:28:34","slug":"vinagre-nao-e-so-azedo","status":"publish","type":"post","link":"https:\/\/marisaono.com\/delicia\/2011\/10\/20\/vinagre-nao-e-so-azedo\/","title":{"rendered":"Vinagre N\u00e3o \u00c9 S\u00f3 Azedo"},"content":{"rendered":"<div class=\"translate_block\" style=\"display: none;\">\n<a class=\"translate_translate\" id=\"translate_button_post-3719\" lang=\"en\" xml:lang=\"en\" href=\"javascript:show_translate_popup('en', 'post', 3719);\">[Translate]<\/a><img src=\"https:\/\/marisaono.com\/delicia\/wp-content\/plugins\/google-ajax-translation\/transparent.gif\" id=\"translate_loading_post-3719\" class=\"translate_loading\" style=\"display: none;\" width=\"16\" height=\"16\" alt=\"\" \/>\n<hr class=\"translate_hr\" \/>\n<\/div>\n<div id=\"content_div-3719\">\n<p>No post anterior disse que falaria sobre vinagres em outro dia. O motivo de eu adiar o assunto foi \u00a0a mat\u00e9ria do Paladar de hoje. Para quem ainda n\u00e3o leu, aqui vai o link:<\/p>\n<p><a href=\"http:\/\/www.estadao.com.br\/noticias\/suplementos%20paladar,a-mais-fina-acidez,4686,0.htm\">http:\/\/www.estadao.com.br\/noticias\/suplementos%20paladar,a-mais-fina-acidez,4686,0.htm<\/a><\/p>\n<p>&nbsp;<\/p>\n<p>&nbsp;<\/p>\n<p>Na cozinha japonesa o vinagre \u00e9 usado n\u00e3o s\u00f3 no sushi, mas tamb\u00e9m em <a href=\"http:\/\/marisaono.com\/delicia\/?p=183\" target=\"_blank\">sunomonos<\/a>, em conservas como o <a href=\"http:\/\/marisaono.com\/delicia\/?p=62\" target=\"_blank\">gari<\/a>. Peixes s\u00e3o marinados em vinagre, alterando o sabor e a textura, como <a href=\"http:\/\/marisaono.com\/delicia\/?p=343\" target=\"_blank\">as sardinhas<\/a>. Em pratos mais gordurosos, como frituras, confere uma certa leveza, como no <a href=\"http:\/\/marisaono.com\/delicia\/?p=2873\" target=\"_blank\">Aji Nanban-zuke<\/a>.<\/p>\n<p>Aqui em casa o vinagre n\u00e3o vai s\u00f3 nas saladas, n\u00e3o. Gosto de batatas fritas com a casca regadas com uma mistura de alho frito, salsa e vinagre. Quase dispensa sal. No ver\u00e3o \u00e0s vezes bebo vinagre dilu\u00eddo em \u00e1gua gelada. D\u00e1 uma sensa\u00e7\u00e3o de saciedade e \u00e9 revigorante. Em alguns lugares andam bebendo vinagre para emagrecer e para combater aquela sonol\u00eancia que a gente tem depois do almo\u00e7o. Dizem que tem a ver com a resposta glic\u00eamica. Deixo que pesquisem e tirem suas conclus\u00f5es. S\u00f3 que nesse caso, os vinagres feitos com frutas ou aromatizados s\u00e3o mais agrad\u00e1veis para beber.<\/p>\n<p>E o vinagre tamb\u00e9m pode ser usado como produto de limpeza. Para que a casa n\u00e3o fique cheirando a picles, coloque umas flores de lavanda dentro de um vidro com vinagre e deixe uma semana ou mais, agitando todos os dias. Um pouco desse vinagre, dilu\u00eddo em \u00e1gua, deixa os cabelos mais brilhantes. \u00c9 s\u00f3 enxaguar os cabelos com ele.<\/p>\n<p>E sabe aquele cheirinho chato que fica nas roupas quando elas s\u00e3o lavadas em dias chuvosos e demoram para secar? \u00c9, aquela coisa que parece com cheiro de cachorro molhado. Um pouco de vinagre no enxague evita esse cheiro.<\/p>\n<p>E quando a comida queima? Pois \u00e9, hoje mesmo minha m\u00e3e esqueceu um ensopado no fogo. O caldo \u00e0 base de shoyu virou carv\u00e3o. Nada de p\u00e2nico. Adicione um pouco de \u00e1gua, espere a panela esfriar um pouco e adicione um copo de vinagre. Mas n\u00e3o aspire o vapor! Tampe e espere. Uma palha de a\u00e7o grossa termina o servi\u00e7o, sem esfor\u00e7o. Funciona bem em panelas de inox.<\/p>\n<p>Para terminar esse post, listo os vinagres que tenho em casa no momento: vinagre comum feito de cana, de arroz, vinagre preto chin\u00eas (que tem um aroma e sabor muito interessantes) e vinagre de vinho com aroma de framboesa. Esse \u00faltimo, uso exclusivamente para beber.<\/p>\n<p>&nbsp;<\/p>\n<a href=\"https:\/\/www.freetellafriend.com\/tell\/?url=https%3A%2F%2Fmarisaono.com%2Fdelicia%2F2011%2F10%2F20%2Fvinagre-nao-e-so-azedo%2F&title=Vinagre+N%C3%A3o+%C3%89+S%C3%B3+Azedo\" onclick=\"window.open('https:\/\/www.freetellafriend.com\/tell\/?url=https%3A%2F%2Fmarisaono.com%2Fdelicia%2F2011%2F10%2F20%2Fvinagre-nao-e-so-azedo%2F&title=Vinagre+N%C3%A3o+%C3%89+S%C3%B3+Azedo', 'freetellafriend', 'scrollbars=1,menubar=0,width=617,height=530,resizable=1,toolbar=0,location=0,status=0,screenX=210,screenY=100,left=210,top=100'); return false;\" target=\"_blank\" title=\"Share This Post\"><img decoding=\"async\" src=\"http:\/\/marisaono.com\/delicia\/wp-content\/plugins\/tell-a-friend\/button.gif\" style=\"width:127px;height:16px;border:0px;\" alt=\"Share This Post\" title=\"Share This Post\" \/><\/a><\/div>\n","protected":false},"excerpt":{"rendered":"<p>[Translate] No post anterior disse que falaria sobre vinagres em outro dia. O motivo de eu adiar o assunto foi \u00a0a mat\u00e9ria do Paladar de hoje. Para quem ainda n\u00e3o leu, aqui vai o link: http:\/\/www.estadao.com.br\/noticias\/suplementos%20paladar,a-mais-fina-acidez,4686,0.htm &nbsp; &nbsp; Na cozinha &hellip; <a href=\"https:\/\/marisaono.com\/delicia\/2011\/10\/20\/vinagre-nao-e-so-azedo\/\">Continuar a ler <span class=\"meta-nav\">&rarr;<\/span><\/a><\/p>\n","protected":false},"author":1,"featured_media":0,"comment_status":"open","ping_status":"open","sticky":false,"template":"","format":"standard","meta":{"spay_email":"","footnotes":"","jetpack_publicize_message":"","jetpack_is_tweetstorm":false},"categories":[16,17],"tags":[191],"jetpack_featured_media_url":"","jetpack_publicize_connections":[],"jetpack_sharing_enabled":true,"jetpack_shortlink":"https:\/\/wp.me\/pccs7-XZ","jetpack-related-posts":[{"id":3715,"url":"https:\/\/marisaono.com\/delicia\/2011\/10\/18\/su-buta-ou-porco-agridoce\/","url_meta":{"origin":3719,"position":0},"title":"Su-Buta ou Porco Agridoce","date":"Outubro 18, 2011","format":false,"excerpt":"Essa \u00e9 mais uma daquelas receitas que eu achava que j\u00e1 tinha publicado e parece que n\u00e3o. Esta vers\u00e3o \u00e9 muito simples, f\u00e1cil e r\u00e1pida. De diferente, uso o vinagre preto chin\u00eas, que tem um sabor mais marcante, complexo. Mas se n\u00e3o encontrar - sei que muitos leitores est\u00e3o longe\u2026","rel":"","context":"In &quot;Cozinha do Desespero&quot;","img":{"alt_text":"","src":"https:\/\/i0.wp.com\/marisaono.com\/delicia\/wp-content\/uploads\/IMG_0642.jpg?resize=350%2C200&ssl=1","width":350,"height":200},"classes":[]},{"id":91,"url":"https:\/\/marisaono.com\/delicia\/2007\/08\/12\/vinagres\/","url_meta":{"origin":3719,"position":1},"title":"Vinagres","date":"Agosto 12, 2007","format":false,"excerpt":"Engana-se quem pensa que no Jap\u00e3o s\u00f3 se usa o vinagre de arroz. Muito pelo contr\u00e1rio. H\u00e1 alguns anos, tornou-se comum usar o vinagre n\u00e3o s\u00f3 em molhos de salada, conservas ou no sushi. Surgiram vinagres especiais - feitos com trigo, frutas, misturado ou n\u00e3o a mel, etc - para\u2026","rel":"","context":"In &quot;Culin\u00e1ria japonesa&quot;","img":{"alt_text":"","src":"","width":0,"height":0},"classes":[]},{"id":2761,"url":"https:\/\/marisaono.com\/delicia\/2010\/09\/26\/duas-saladas\/","url_meta":{"origin":3719,"position":2},"title":"Duas Saladas","date":"Setembro 26, 2010","format":false,"excerpt":"Aproveitando ingredientes da esta\u00e7\u00e3o. As batatas continuam boas e baratas. Resolvi fazer essa salada quente de batatas fritas, que \u00e9 muito simples, f\u00e1cil e que gosto muito - embora n\u00e3o coma com frequ\u00eancia. Afinal, \u00e9 batata frita. Use batatas com ou sem casca. Fica a seu crit\u00e9rio. Assim como pode\u2026","rel":"","context":"In &quot;receita&quot;","img":{"alt_text":"","src":"https:\/\/i1.wp.com\/marisaono.com\/delicia\/wp-content\/uploads\/salada-de-batata-frita.jpg?resize=350%2C200&ssl=1","width":350,"height":200},"classes":[]},{"id":392,"url":"https:\/\/marisaono.com\/delicia\/2008\/04\/28\/vinagre-de-caqui\/","url_meta":{"origin":3719,"position":3},"title":"Vinagre de Caqui","date":"Abril 28, 2008","format":false,"excerpt":"D\u00e1 para fazer vinagre em casa. No caso, experimentei fazer vinagre de caqui. Me baseei na receita deste site (em japon\u00eas): http:\/\/www.ajiwai.com\/otoko\/make\/kaki_fr.htm. Mas, fiz algumas altera\u00e7\u00f5es. Primeiro, que n\u00e3o usei o caqui do tipo durinho e sim, daquele mais mole (ganho e que eu n\u00e3o comi). Desmanchei-os com as m\u00e3os\u2026","rel":"","context":"In &quot;conservas&quot;","img":{"alt_text":"","src":"https:\/\/i2.wp.com\/marisaono.com\/delicia\/wp-content\/uploads\/2008\/04\/vinagre-caqui.jpg?resize=350%2C200&ssl=1","width":350,"height":200},"classes":[]},{"id":3899,"url":"https:\/\/marisaono.com\/delicia\/2011\/12\/04\/serory-no-su-zuke-conserva-acida-de-salsao\/","url_meta":{"origin":3719,"position":4},"title":"Serory no Su-zuke (Conserva \u00c1cida de Sals\u00e3o)","date":"Dezembro 4, 2011","format":false,"excerpt":"Morei muitos anos na cidade de Hamamatsu (Shizuoka) e s\u00f3 recentemente soube que a regi\u00e3o \u00e9 grande produtora de sals\u00e3o. Claro que eu via muito sals\u00e3o, sobretudo quando andava pelas estradas estreitas na periferia da cidade. Mas n\u00e3o supunha que produziam tanto assim. Essa conserva veio dessa lembran\u00e7a e do\u2026","rel":"","context":"In &quot;conservas&quot;","img":{"alt_text":"","src":"https:\/\/i1.wp.com\/marisaono.com\/delicia\/wp-content\/uploads\/CIMG0441.jpg?resize=350%2C200&ssl=1","width":350,"height":200},"classes":[]},{"id":1481,"url":"https:\/\/marisaono.com\/delicia\/2009\/07\/07\/cavala-com-molho-agridoce\/","url_meta":{"origin":3719,"position":5},"title":"Cavala com Molho Agridoce","date":"Julho 7, 2009","format":false,"excerpt":"D\u00e1 para fazer um prato atraente em menos de 15 minutos? D\u00e1. E usando poucos ingredientes. A id\u00e9ia veio de um livro sobre culin\u00e1ria \u00e9tnica que eu tenho, o Chuka, Etnic Ryori Bible (algo com\u00a0B\u00edblia da culin\u00e1ria chinesa e \u00e9tnica) da ESSE. 2 fil\u00e9s de cavala, limpos 1 pouco (cerca\u2026","rel":"","context":"In &quot;Cozinha do Desespero&quot;","img":{"alt_text":"","src":"https:\/\/i0.wp.com\/marisaono.com\/delicia\/wp-content\/uploads\/cavala-com-molho-agridoce.jpg?resize=350%2C200&ssl=1","width":350,"height":200},"classes":[]}],"_links":{"self":[{"href":"https:\/\/marisaono.com\/delicia\/wp-json\/wp\/v2\/posts\/3719"}],"collection":[{"href":"https:\/\/marisaono.com\/delicia\/wp-json\/wp\/v2\/posts"}],"about":[{"href":"https:\/\/marisaono.com\/delicia\/wp-json\/wp\/v2\/types\/post"}],"author":[{"embeddable":true,"href":"https:\/\/marisaono.com\/delicia\/wp-json\/wp\/v2\/users\/1"}],"replies":[{"embeddable":true,"href":"https:\/\/marisaono.com\/delicia\/wp-json\/wp\/v2\/comments?post=3719"}],"version-history":[{"count":1,"href":"https:\/\/marisaono.com\/delicia\/wp-json\/wp\/v2\/posts\/3719\/revisions"}],"predecessor-version":[{"id":3720,"href":"https:\/\/marisaono.com\/delicia\/wp-json\/wp\/v2\/posts\/3719\/revisions\/3720"}],"wp:attachment":[{"href":"https:\/\/marisaono.com\/delicia\/wp-json\/wp\/v2\/media?parent=3719"}],"wp:term":[{"taxonomy":"category","embeddable":true,"href":"https:\/\/marisaono.com\/delicia\/wp-json\/wp\/v2\/categories?post=3719"},{"taxonomy":"post_tag","embeddable":true,"href":"https:\/\/marisaono.com\/delicia\/wp-json\/wp\/v2\/tags?post=3719"}],"curies":[{"name":"wp","href":"https:\/\/api.w.org\/{rel}","templated":true}]}}