{"id":3967,"date":"2012-01-02T20:08:56","date_gmt":"2012-01-02T23:08:56","guid":{"rendered":"http:\/\/marisaono.com\/delicia\/?p=3967"},"modified":"2012-01-02T20:08:56","modified_gmt":"2012-01-02T23:08:56","slug":"pao-de-frios-para-a-malu","status":"publish","type":"post","link":"https:\/\/marisaono.com\/delicia\/2012\/01\/02\/pao-de-frios-para-a-malu\/","title":{"rendered":"P\u00e3o de Frios para a Malu"},"content":{"rendered":"<div class=\"translate_block\" style=\"display: none;\">\n<a class=\"translate_translate\" id=\"translate_button_post-3967\" lang=\"en\" xml:lang=\"en\" href=\"javascript:show_translate_popup('en', 'post', 3967);\">[Translate]<\/a><img src=\"https:\/\/marisaono.com\/delicia\/wp-content\/plugins\/google-ajax-translation\/transparent.gif\" id=\"translate_loading_post-3967\" class=\"translate_loading\" style=\"display: none;\" width=\"16\" height=\"16\" alt=\"\" \/>\n<hr class=\"translate_hr\" \/>\n<\/div>\n<div id=\"content_div-3967\">\n<p><a href=\"http:\/\/marisaono.com\/delicia\/wp-content\/uploads\/CIMG0494.jpg\"><img loading=\"lazy\" decoding=\"async\" class=\"alignnone size-full wp-image-3968\" title=\"CIMG0494\" src=\"http:\/\/marisaono.com\/delicia\/wp-content\/uploads\/CIMG0494.jpg\" alt=\"\" width=\"360\" height=\"480\" srcset=\"https:\/\/marisaono.com\/delicia\/wp-content\/uploads\/CIMG0494.jpg 360w, https:\/\/marisaono.com\/delicia\/wp-content\/uploads\/CIMG0494-203x270.jpg 203w, https:\/\/marisaono.com\/delicia\/wp-content\/uploads\/CIMG0494-113x150.jpg 113w\" sizes=\"(max-width: 360px) 100vw, 360px\" \/><\/a><\/p>\n<p>Acabo de receber um e-mail da Malu, pedindo uma receita de p\u00e3o recheado. Esta \u00e9 bem simples, testei duas vezes nas \u00faltimas semanas e agradou o pessoal. \u00c9 um p\u00e3o meio pesado, mas que recebe bem frios ou lingui\u00e7a calabresa. S\u00f3 d\u00e1 um pouco de trabalho para enrolar. N\u00e3o tinha publicado porque a foto n\u00e3o ficou muito boa, mas vamos l\u00e1:<\/p>\n<p>700 gramas de farinha de trigo<\/p>\n<p>5 gramas de fermento biol\u00f3gico seco instant\u00e2neo<\/p>\n<p>1 colher de sopa de a\u00e7\u00facar<\/p>\n<p>500 a 600 ml de \u00e1gua<\/p>\n<p>Um pouco menos de 1 colher de sopa de sal<\/p>\n<p>3 colheres de sopa de azeite<\/p>\n<p>Frios (presunto, salame, embutidos em geral ou lingui\u00e7a calabresa, lingui\u00e7a toscana sem pele, frita, enfim, o que voc\u00ea achar que vai ficar gostoso)<\/p>\n<p>Um pouco de requeij\u00e3o ou cream cheese<\/p>\n<p>Coloque a farinha em uma tigela e adicione o a\u00e7\u00facar e o fermento. V\u00e1 adicionando \u00e1gua e misturando at\u00e9 formar uma massa n\u00e3o muito mole. Sove por uns 5 minutos, sem muita paix\u00e3o. Adicione o sal e sove mais um pouco. A massa dever\u00e1 descolar das m\u00e3os e ter uma apar\u00eancia lisa. Adicione o azeite, sove s\u00f3 um pouco mais e forme uma bola.<\/p>\n<p>Cubra com um filme pl\u00e1stico e deixe crescer at\u00e9 dobrar de volume.<\/p>\n<p>Divida a massa em 3 por\u00e7\u00f5es, sendo cada uma um pouco maior que a outra.<\/p>\n<p>Abra a menor por\u00e7\u00e3o em um ret\u00e2ngulo longo e n\u00e3o muito largo (mais ou menos um palmo de largura). Distribua pequenas por\u00e7\u00f5es de requeij\u00e3o e cubra com pedacinhos de recheio. Enrole como um rocambole.<\/p>\n<p>Abra outro peda\u00e7o, no mesmo comprimento e um pouco mais largo. De novo espalhe um pouco do queijo e o recheio. Coloque o primeiro rocambole em cima e enrole, ficando um rolo dentro do outro.<\/p>\n<p>Por fim, pegue a por\u00e7\u00e3o maior, abra e repita a opera\u00e7\u00e3o anterior. Vai ficar um rolo dentro de outro rolo dentro de outro rolo. Ufa. Junte as pontas e deixe crescer bem. \u00a0Pensando bem, o formato n\u00e3o importa muito, creio que poder\u00e1 deixar assim comprido mesmo, \u00a0\u00e9 s\u00f3 fechar bem as pontas.<\/p>\n<p>Antes de assar, pincele com gema, querendo salpique queijo ralado grosso, fa\u00e7a uns cortes na superf\u00edcie e leve ao forno bem quente por 10 minutos. Abaixe um pouco a temperatura e asse at\u00e9 o fundo ficar dourado.<\/p>\n<p>&nbsp;<\/p>\n<p>&nbsp;<\/p>\n<a href=\"https:\/\/www.freetellafriend.com\/tell\/?url=https%3A%2F%2Fmarisaono.com%2Fdelicia%2F2012%2F01%2F02%2Fpao-de-frios-para-a-malu%2F&title=P%C3%A3o+de+Frios+para+a+Malu\" onclick=\"window.open('https:\/\/www.freetellafriend.com\/tell\/?url=https%3A%2F%2Fmarisaono.com%2Fdelicia%2F2012%2F01%2F02%2Fpao-de-frios-para-a-malu%2F&title=P%C3%A3o+de+Frios+para+a+Malu', 'freetellafriend', 'scrollbars=1,menubar=0,width=617,height=530,resizable=1,toolbar=0,location=0,status=0,screenX=210,screenY=100,left=210,top=100'); return false;\" target=\"_blank\" title=\"Share This Post\"><img decoding=\"async\" src=\"http:\/\/marisaono.com\/delicia\/wp-content\/plugins\/tell-a-friend\/button.gif\" style=\"width:127px;height:16px;border:0px;\" alt=\"Share This Post\" title=\"Share This Post\" \/><\/a><\/div>\n","protected":false},"excerpt":{"rendered":"<p>[Translate] Acabo de receber um e-mail da Malu, pedindo uma receita de p\u00e3o recheado. Esta \u00e9 bem simples, testei duas vezes nas \u00faltimas semanas e agradou o pessoal. \u00c9 um p\u00e3o meio pesado, mas que recebe bem frios ou lingui\u00e7a &hellip; <a href=\"https:\/\/marisaono.com\/delicia\/2012\/01\/02\/pao-de-frios-para-a-malu\/\">Continuar a ler <span class=\"meta-nav\">&rarr;<\/span><\/a><\/p>\n","protected":false},"author":1,"featured_media":3968,"comment_status":"open","ping_status":"open","sticky":false,"template":"","format":"standard","meta":{"spay_email":"","footnotes":"","jetpack_publicize_message":"","jetpack_is_tweetstorm":false},"categories":[24,26,256],"tags":[111,87,145],"jetpack_featured_media_url":"https:\/\/marisaono.com\/delicia\/wp-content\/uploads\/CIMG0494.jpg","jetpack_publicize_connections":[],"jetpack_sharing_enabled":true,"jetpack_shortlink":"https:\/\/wp.me\/pccs7-11Z","jetpack-related-posts":[{"id":3875,"url":"https:\/\/marisaono.com\/delicia\/2011\/11\/27\/pao-de-frios\/","url_meta":{"origin":3967,"position":0},"title":"P\u00e3o de Frios Sem Sovar","date":"Novembro 27, 2011","format":false,"excerpt":"Uma sugest\u00e3o para o lanche do final de semana. \u00c9 f\u00e1cil, n\u00e3o faz muita sujeira, n\u00e3o \u00e9 trabalhoso. \u00c9 um p\u00e3o se sova, a massa \u00e9 mole mas n\u00e3o chega a ser l\u00edquida. E s\u00f3 fermenta uma \u00fanica vez. Chamei de p\u00e3o de frios porque usei uma mistura de embutidos\u2026","rel":"","context":"In &quot;lanches&quot;","img":{"alt_text":"","src":"https:\/\/i0.wp.com\/marisaono.com\/delicia\/wp-content\/uploads\/CIMG0410.jpg?resize=350%2C200&ssl=1","width":350,"height":200},"classes":[]},{"id":6630,"url":"https:\/\/marisaono.com\/delicia\/2013\/10\/11\/pao-ou-panetone-salgado-de-calabresa-queijo-e-tomate-seco\/","url_meta":{"origin":3967,"position":1},"title":"P\u00e3o (ou Panetone Salgado) de Calabresa, Queijo e Tomate Seco.","date":"Outubro 11, 2013","format":false,"excerpt":"Outro dia, assistindo \u00e0 tv, minha m\u00e3e perguntou: Como \u00e9 esse tal de panetone salgado? Bem, hoje fui sovar a massa. \u00a0Eu nunca provei um panetone salgado mas parti de uma massa parecida com a de brioche, rica em ovos e com manteiga. Usei calabresa, queijo e tomate seco porque\u2026","rel":"","context":"In &quot;lanches&quot;","img":{"alt_text":"","src":"https:\/\/i1.wp.com\/marisaono.com\/delicia\/wp-content\/uploads\/IMG_3300.jpg?resize=350%2C200&ssl=1","width":350,"height":200},"classes":[]},{"id":8438,"url":"https:\/\/marisaono.com\/delicia\/2015\/09\/18\/pao-de-cenoura\/","url_meta":{"origin":3967,"position":2},"title":"P\u00e3o de Cenoura","date":"Setembro 18, 2015","format":false,"excerpt":"Para o Sandro Marques. N\u00e3o gosto de cenoura. Como mas n\u00e3o \u00e9 algo que eu queira ter no prato toda semana. Por isso mesmo fico procurando diferentes maneiras de com\u00ea-las. Talvez encontre uma que eu goste. Este p\u00e3o ficou bem macio, com uma cor bonita e n\u00e3o tinha tanto gosto\u2026","rel":"","context":"In &quot;massas&quot;","img":{"alt_text":"","src":"https:\/\/i2.wp.com\/marisaono.com\/delicia\/wp-content\/uploads\/11887032_1667637250189548_39152460_n1.jpg?resize=350%2C200&ssl=1","width":350,"height":200},"classes":[]},{"id":4732,"url":"https:\/\/marisaono.com\/delicia\/2012\/03\/20\/linguica-de-braganca\/","url_meta":{"origin":3967,"position":3},"title":"Lingui\u00e7a de Bragan\u00e7a","date":"Mar\u00e7o 20, 2012","format":false,"excerpt":"H\u00e1 algum tempo ou\u00e7o falar da lingui\u00e7a de Bragan\u00e7a. Ali\u00e1s, acho bem curioso o orgulho dos bragantinos em rela\u00e7\u00e3o \u00e0s lingui\u00e7as produzidas na cidade. \u00a0\u00c9 que no Brasil \u00a0s\u00e3o poucas cidades que t\u00eam um produto ou prato t\u00edpico. \u00a0Resolvi experimentar a lingui\u00e7a calabresa fresca. Como ela \u00e9 muito grossa, preferi\u2026","rel":"","context":"In &quot;carnes.&quot;","img":{"alt_text":"","src":"https:\/\/i0.wp.com\/marisaono.com\/delicia\/wp-content\/uploads\/CIMG1033.jpg?resize=350%2C200&ssl=1","width":350,"height":200},"classes":[]},{"id":744,"url":"https:\/\/marisaono.com\/delicia\/2009\/04\/08\/colomba\/","url_meta":{"origin":3967,"position":4},"title":"Colomba","date":"Abril 8, 2009","format":false,"excerpt":"Aproveitando o presente da Malu, fiz Colombas. Eu deveria ter apresentado essa receita antes, mas n\u00e3o tinha as formas. Mas ainda d\u00e1 tempo de fazer esse p\u00e3o doce, \u00famido, coberto com am\u00eandoas, para a P\u00e1scoa. Eu sei que n\u00e3o \u00e9 uma receita aut\u00eantica. \u00c9 bem prov\u00e1vel que as antigas Colombas\u2026","rel":"","context":"In &quot;Doces&quot;","img":{"alt_text":"colomba","src":"https:\/\/i0.wp.com\/marisaono.com\/delicia\/wp-content\/uploads\/colomba.jpg?resize=350%2C200","width":350,"height":200},"classes":[]},{"id":3256,"url":"https:\/\/marisaono.com\/delicia\/2011\/06\/02\/pao-com-residuo-de-soja\/","url_meta":{"origin":3967,"position":5},"title":"P\u00e3o com Res\u00edduo de Soja","date":"Junho 2, 2011","format":false,"excerpt":"Estou fazendo umas experi\u00eancias com leite de soja. O resultado \u00e9 que tamb\u00e9m produzo res\u00edduo de soja, aquela massa que sobra quando se espreme a soja triturada com \u00e1gua. Como n\u00e3o tinha p\u00e3o em casa, resolvi usar em um p\u00e3o, que ficou \u00famido, embora um pouco pesado. Como o res\u00edduo\u2026","rel":"","context":"In &quot;cotidiano&quot;","img":{"alt_text":"","src":"https:\/\/i1.wp.com\/marisaono.com\/delicia\/wp-content\/uploads\/IMG_6183.jpg?resize=350%2C200&ssl=1","width":350,"height":200},"classes":[]}],"_links":{"self":[{"href":"https:\/\/marisaono.com\/delicia\/wp-json\/wp\/v2\/posts\/3967"}],"collection":[{"href":"https:\/\/marisaono.com\/delicia\/wp-json\/wp\/v2\/posts"}],"about":[{"href":"https:\/\/marisaono.com\/delicia\/wp-json\/wp\/v2\/types\/post"}],"author":[{"embeddable":true,"href":"https:\/\/marisaono.com\/delicia\/wp-json\/wp\/v2\/users\/1"}],"replies":[{"embeddable":true,"href":"https:\/\/marisaono.com\/delicia\/wp-json\/wp\/v2\/comments?post=3967"}],"version-history":[{"count":2,"href":"https:\/\/marisaono.com\/delicia\/wp-json\/wp\/v2\/posts\/3967\/revisions"}],"predecessor-version":[{"id":3970,"href":"https:\/\/marisaono.com\/delicia\/wp-json\/wp\/v2\/posts\/3967\/revisions\/3970"}],"wp:featuredmedia":[{"embeddable":true,"href":"https:\/\/marisaono.com\/delicia\/wp-json\/wp\/v2\/media\/3968"}],"wp:attachment":[{"href":"https:\/\/marisaono.com\/delicia\/wp-json\/wp\/v2\/media?parent=3967"}],"wp:term":[{"taxonomy":"category","embeddable":true,"href":"https:\/\/marisaono.com\/delicia\/wp-json\/wp\/v2\/categories?post=3967"},{"taxonomy":"post_tag","embeddable":true,"href":"https:\/\/marisaono.com\/delicia\/wp-json\/wp\/v2\/tags?post=3967"}],"curies":[{"name":"wp","href":"https:\/\/api.w.org\/{rel}","templated":true}]}}