{"id":41,"date":"2007-07-14T17:54:00","date_gmt":"2007-07-14T19:54:00","guid":{"rendered":"http:\/\/marisaono.com\/delicia\/?p=41"},"modified":"2007-07-14T17:54:00","modified_gmt":"2007-07-14T19:54:00","slug":"horta-na-lua","status":"publish","type":"post","link":"https:\/\/marisaono.com\/delicia\/2007\/07\/14\/horta-na-lua\/","title":{"rendered":"Horta na Lua&#8230;"},"content":{"rendered":"<div class=\"translate_block\" style=\"display: none;\">\n<a class=\"translate_translate\" id=\"translate_button_post-41\" lang=\"en\" xml:lang=\"en\" href=\"javascript:show_translate_popup('en', 'post', 41);\">[Translate]<\/a><img src=\"https:\/\/marisaono.com\/delicia\/wp-content\/plugins\/google-ajax-translation\/transparent.gif\" id=\"translate_loading_post-41\" class=\"translate_loading\" style=\"display: none;\" width=\"16\" height=\"16\" alt=\"\" \/>\n<hr class=\"translate_hr\" \/>\n<\/div>\n<div id=\"content_div-41\">\n<p>Tem aquela piada que conta que, quando os americanos chegaram \u00e0 lua,  encontraram um japon\u00eas j\u00e1 com a horta montada.<\/p>\n<p><a onblur=\"try {parent.deselectBloggerImageGracefully();} catch(e) {}\" href=\"http:\/\/bp0.blogger.com\/_cZ0MHit2wZI\/Rpp8-TXTC2I\/AAAAAAAAACE\/sgW3pMfwqVw\/s1600-h\/daikon_002_1_1.JPG\"><img decoding=\"async\" style=\"margin: 0pt 10px 10px 0pt; float: left; cursor: pointer;\" src=\"http:\/\/marisaono.com\/delicia\/wp-content\/plugins\/hot-linked-image-cacher\/upload\/bp0.blogger.com\/_cZ0MHit2wZI\/Rpp8-TXTC2I\/AAAAAAAAACE\/sgW3pMfwqVw\/s200\/daikon_002_1_1.JPG\" alt=\"\" id=\"BLOGGER_PHOTO_ID_5087516138860120930\" border=\"0\" \/><\/a>Tenho aqui em casa uma japonesa que adora plantas. E, na falta de terreno (todo o quintal \u00e9 cimentado ou coberto com piso), ela n\u00e3o se abalou. Arrumou caixas, floreiras, vasos e at\u00e9 um caixote de isopor. Feito furos,  colocou cacos de telha, areia, terra, adubou.<\/p>\n<p>L\u00e1 atr\u00e1s temos manjeric\u00e3o, pimentas, hortel\u00e3, menta, cebolinha, salsa, alho-porro, nabos&#8230; Nabos? Sim, nabos, n\u00e3o s\u00e3o t\u00e3o grandes quanto os da feira, mas mais frescos que isso, imposs\u00edvel.<\/p>\n<p>E, convenhamos, plantar nabos em um balde e colher, \u00e9 como manter uma horta na lua, n\u00e9 mezzz?<\/p>\n<a href=\"https:\/\/www.freetellafriend.com\/tell\/?url=https%3A%2F%2Fmarisaono.com%2Fdelicia%2F2007%2F07%2F14%2Fhorta-na-lua%2F&title=Horta+na+Lua%26%238230%3B\" onclick=\"window.open('https:\/\/www.freetellafriend.com\/tell\/?url=https%3A%2F%2Fmarisaono.com%2Fdelicia%2F2007%2F07%2F14%2Fhorta-na-lua%2F&title=Horta+na+Lua%26%238230%3B', 'freetellafriend', 'scrollbars=1,menubar=0,width=617,height=530,resizable=1,toolbar=0,location=0,status=0,screenX=210,screenY=100,left=210,top=100'); return false;\" target=\"_blank\" title=\"Share This Post\"><img decoding=\"async\" src=\"http:\/\/marisaono.com\/delicia\/wp-content\/plugins\/tell-a-friend\/button.gif\" style=\"width:127px;height:16px;border:0px;\" alt=\"Share This Post\" title=\"Share This Post\" \/><\/a><\/div>\n","protected":false},"excerpt":{"rendered":"<p>[Translate] Tem aquela piada que conta que, quando os americanos chegaram \u00e0 lua, encontraram um japon\u00eas j\u00e1 com a horta montada. Tenho aqui em casa uma japonesa que adora plantas. E, na falta de terreno (todo o quintal \u00e9 cimentado &hellip; <a href=\"https:\/\/marisaono.com\/delicia\/2007\/07\/14\/horta-na-lua\/\">Continuar a ler <span class=\"meta-nav\">&rarr;<\/span><\/a><\/p>\n","protected":false},"author":1,"featured_media":8598,"comment_status":"open","ping_status":"open","sticky":false,"template":"","format":"standard","meta":{"spay_email":"","footnotes":"","jetpack_publicize_message":"","jetpack_is_tweetstorm":false},"categories":[14],"tags":[],"jetpack_featured_media_url":"https:\/\/marisaono.com\/delicia\/wp-content\/uploads\/daikon_002_1_1.jpg","jetpack_publicize_connections":[],"jetpack_sharing_enabled":true,"jetpack_shortlink":"https:\/\/wp.me\/pccs7-F","jetpack-related-posts":[{"id":1633,"url":"https:\/\/marisaono.com\/delicia\/2009\/09\/23\/conserva-de-nabo-no-sake\/","url_meta":{"origin":41,"position":0},"title":"Conserva de Nabo no Sake","date":"Setembro 23, 2009","format":false,"excerpt":"Eu n\u00e3o me deixo de surpreender com a capacidade de adapta\u00e7\u00e3o dos membros da comunidade japonesa no Brasil. O Par\u00e1-ume, por exemplo, \u00e9 uma experi\u00eancia que deu muito certo. J\u00e1 me perguntaram sobre como o takuan \u00a0(uma conserva de nabo) \u00e9 feita. Para o clima do Brasil, acho quase invi\u00e1vel.\u2026","rel":"","context":"In &quot;conservas&quot;","img":{"alt_text":"Conserva de Nabo no Sake","src":"https:\/\/i2.wp.com\/marisaono.com\/delicia\/wp-content\/uploads\/Conserva-de-Nabo-no-Sake.JPG?resize=350%2C200","width":350,"height":200},"classes":[]},{"id":9413,"url":"https:\/\/marisaono.com\/delicia\/2017\/04\/18\/daikon-oroshi-nabo-ralado\/","url_meta":{"origin":41,"position":1},"title":"Daikon Oroshi - Nabo Ralado","date":"Abril 18, 2017","format":false,"excerpt":"Eu j\u00e1 falei do daikon oroshi? Acho que n\u00e3o. \u00c9 apenas nabo ralado. E da\u00ed? Bem, \u00e9 uma coisa que gosto muito de comer. Mas n\u00e3o como puro, s\u00f3 com arroz. O nabo ralado vai em bem com um pouco de shoyu para ser comido com um peixe gordo grelhado,\u2026","rel":"","context":"In &quot;acompanhamento&quot;","img":{"alt_text":"","src":"https:\/\/i0.wp.com\/marisaono.com\/delicia\/wp-content\/uploads\/IMG_0860-001.jpg?resize=350%2C200","width":350,"height":200},"classes":[]},{"id":2539,"url":"https:\/\/marisaono.com\/delicia\/2010\/07\/27\/furokuki-daikon-nabo-com-molho-de-misso-branco\/","url_meta":{"origin":41,"position":2},"title":"Furokuki Daikon (Nabo com Molho de Misso Branco)","date":"Julho 27, 2010","format":false,"excerpt":"\u00c9 uma receita simples e bem popular. Aproveitando que o nabo do inverno \u00e9 bem melhor do que o resto do ano - o sol menos intenso faz com que ela desenvolva mais sabor - fiz essa receita. Mas o molho pode ser aproveitado em outra receita, sobre batatas cozidas,\u2026","rel":"","context":"In &quot;acompanhamento&quot;","img":{"alt_text":"","src":"https:\/\/i1.wp.com\/marisaono.com\/delicia\/wp-content\/uploads\/Furokuki-Dailon.jpg?resize=350%2C200&ssl=1","width":350,"height":200},"classes":[]},{"id":5647,"url":"https:\/\/marisaono.com\/delicia\/2013\/01\/16\/nabo-cozido-dica\/","url_meta":{"origin":41,"position":3},"title":"Nabo Cozido - Dica","date":"Janeiro 16, 2013","format":false,"excerpt":"Eu j\u00e1 falei do oden, cozido que pode ter dezenas de itens. Mas, para mim, pode ter tantos contanto que n\u00e3o falte um: o daikon, o nabo japon\u00eas, bem cozido. Bem feito, ele fica macio e absorve o sabor do caldo, entrando at\u00e9 o centro e n\u00e3o s\u00f3 na parte\u2026","rel":"","context":"In &quot;Culin\u00e1ria japonesa&quot;","img":{"alt_text":"","src":"https:\/\/i0.wp.com\/marisaono.com\/delicia\/wp-content\/uploads\/IMG_1629.jpg?resize=350%2C200&ssl=1","width":350,"height":200},"classes":[]},{"id":511,"url":"https:\/\/marisaono.com\/delicia\/2008\/07\/06\/hortalicas-de-inverno\/","url_meta":{"origin":41,"position":4},"title":"Hortali\u00e7as de Inverno","date":"Julho 6, 2008","format":false,"excerpt":"Hoje, na feira, encontramos nabos redondos, folhas de cris\u00e2ntemo e nabo branco do tipo \"oden daikon\" (da esquerda para direita, na foto acima). O nabo grande, redondo, pode ser consumido tanto cozido quanto em conservas. \u00c9 macia e suculenta. As folhas de cris\u00e2ntemo (que est\u00e3o comercializando aqui com o nome\u2026","rel":"","context":"In &quot;cotidiano&quot;","img":{"alt_text":"","src":"https:\/\/i0.wp.com\/marisaono.com\/delicia\/wp-content\/uploads\/2008\/07\/hortalicas-de-inverno.jpg?resize=350%2C200&ssl=1","width":350,"height":200},"classes":[]},{"id":518,"url":"https:\/\/marisaono.com\/delicia\/2008\/07\/07\/asazuke-de-nabo-e-kimchi\/","url_meta":{"origin":41,"position":5},"title":"Asazuke de Nabo e Kimchi","date":"Julho 7, 2008","format":false,"excerpt":"Muitas vezes eu preparo pratos praticamente a partir do zero. Mas, como todo mundo, tamb\u00e9m uso produtos industrializados. S\u00e3o pr\u00e1ticos, alguns s\u00e3o muito bons e, muitas vezes, mais baratos do que comprar diversos ingredientes e fazer em casa. Para essa conserva, usei um preparado pronto. Conserva-se muito bem, mesmo depois\u2026","rel":"","context":"In &quot;acompanhamento&quot;","img":{"alt_text":"","src":"https:\/\/i1.wp.com\/marisaono.com\/delicia\/wp-content\/uploads\/2008\/07\/asazuke-de-nabo-e-kimchi.jpg?resize=350%2C200&ssl=1","width":350,"height":200},"classes":[]}],"_links":{"self":[{"href":"https:\/\/marisaono.com\/delicia\/wp-json\/wp\/v2\/posts\/41"}],"collection":[{"href":"https:\/\/marisaono.com\/delicia\/wp-json\/wp\/v2\/posts"}],"about":[{"href":"https:\/\/marisaono.com\/delicia\/wp-json\/wp\/v2\/types\/post"}],"author":[{"embeddable":true,"href":"https:\/\/marisaono.com\/delicia\/wp-json\/wp\/v2\/users\/1"}],"replies":[{"embeddable":true,"href":"https:\/\/marisaono.com\/delicia\/wp-json\/wp\/v2\/comments?post=41"}],"version-history":[{"count":0,"href":"https:\/\/marisaono.com\/delicia\/wp-json\/wp\/v2\/posts\/41\/revisions"}],"wp:featuredmedia":[{"embeddable":true,"href":"https:\/\/marisaono.com\/delicia\/wp-json\/wp\/v2\/media\/8598"}],"wp:attachment":[{"href":"https:\/\/marisaono.com\/delicia\/wp-json\/wp\/v2\/media?parent=41"}],"wp:term":[{"taxonomy":"category","embeddable":true,"href":"https:\/\/marisaono.com\/delicia\/wp-json\/wp\/v2\/categories?post=41"},{"taxonomy":"post_tag","embeddable":true,"href":"https:\/\/marisaono.com\/delicia\/wp-json\/wp\/v2\/tags?post=41"}],"curies":[{"name":"wp","href":"https:\/\/api.w.org\/{rel}","templated":true}]}}