{"id":4479,"date":"2012-01-06T20:50:51","date_gmt":"2012-01-06T23:50:51","guid":{"rendered":"http:\/\/marisaono.com\/delicia\/?p=4479"},"modified":"2012-01-06T20:50:51","modified_gmt":"2012-01-06T23:50:51","slug":"bagel-e-sanduiche-de-pastrami-e-alho-negro","status":"publish","type":"post","link":"https:\/\/marisaono.com\/delicia\/2012\/01\/06\/bagel-e-sanduiche-de-pastrami-e-alho-negro\/","title":{"rendered":"Bagel e Sandu\u00edche de Pastrami e Alho Negro"},"content":{"rendered":"<div class=\"translate_block\" style=\"display: none;\">\n<a class=\"translate_translate\" id=\"translate_button_post-4479\" lang=\"en\" xml:lang=\"en\" href=\"javascript:show_translate_popup('en', 'post', 4479);\">[Translate]<\/a><img src=\"https:\/\/marisaono.com\/delicia\/wp-content\/plugins\/google-ajax-translation\/transparent.gif\" id=\"translate_loading_post-4479\" class=\"translate_loading\" style=\"display: none;\" width=\"16\" height=\"16\" alt=\"\" \/>\n<hr class=\"translate_hr\" \/>\n<\/div>\n<div id=\"content_div-4479\">\n<p><a href=\"http:\/\/marisaono.com\/delicia\/wp-content\/uploads\/CIMG0568.jpg\"><img loading=\"lazy\" decoding=\"async\" class=\"alignnone size-full wp-image-4480\" title=\"CIMG0568\" src=\"http:\/\/marisaono.com\/delicia\/wp-content\/uploads\/CIMG0568.jpg\" alt=\"\" width=\"480\" height=\"360\" srcset=\"https:\/\/marisaono.com\/delicia\/wp-content\/uploads\/CIMG0568.jpg 480w, https:\/\/marisaono.com\/delicia\/wp-content\/uploads\/CIMG0568-360x270.jpg 360w, https:\/\/marisaono.com\/delicia\/wp-content\/uploads\/CIMG0568-150x113.jpg 150w, https:\/\/marisaono.com\/delicia\/wp-content\/uploads\/CIMG0568-400x300.jpg 400w\" sizes=\"(max-width: 480px) 100vw, 480px\" \/><\/a><\/p>\n<p>Eu n\u00e3o me lembro de ter feito bagels antes. Bem, sempre existe a primeira vez. Vi v\u00e1rias receitas. Com ovos, sem ovos, com manteiga, sem manteiga. Acabei optando pela mais simples de todas, de um dos livros de receita que tenho aqui. Depois de assado e frio, fiz o teste: com a m\u00e3o espalmada em cima, pressionei o p\u00e3o. E n\u00e3o \u00e9 que ele n\u00e3o se deforma mesmo?<\/p>\n<p>Bem, n\u00e3o comi muitos bagels na vida, ent\u00e3o n\u00e3o sei dizer se s\u00e3o t\u00e3o bons. Mas funcionaram bem num sandu\u00edche. A massa \u00e9 firme, mais borrachuda que os p\u00e3es que costumo fazer.<\/p>\n<p><a href=\"http:\/\/marisaono.com\/delicia\/wp-content\/uploads\/CIMG0566.jpg\"><img loading=\"lazy\" decoding=\"async\" class=\"alignnone size-full wp-image-4481\" title=\"CIMG0566\" src=\"http:\/\/marisaono.com\/delicia\/wp-content\/uploads\/CIMG0566.jpg\" alt=\"\" width=\"480\" height=\"360\" srcset=\"https:\/\/marisaono.com\/delicia\/wp-content\/uploads\/CIMG0566.jpg 480w, https:\/\/marisaono.com\/delicia\/wp-content\/uploads\/CIMG0566-360x270.jpg 360w\" sizes=\"(max-width: 480px) 100vw, 480px\" \/><\/a><\/p>\n<p>400 gramas de farinha de trigo<\/p>\n<p>15 gramas de a\u00e7\u00facar<\/p>\n<p>3 gramas de sal<\/p>\n<p>1 grama de fermento biol\u00f3gico seco instant\u00e2neo<\/p>\n<p>\u00c1gua suficiente para a massa<\/p>\n<p>Misture todos os ingredientes secos. Adicione \u00e1gua aos poucos, misturando. A massa dever\u00e1 ficar macia, mas n\u00e3o pegajosa demais. Sove por uns cinco minutos. Forme uma bola e deixe crescer. Vai pouco fermento mesmo, demora um pouco mais para crescer tamb\u00e9m.<\/p>\n<p><a href=\"http:\/\/marisaono.com\/delicia\/wp-content\/uploads\/CIMG0565.jpg\"><img loading=\"lazy\" decoding=\"async\" class=\"alignnone size-full wp-image-4482\" title=\"CIMG0565\" src=\"http:\/\/marisaono.com\/delicia\/wp-content\/uploads\/CIMG0565.jpg\" alt=\"\" width=\"360\" height=\"480\" srcset=\"https:\/\/marisaono.com\/delicia\/wp-content\/uploads\/CIMG0565.jpg 360w, https:\/\/marisaono.com\/delicia\/wp-content\/uploads\/CIMG0565-202x270.jpg 202w\" sizes=\"(max-width: 360px) 100vw, 360px\" \/><\/a><\/p>\n<p>Divida em 8 partes de forme bolas com cada uma. Deixe descansar por 10 minutos. Com um dedo, fa\u00e7a um furo no meio e alargue, formando uma rosquinha gorda. Deixe descansando em uma superf\u00edcie enfarinhada.<\/p>\n<p><a href=\"http:\/\/marisaono.com\/delicia\/wp-content\/uploads\/CIMG0564.jpg\"><img loading=\"lazy\" decoding=\"async\" class=\"alignnone size-full wp-image-4483\" title=\"CIMG0564\" src=\"http:\/\/marisaono.com\/delicia\/wp-content\/uploads\/CIMG0564.jpg\" alt=\"\" width=\"480\" height=\"360\" srcset=\"https:\/\/marisaono.com\/delicia\/wp-content\/uploads\/CIMG0564.jpg 480w, https:\/\/marisaono.com\/delicia\/wp-content\/uploads\/CIMG0564-360x270.jpg 360w\" sizes=\"(max-width: 480px) 100vw, 480px\" \/><\/a><\/p>\n<p>Em uma panela grande coloque um bocado de \u00e1gua e deixe ferver. Adicione 1 colher de sopa de bicarbonato de s\u00f3dio. Cozinhe cada bagel em \u00e1gua fervente por 30 segundos cada lado. Coloque em uma forma untada. Eu pincelei com um pouco de gema batida e polvilhei sal mo\u00eddo em uns e gergelim em outros. Forno bem quente nos primeiros minutos e depois abaixei um pouco para terminassem de assar.<\/p>\n<p>J\u00e1 quanto ao sandu\u00edche, deixei cebolas fatiadas bem finamente marinando em vinagre de ma\u00e7\u00e3. Juntei fatias de pastrami (poderia ser rosbife), azeite e alho negro picadinho. Misturei para que tudo ficasse bem temperado e coloquei no p\u00e3o. \u00a0Para um visual mais bonito, folhas de alface nova, quase brotos, por baixo. Nham! O adocicado do alho negro combinou muito bem com o \u00e1cido mas sem exageros do vinagre de ma\u00e7\u00e3. E azeite, bem, azeite alegra qualquer prato.<\/p>\n<p>&nbsp;<\/p>\n<a href=\"https:\/\/www.freetellafriend.com\/tell\/?url=https%3A%2F%2Fmarisaono.com%2Fdelicia%2F2012%2F01%2F06%2Fbagel-e-sanduiche-de-pastrami-e-alho-negro%2F&title=Bagel+e+Sandu%C3%ADche+de+Pastrami+e+Alho+Negro\" onclick=\"window.open('https:\/\/www.freetellafriend.com\/tell\/?url=https%3A%2F%2Fmarisaono.com%2Fdelicia%2F2012%2F01%2F06%2Fbagel-e-sanduiche-de-pastrami-e-alho-negro%2F&title=Bagel+e+Sandu%C3%ADche+de+Pastrami+e+Alho+Negro', 'freetellafriend', 'scrollbars=1,menubar=0,width=617,height=530,resizable=1,toolbar=0,location=0,status=0,screenX=210,screenY=100,left=210,top=100'); return false;\" target=\"_blank\" title=\"Share This Post\"><img decoding=\"async\" src=\"http:\/\/marisaono.com\/delicia\/wp-content\/plugins\/tell-a-friend\/button.gif\" style=\"width:127px;height:16px;border:0px;\" alt=\"Share This Post\" title=\"Share This Post\" \/><\/a><\/div>\n","protected":false},"excerpt":{"rendered":"<p>[Translate] Eu n\u00e3o me lembro de ter feito bagels antes. Bem, sempre existe a primeira vez. Vi v\u00e1rias receitas. Com ovos, sem ovos, com manteiga, sem manteiga. Acabei optando pela mais simples de todas, de um dos livros de receita &hellip; <a href=\"https:\/\/marisaono.com\/delicia\/2012\/01\/06\/bagel-e-sanduiche-de-pastrami-e-alho-negro\/\">Continuar a ler <span class=\"meta-nav\">&rarr;<\/span><\/a><\/p>\n","protected":false},"author":1,"featured_media":4480,"comment_status":"open","ping_status":"open","sticky":false,"template":"","format":"standard","meta":{"spay_email":"","footnotes":"","jetpack_publicize_message":"","jetpack_is_tweetstorm":false},"categories":[11,24,26,256],"tags":[247,111,191],"jetpack_featured_media_url":"https:\/\/marisaono.com\/delicia\/wp-content\/uploads\/CIMG0568.jpg","jetpack_publicize_connections":[],"jetpack_sharing_enabled":true,"jetpack_shortlink":"https:\/\/wp.me\/pccs7-1af","jetpack-related-posts":[{"id":5565,"url":"https:\/\/marisaono.com\/delicia\/2012\/12\/10\/quiche-de-portobelo-e-alho-negro\/","url_meta":{"origin":4479,"position":0},"title":"Quiche de Portobelo e Alho Negro","date":"Dezembro 10, 2012","format":false,"excerpt":"Pensei que j\u00e1 havia publicado essa receita. Usei portobelo, mas poderia ter usado champignon ou outro cogumelo. Para a massa: 150 gramas de farinha de trigo 75 gramas de manteiga gelada, cortada em cubos Sal 1 ovo 1 colher ou pouco mais de \u00e1gua 1 gema Recheio 1 bandeja de\u2026","rel":"","context":"In &quot;massas&quot;","img":{"alt_text":"","src":"https:\/\/i2.wp.com\/marisaono.com\/delicia\/wp-content\/uploads\/IMG_1377.jpg?resize=350%2C200","width":350,"height":200},"classes":[]},{"id":7915,"url":"https:\/\/marisaono.com\/delicia\/2014\/10\/04\/quiche-de-alho-porro-a-pedidos\/","url_meta":{"origin":4479,"position":1},"title":"Quiche de Alho Porro, A Pedidos","date":"Outubro 4, 2014","format":false,"excerpt":"J\u00e1 publiquei algumas receitas de quiche. Elas est\u00e3o aqui: Quiche de Espinafre Quiche de Portobelo e Alho Negro Quiche Sem Massa Limpa Geladeira \u00a0 Publiquei a foto no Facebook e pediram para que publicasse a receita deste. Os alhos porro de casa est\u00e3o bonitos e resolvi aproveitar. Na feira est\u00e3o\u2026","rel":"","context":"In &quot;lanches&quot;","img":{"alt_text":"IMG_5110","src":"https:\/\/i1.wp.com\/marisaono.com\/delicia\/wp-content\/uploads\/IMG_5110.jpg?resize=350%2C200","width":350,"height":200},"classes":[]},{"id":8438,"url":"https:\/\/marisaono.com\/delicia\/2015\/09\/18\/pao-de-cenoura\/","url_meta":{"origin":4479,"position":2},"title":"P\u00e3o de Cenoura","date":"Setembro 18, 2015","format":false,"excerpt":"Para o Sandro Marques. N\u00e3o gosto de cenoura. Como mas n\u00e3o \u00e9 algo que eu queira ter no prato toda semana. Por isso mesmo fico procurando diferentes maneiras de com\u00ea-las. Talvez encontre uma que eu goste. Este p\u00e3o ficou bem macio, com uma cor bonita e n\u00e3o tinha tanto gosto\u2026","rel":"","context":"In &quot;massas&quot;","img":{"alt_text":"","src":"https:\/\/i2.wp.com\/marisaono.com\/delicia\/wp-content\/uploads\/11887032_1667637250189548_39152460_n1.jpg?resize=350%2C200&ssl=1","width":350,"height":200},"classes":[]},{"id":1779,"url":"https:\/\/marisaono.com\/delicia\/2009\/12\/06\/pissaladiere-com-alho-negro\/","url_meta":{"origin":4479,"position":3},"title":"Pissaladi\u00e8re com Alho Negro","date":"Dezembro 6, 2009","format":false,"excerpt":"Algu\u00e9m se lembra das pizzas de cebolas e sardinha em festinhas e bailes de garagem nos anos 80? Ou s\u00f3 eu sou t\u00e3o velha e suburbana assim? Bem, enfim, era uma vers\u00e3o simplificada e com ingredientes mais baratos da pissaladi\u00e8re. Aqui vai a minha vers\u00e3o. Resolvi usar alho negro no\u2026","rel":"","context":"In &quot;curiosidades&quot;","img":{"alt_text":"Pissaladi\u00c3\u00a8re","src":"https:\/\/i0.wp.com\/marisaono.com\/delicia\/wp-content\/uploads\/Pissaladi\u00c3\u00a8re.JPG?resize=350%2C200","width":350,"height":200},"classes":[]},{"id":3776,"url":"https:\/\/marisaono.com\/delicia\/2011\/11\/05\/pao-de-vinho-tinto-com-fermento-natural\/","url_meta":{"origin":4479,"position":4},"title":"P\u00e3o de Vinho Tinto com Fermento Natural","date":"Novembro 5, 2011","format":false,"excerpt":"A Myrna (volta e meia ela escreve uns coment\u00e1rios aqui no blog) lembrou-me que h\u00e1 algum tempo n\u00e3o falo dos meus fermentos naturais. S\u00e3o dois de outros tantos organismos de mantenho vivos na geladeira. Resolvi trabalhar um pouco com os fermentos de koji e de yuzu. Fiquei muito curiosa com\u2026","rel":"","context":"In &quot;massas&quot;","img":{"alt_text":"","src":"https:\/\/i0.wp.com\/marisaono.com\/delicia\/wp-content\/uploads\/CIMG0154.jpg?resize=350%2C200&ssl=1","width":350,"height":200},"classes":[]},{"id":621,"url":"https:\/\/marisaono.com\/delicia\/2008\/12\/21\/veneziana\/","url_meta":{"origin":4479,"position":5},"title":"Veneziana","date":"Dezembro 21, 2008","format":false,"excerpt":"J\u00e1 comentei sobre esse p\u00e3o doce que comia no Jap\u00e3o. Ontem, conversando com LP sobre p\u00e3es, panetones, t\u00e9cnicas, ingredientes, ci\u00eancia e outras tantas coisas mais, surgiu um esbo\u00e7o dessa receita. Hoje, a m\u00e3e pediu um p\u00e3o doce, bem macio. Usei o fermento natural que mantenho vivo na geladeira, alimentando-o com\u2026","rel":"","context":"In &quot;cotidiano&quot;","img":{"alt_text":"","src":"https:\/\/i1.wp.com\/marisaono.com\/delicia\/wp-content\/uploads\/Veneza11.jpg?resize=350%2C200&ssl=1","width":350,"height":200},"classes":[]}],"_links":{"self":[{"href":"https:\/\/marisaono.com\/delicia\/wp-json\/wp\/v2\/posts\/4479"}],"collection":[{"href":"https:\/\/marisaono.com\/delicia\/wp-json\/wp\/v2\/posts"}],"about":[{"href":"https:\/\/marisaono.com\/delicia\/wp-json\/wp\/v2\/types\/post"}],"author":[{"embeddable":true,"href":"https:\/\/marisaono.com\/delicia\/wp-json\/wp\/v2\/users\/1"}],"replies":[{"embeddable":true,"href":"https:\/\/marisaono.com\/delicia\/wp-json\/wp\/v2\/comments?post=4479"}],"version-history":[{"count":2,"href":"https:\/\/marisaono.com\/delicia\/wp-json\/wp\/v2\/posts\/4479\/revisions"}],"predecessor-version":[{"id":4485,"href":"https:\/\/marisaono.com\/delicia\/wp-json\/wp\/v2\/posts\/4479\/revisions\/4485"}],"wp:featuredmedia":[{"embeddable":true,"href":"https:\/\/marisaono.com\/delicia\/wp-json\/wp\/v2\/media\/4480"}],"wp:attachment":[{"href":"https:\/\/marisaono.com\/delicia\/wp-json\/wp\/v2\/media?parent=4479"}],"wp:term":[{"taxonomy":"category","embeddable":true,"href":"https:\/\/marisaono.com\/delicia\/wp-json\/wp\/v2\/categories?post=4479"},{"taxonomy":"post_tag","embeddable":true,"href":"https:\/\/marisaono.com\/delicia\/wp-json\/wp\/v2\/tags?post=4479"}],"curies":[{"name":"wp","href":"https:\/\/api.w.org\/{rel}","templated":true}]}}