{"id":4486,"date":"2012-01-08T06:45:46","date_gmt":"2012-01-08T09:45:46","guid":{"rendered":"http:\/\/marisaono.com\/delicia\/?p=4486"},"modified":"2012-01-08T06:45:46","modified_gmt":"2012-01-08T09:45:46","slug":"oficina-cozinha-lena-labaki","status":"publish","type":"post","link":"https:\/\/marisaono.com\/delicia\/2012\/01\/08\/oficina-cozinha-lena-labaki\/","title":{"rendered":"Oficina Cozinha Lena Labaki"},"content":{"rendered":"<div class=\"translate_block\" style=\"display: none;\">\n<a class=\"translate_translate\" id=\"translate_button_post-4486\" lang=\"en\" xml:lang=\"en\" href=\"javascript:show_translate_popup('en', 'post', 4486);\">[Translate]<\/a><img src=\"https:\/\/marisaono.com\/delicia\/wp-content\/plugins\/google-ajax-translation\/transparent.gif\" id=\"translate_loading_post-4486\" class=\"translate_loading\" style=\"display: none;\" width=\"16\" height=\"16\" alt=\"\" \/>\n<hr class=\"translate_hr\" \/>\n<\/div>\n<div id=\"content_div-4486\">\n<p><a href=\"http:\/\/marisaono.com\/delicia\/wp-content\/uploads\/Oficina-Lena-Labaki-e1326015531122.jpg\"><img loading=\"lazy\" decoding=\"async\" class=\"alignnone size-full wp-image-4487\" title=\"Oficina Lena Labaki\" src=\"http:\/\/marisaono.com\/delicia\/wp-content\/uploads\/Oficina-Lena-Labaki-e1326015531122.jpg\" alt=\"\" width=\"480\" height=\"331\" \/><\/a><\/p>\n<p>Perguntam-me muito sobre defuma\u00e7\u00e3o. Pois a Paula Labaki incluiu esse tema no calend\u00e1rio de oficinas realizadas na <a href=\"http:\/\/www.lenalabaki.com.br\/\" target=\"_blank\">cozinha do Lena Labaki<\/a>\u00a0.<\/p>\n<p>Contatos atrav\u00e9s dos telefones:<\/p>\n<p>(11)8112-7030, (11)4329-7779<\/p>\n<p>Ou por e-mail:<\/p>\n<p>contato@lenalabaki.com.br<\/p>\n<a href=\"https:\/\/www.freetellafriend.com\/tell\/?url=https%3A%2F%2Fmarisaono.com%2Fdelicia%2F2012%2F01%2F08%2Foficina-cozinha-lena-labaki%2F&title=Oficina+Cozinha+Lena+Labaki\" onclick=\"window.open('https:\/\/www.freetellafriend.com\/tell\/?url=https%3A%2F%2Fmarisaono.com%2Fdelicia%2F2012%2F01%2F08%2Foficina-cozinha-lena-labaki%2F&title=Oficina+Cozinha+Lena+Labaki', 'freetellafriend', 'scrollbars=1,menubar=0,width=617,height=530,resizable=1,toolbar=0,location=0,status=0,screenX=210,screenY=100,left=210,top=100'); return false;\" target=\"_blank\" title=\"Share This Post\"><img decoding=\"async\" src=\"http:\/\/marisaono.com\/delicia\/wp-content\/plugins\/tell-a-friend\/button.gif\" style=\"width:127px;height:16px;border:0px;\" alt=\"Share This Post\" title=\"Share This Post\" \/><\/a><\/div>\n","protected":false},"excerpt":{"rendered":"<p>[Translate] Perguntam-me muito sobre defuma\u00e7\u00e3o. Pois a Paula Labaki incluiu esse tema no calend\u00e1rio de oficinas realizadas na cozinha do Lena Labaki\u00a0. Contatos atrav\u00e9s dos telefones: (11)8112-7030, (11)4329-7779 Ou por e-mail: contato@lenalabaki.com.br<\/p>\n","protected":false},"author":1,"featured_media":4487,"comment_status":"open","ping_status":"open","sticky":false,"template":"","format":"standard","meta":{"spay_email":"","footnotes":"","jetpack_publicize_message":"","jetpack_is_tweetstorm":false},"categories":[16,17],"tags":[257],"jetpack_featured_media_url":"https:\/\/marisaono.com\/delicia\/wp-content\/uploads\/Oficina-Lena-Labaki-e1326015531122.jpg","jetpack_publicize_connections":[],"jetpack_sharing_enabled":true,"jetpack_shortlink":"https:\/\/wp.me\/pccs7-1am","jetpack-related-posts":[{"id":3857,"url":"https:\/\/marisaono.com\/delicia\/2011\/11\/22\/felipe-cilli-paulo-machado-e-paula-labaki-no-boa-mesa\/","url_meta":{"origin":4486,"position":0},"title":"Felipe Cilli, Paulo Machado e Paula Labaki no Boa Mesa","date":"Novembro 22, 2011","format":false,"excerpt":"Ontem foi dia de ver o Felipe Cilli do Piano Piano\u00a0falar e fazer uma bisteca alla fiorentina. Confesso que fiquei muito admirada com o tamanho da bisteca. Algo em torno de 500 gramas de carne com osso. E, segundo Felipe, \u00e9 uma por\u00e7\u00e3o individual! A carne, excelente, foi servida com\u2026","rel":"","context":"In &quot;Lugares&quot;","img":{"alt_text":"","src":"https:\/\/i2.wp.com\/marisaono.com\/delicia\/wp-content\/uploads\/CIMG0361.jpg?resize=350%2C200&ssl=1","width":350,"height":200},"classes":[]},{"id":3816,"url":"https:\/\/marisaono.com\/delicia\/2011\/11\/13\/casa-boa-mesa-o-barao-e-a-baronesa\/","url_meta":{"origin":4486,"position":1},"title":"Casa Boa Mesa - O Bar\u00e3o e a Baronesa","date":"Novembro 13, 2011","format":false,"excerpt":"J\u00e1 falei que sempre aprendo alguma coisa com a Paula Labaki (Lena Labaki Catering)? Pois \u00e9. \u00a0Dessa vez ela fez uma gelatina de manjeric\u00e3o ultra verde, em uma caprese que ela me disse que seria \"diferente\". O tomate virou pur\u00ea, o queijo virou sorvete e ainda levou renda de manjeric\u00e3o\u2026","rel":"","context":"In &quot;Lugares&quot;","img":{"alt_text":"","src":"https:\/\/i0.wp.com\/marisaono.com\/delicia\/wp-content\/uploads\/CIMG0265.jpg?resize=350%2C200&ssl=1","width":350,"height":200},"classes":[]},{"id":4641,"url":"https:\/\/marisaono.com\/delicia\/2012\/02\/18\/karubi-calbee-galbi\/","url_meta":{"origin":4486,"position":2},"title":"Karubi, Calbee, Galbi...","date":"Fevereiro 18, 2012","format":false,"excerpt":"Se tem um corte de carne que sinto falta por aqui \u00e9 o \"karubi\" (calbee, galbi). Trata-se de costela cortada conta o osso. Diferente do asado de tira (acima), ele \u00e9 mais fino, feito para ser grelhado rapidamente. A\u00ed voc\u00eas estar\u00e3o se perguntando: \"Como, costela grelhada? Deve ser uma borracha!\"\u2026","rel":"","context":"In &quot;carnes.&quot;","img":{"alt_text":"","src":"https:\/\/i1.wp.com\/marisaono.com\/delicia\/wp-content\/uploads\/CIMG0786.jpg?resize=350%2C200&ssl=1","width":350,"height":200},"classes":[]},{"id":3746,"url":"https:\/\/marisaono.com\/delicia\/2011\/10\/28\/alex-atala-2\/","url_meta":{"origin":4486,"position":3},"title":"Alex Atala","date":"Outubro 28, 2011","format":false,"excerpt":"Para quem me acompanha h\u00e1 algum tempo j\u00e1 sabe da hist\u00f3ria. E para quem costuma ler a revista Prazeres da Mesa tamb\u00e9m. Para quem n\u00e3o sabe ainda, leia o texto do Alex Atala que explica, quase no final, esse elo: http:\/\/prazeresdamesa.uol.com.br\/exibirMateria\/2891\/simples-assim H\u00e1 muito que eu queria agradecer pessoalmente o incentivo\u2026","rel":"","context":"In &quot;cotidiano&quot;","img":{"alt_text":"","src":"https:\/\/i0.wp.com\/marisaono.com\/delicia\/wp-content\/uploads\/Alex-Atala.jpg?resize=350%2C200&ssl=1","width":350,"height":200},"classes":[]},{"id":4811,"url":"https:\/\/marisaono.com\/delicia\/2012\/05\/02\/chefs-na-rua\/","url_meta":{"origin":4486,"position":4},"title":"Chefs na Rua","date":"Maio 2, 2012","format":false,"excerpt":"A virada cultural de S\u00e3o Paulo, que come\u00e7a no pr\u00f3ximo s\u00e1bado \u00e0s 18 horas e dura 24 horas vai ter um elemento novo: 20 barracas oferecendo comida simples feitas por chefs famosos. Alex Atala serve a galinhada \u00e0 meia-noite no minhoc\u00e3o. Durante a madrugada, sopa do chef Eric Jaquin. Estes\u2026","rel":"","context":"In &quot;Lugares&quot;","img":{"alt_text":"","src":"","width":0,"height":0},"classes":[]},{"id":6503,"url":"https:\/\/marisaono.com\/delicia\/2013\/09\/09\/charcutaria-conservas-paes-com-fermento-natural\/","url_meta":{"origin":4486,"position":5},"title":"Charcutaria, Conservas, P\u00e3es com Fermento Natural","date":"Setembro 9, 2013","format":false,"excerpt":"Na pr\u00f3xima segunda-feira, no Lena Labaki Catering\u00a0(Rua Jose Antonio Coelho,\u00a0vila Mariana), curso de charcutaria com Mario Portela. O curso tem previs\u00e3o de dura\u00e7\u00e3o de 6 horas, come\u00e7a \u00e0s 8 da manh\u00e3, para um grupo pequeno (10 pessoas). A data do folder a\u00ed em cima est\u00e1 errada, \u00e9 16\/09. Ainda haviam\u2026","rel":"","context":"In &quot;dicas&quot;","img":{"alt_text":"","src":"https:\/\/i1.wp.com\/marisaono.com\/delicia\/wp-content\/uploads\/charcutaria-mario-portela.jpg?resize=350%2C200&ssl=1","width":350,"height":200},"classes":[]}],"_links":{"self":[{"href":"https:\/\/marisaono.com\/delicia\/wp-json\/wp\/v2\/posts\/4486"}],"collection":[{"href":"https:\/\/marisaono.com\/delicia\/wp-json\/wp\/v2\/posts"}],"about":[{"href":"https:\/\/marisaono.com\/delicia\/wp-json\/wp\/v2\/types\/post"}],"author":[{"embeddable":true,"href":"https:\/\/marisaono.com\/delicia\/wp-json\/wp\/v2\/users\/1"}],"replies":[{"embeddable":true,"href":"https:\/\/marisaono.com\/delicia\/wp-json\/wp\/v2\/comments?post=4486"}],"version-history":[{"count":1,"href":"https:\/\/marisaono.com\/delicia\/wp-json\/wp\/v2\/posts\/4486\/revisions"}],"predecessor-version":[{"id":4488,"href":"https:\/\/marisaono.com\/delicia\/wp-json\/wp\/v2\/posts\/4486\/revisions\/4488"}],"wp:featuredmedia":[{"embeddable":true,"href":"https:\/\/marisaono.com\/delicia\/wp-json\/wp\/v2\/media\/4487"}],"wp:attachment":[{"href":"https:\/\/marisaono.com\/delicia\/wp-json\/wp\/v2\/media?parent=4486"}],"wp:term":[{"taxonomy":"category","embeddable":true,"href":"https:\/\/marisaono.com\/delicia\/wp-json\/wp\/v2\/categories?post=4486"},{"taxonomy":"post_tag","embeddable":true,"href":"https:\/\/marisaono.com\/delicia\/wp-json\/wp\/v2\/tags?post=4486"}],"curies":[{"name":"wp","href":"https:\/\/api.w.org\/{rel}","templated":true}]}}