{"id":4534,"date":"2012-01-20T17:10:59","date_gmt":"2012-01-20T20:10:59","guid":{"rendered":"http:\/\/marisaono.com\/delicia\/?p=4534"},"modified":"2012-02-05T08:27:09","modified_gmt":"2012-02-05T11:27:09","slug":"salada-de-vegetais-grelhados","status":"publish","type":"post","link":"https:\/\/marisaono.com\/delicia\/2012\/01\/20\/salada-de-vegetais-grelhados\/","title":{"rendered":"Salada de Vegetais Grelhados"},"content":{"rendered":"<div class=\"translate_block\" style=\"display: none;\">\n<a class=\"translate_translate\" id=\"translate_button_post-4534\" lang=\"en\" xml:lang=\"en\" href=\"javascript:show_translate_popup('en', 'post', 4534);\">[Translate]<\/a><img src=\"https:\/\/marisaono.com\/delicia\/wp-content\/plugins\/google-ajax-translation\/transparent.gif\" id=\"translate_loading_post-4534\" class=\"translate_loading\" style=\"display: none;\" width=\"16\" height=\"16\" alt=\"\" \/>\n<hr class=\"translate_hr\" \/>\n<\/div>\n<div id=\"content_div-4534\">\n<p><a href=\"http:\/\/marisaono.com\/delicia\/wp-content\/uploads\/CIMG0654.jpg\"><img loading=\"lazy\" decoding=\"async\" class=\"alignnone size-full wp-image-4535\" title=\"CIMG0654\" src=\"http:\/\/marisaono.com\/delicia\/wp-content\/uploads\/CIMG0654.jpg\" alt=\"\" width=\"480\" height=\"360\" srcset=\"https:\/\/marisaono.com\/delicia\/wp-content\/uploads\/CIMG0654.jpg 480w, https:\/\/marisaono.com\/delicia\/wp-content\/uploads\/CIMG0654-360x270.jpg 360w\" sizes=\"(max-width: 480px) 100vw, 480px\" \/><\/a><\/p>\n<p>O ver\u00e3o \u00e9 uma \u00e9poca muito produtiva por aqui, gra\u00e7as aos esfor\u00e7os e conhecimentos da minha m\u00e3e. Eu ainda engatinho nessa tarefa de cuidar de uma horta. Quem sabe, aos 73 anos eu saiba um pouco mais.<\/p>\n<p>O fato \u00e9 que temos berinjela roxele (redonda, de um tom lil\u00e1s bonito), \u00a0aspargos, ab\u00f3bora, alho-porro, pimentas shishito, chingensai, mizuna, mostarda, milho, edamame, acelga de lyon, enfim, uma variedade muito boa de vegetais.<\/p>\n<p>Lembrei dessa salada de vegetais grelhados que comi h\u00e1 muito tempo. Fui aproveitando tudo que havia na geladeira ou \u00e0 m\u00e3o. Cortei berinjelas em meia-luas n\u00e3o muito finas, kabocha em fatias tamb\u00e9m n\u00e3o finas demais, piment\u00e3o amarelo em tiras grossas, tomates bem firmes em quartos e aspargos grossos pelo comprimento. Poderia ter usado abobrinhas, mas ainda n\u00e3o est\u00e3o produzindo. \u00a0Comi um prat\u00e3o. Ficaria bom com um assado.<\/p>\n<p>Tudo foi para a grelha, com uma leve pincelada de azeite, at\u00e9 dourar e ficar macio. Corte um alho-porro em tirinhas e fritei em bastante \u00f3leo at\u00e9 dourar e escorri sobre papel toalha.<\/p>\n<p>Temperei os vegetais grelhados com sal, azeite e vinagre. Acomodei em um prato e coloquei o alho-porro em cima, s\u00f3 para dar um toque de cor e textura \u00e0 salada.<\/p>\n<p>&nbsp;<\/p>\n<a href=\"https:\/\/www.freetellafriend.com\/tell\/?url=https%3A%2F%2Fmarisaono.com%2Fdelicia%2F2012%2F01%2F20%2Fsalada-de-vegetais-grelhados%2F&title=Salada+de+Vegetais+Grelhados\" onclick=\"window.open('https:\/\/www.freetellafriend.com\/tell\/?url=https%3A%2F%2Fmarisaono.com%2Fdelicia%2F2012%2F01%2F20%2Fsalada-de-vegetais-grelhados%2F&title=Salada+de+Vegetais+Grelhados', 'freetellafriend', 'scrollbars=1,menubar=0,width=617,height=530,resizable=1,toolbar=0,location=0,status=0,screenX=210,screenY=100,left=210,top=100'); return false;\" target=\"_blank\" title=\"Share This Post\"><img decoding=\"async\" src=\"http:\/\/marisaono.com\/delicia\/wp-content\/plugins\/tell-a-friend\/button.gif\" style=\"width:127px;height:16px;border:0px;\" alt=\"Share This Post\" title=\"Share This Post\" \/><\/a><\/div>\n","protected":false},"excerpt":{"rendered":"<p>[Translate] O ver\u00e3o \u00e9 uma \u00e9poca muito produtiva por aqui, gra\u00e7as aos esfor\u00e7os e conhecimentos da minha m\u00e3e. Eu ainda engatinho nessa tarefa de cuidar de uma horta. Quem sabe, aos 73 anos eu saiba um pouco mais. O fato &hellip; <a href=\"https:\/\/marisaono.com\/delicia\/2012\/01\/20\/salada-de-vegetais-grelhados\/\">Continuar a ler <span class=\"meta-nav\">&rarr;<\/span><\/a><\/p>\n","protected":false},"author":1,"featured_media":4535,"comment_status":"open","ping_status":"open","sticky":false,"template":"","format":"standard","meta":{"spay_email":"","footnotes":"","jetpack_publicize_message":"","jetpack_is_tweetstorm":false},"categories":[49,20,256,3],"tags":[85],"jetpack_featured_media_url":"https:\/\/marisaono.com\/delicia\/wp-content\/uploads\/CIMG0654.jpg","jetpack_publicize_connections":[],"jetpack_sharing_enabled":true,"jetpack_shortlink":"https:\/\/wp.me\/pccs7-1b8","jetpack-related-posts":[{"id":9865,"url":"https:\/\/marisaono.com\/delicia\/2018\/09\/25\/enrolado-de-berinjela-nasubi-niku-maki\/","url_meta":{"origin":4534,"position":0},"title":"Enrolado de Berinjela (Nasubi Niku Maki)","date":"Setembro 25, 2018","format":false,"excerpt":"Os japoneses adoram enrolar fatias finas de carne em vegetais. Fazem com cogumelos enoki (http:\/\/marisaono.com\/delicia\/2014\/05\/19\/enoki-niku-maki-enrolado-de-cogumelo-enoki\/), com aspargos (http:\/\/marisaono.com\/delicia\/2009\/08\/04\/aspargus-maki\/), com bardana, vagens, enfim, a imagina\u00e7\u00e3o corre solta. Tamb\u00e9m d\u00e1 para fazer com tiras de berinjela e fica bom! No caso, usei carne bovina, mas poderia ser de porco. A carne pode\u2026","rel":"","context":"In &quot;Culin\u00e1ria japonesa&quot;","img":{"alt_text":"","src":"https:\/\/i1.wp.com\/marisaono.com\/delicia\/wp-content\/uploads\/IMG_1478.jpg?resize=350%2C200&ssl=1","width":350,"height":200},"classes":[]},{"id":2761,"url":"https:\/\/marisaono.com\/delicia\/2010\/09\/26\/duas-saladas\/","url_meta":{"origin":4534,"position":1},"title":"Duas Saladas","date":"Setembro 26, 2010","format":false,"excerpt":"Aproveitando ingredientes da esta\u00e7\u00e3o. As batatas continuam boas e baratas. Resolvi fazer essa salada quente de batatas fritas, que \u00e9 muito simples, f\u00e1cil e que gosto muito - embora n\u00e3o coma com frequ\u00eancia. Afinal, \u00e9 batata frita. Use batatas com ou sem casca. Fica a seu crit\u00e9rio. Assim como pode\u2026","rel":"","context":"In &quot;receita&quot;","img":{"alt_text":"","src":"https:\/\/i1.wp.com\/marisaono.com\/delicia\/wp-content\/uploads\/salada-de-batata-frita.jpg?resize=350%2C200&ssl=1","width":350,"height":200},"classes":[]},{"id":5202,"url":"https:\/\/marisaono.com\/delicia\/2012\/09\/17\/aspargo-roxo\/","url_meta":{"origin":4534,"position":2},"title":"Aspargo Roxo","date":"Setembro 17, 2012","format":false,"excerpt":"\u00a0 No domingo, na feira, encontrei aspargos e no meio do ma\u00e7o havia um \u00fanico aspargo roxo. Conversei com o produtor. Segundo ele, essa variedade tem mais sabor e nutrientes, por\u00e9m produz menos. Eu costumo tirar a pele dos aspargos com um descascador de legumes. Ela \u00e9 fibrosa, enquanto que\u2026","rel":"","context":"In &quot;curiosidades&quot;","img":{"alt_text":"","src":"https:\/\/i1.wp.com\/marisaono.com\/delicia\/wp-content\/uploads\/IMG_0776.jpg?resize=350%2C200&ssl=1","width":350,"height":200},"classes":[]},{"id":8263,"url":"https:\/\/marisaono.com\/delicia\/2015\/05\/01\/pao-sem-sova-com-abobrinha-berinjela-e-tomate\/","url_meta":{"origin":4534,"position":3},"title":"P\u00e3o Sem Sova com Abobrinha, Berinjela e Tomate","date":"Maio 1, 2015","format":false,"excerpt":"Alguns p\u00e3es s\u00e3o trabalhosos. Nem todo mundo tem tempo para fazer um p\u00e3o que demora horas e at\u00e9 dias para ficar pronto. Esse \u00e9 f\u00e1cil, n\u00e3o exige m\u00e1quina de p\u00e3o para sovar e ainda \u00e9 vers\u00e1til. Fica macio e a consist\u00eancia \u00e9 quase de um bolo. Reluto em chamar de\u2026","rel":"","context":"In &quot;lanches&quot;","img":{"alt_text":"","src":"https:\/\/i0.wp.com\/marisaono.com\/delicia\/wp-content\/uploads\/IMG_5585.jpg?resize=350%2C200&ssl=1","width":350,"height":200},"classes":[]},{"id":6603,"url":"https:\/\/marisaono.com\/delicia\/2013\/10\/08\/comecou-a-safra-de-broto-de-bambu\/","url_meta":{"origin":4534,"position":4},"title":"Come\u00e7ou a Safra de Broto de Bambu","date":"Outubro 8, 2013","format":false,"excerpt":"As chuvas vieram e com elas os primeiros brotos de bambu. Podem conferir na feira. Daqui at\u00e9 o final do ano teremos takenoko. Alguns feirantes vendem j\u00e1 cozidos, sem o amargor inconveniente, pronto para entrar num arroz ou nishim\u00ea. Tamb\u00e9m j\u00e1 tem aspargos verdes na feira. E tamb\u00e9m vi warabi\u2026","rel":"","context":"In &quot;Culin\u00e1ria japonesa&quot;","img":{"alt_text":"","src":"https:\/\/i2.wp.com\/marisaono.com\/delicia\/wp-content\/uploads\/Takenoko.jpg?resize=350%2C200&ssl=1","width":350,"height":200},"classes":[]},{"id":1550,"url":"https:\/\/marisaono.com\/delicia\/2009\/08\/04\/aspargus-maki\/","url_meta":{"origin":4534,"position":5},"title":"Aspargus Maki","date":"Agosto 4, 2009","format":false,"excerpt":"Viver em uma propriedade rural tem suas vantagens. Minha m\u00e3e, que adora plantar de quase tudo, criou uma bela horta e estamos come\u00e7ando a colher aspargos, um luxo! Esses enroladinhos de aspargos eu encontrava em bares e fazia em casa, tanto para o jantar, como para colocar no meu \"obento\"\u2026","rel":"","context":"In &quot;F\u00e1cil&quot;","img":{"alt_text":"","src":"https:\/\/i2.wp.com\/marisaono.com\/delicia\/wp-content\/uploads\/aspargus-maki.jpg?resize=350%2C200&ssl=1","width":350,"height":200},"classes":[]}],"_links":{"self":[{"href":"https:\/\/marisaono.com\/delicia\/wp-json\/wp\/v2\/posts\/4534"}],"collection":[{"href":"https:\/\/marisaono.com\/delicia\/wp-json\/wp\/v2\/posts"}],"about":[{"href":"https:\/\/marisaono.com\/delicia\/wp-json\/wp\/v2\/types\/post"}],"author":[{"embeddable":true,"href":"https:\/\/marisaono.com\/delicia\/wp-json\/wp\/v2\/users\/1"}],"replies":[{"embeddable":true,"href":"https:\/\/marisaono.com\/delicia\/wp-json\/wp\/v2\/comments?post=4534"}],"version-history":[{"count":3,"href":"https:\/\/marisaono.com\/delicia\/wp-json\/wp\/v2\/posts\/4534\/revisions"}],"predecessor-version":[{"id":4537,"href":"https:\/\/marisaono.com\/delicia\/wp-json\/wp\/v2\/posts\/4534\/revisions\/4537"}],"wp:featuredmedia":[{"embeddable":true,"href":"https:\/\/marisaono.com\/delicia\/wp-json\/wp\/v2\/media\/4535"}],"wp:attachment":[{"href":"https:\/\/marisaono.com\/delicia\/wp-json\/wp\/v2\/media?parent=4534"}],"wp:term":[{"taxonomy":"category","embeddable":true,"href":"https:\/\/marisaono.com\/delicia\/wp-json\/wp\/v2\/categories?post=4534"},{"taxonomy":"post_tag","embeddable":true,"href":"https:\/\/marisaono.com\/delicia\/wp-json\/wp\/v2\/tags?post=4534"}],"curies":[{"name":"wp","href":"https:\/\/api.w.org\/{rel}","templated":true}]}}