{"id":4666,"date":"2012-02-28T21:06:01","date_gmt":"2012-02-29T00:06:01","guid":{"rendered":"http:\/\/marisaono.com\/delicia\/?p=4666"},"modified":"2012-02-28T21:06:01","modified_gmt":"2012-02-29T00:06:01","slug":"emiliano-market-day","status":"publish","type":"post","link":"https:\/\/marisaono.com\/delicia\/2012\/02\/28\/emiliano-market-day\/","title":{"rendered":"Emiliano Market Day"},"content":{"rendered":"<div class=\"translate_block\" style=\"display: none;\">\n<a class=\"translate_translate\" id=\"translate_button_post-4666\" lang=\"en\" xml:lang=\"en\" href=\"javascript:show_translate_popup('en', 'post', 4666);\">[Translate]<\/a><img src=\"https:\/\/marisaono.com\/delicia\/wp-content\/plugins\/google-ajax-translation\/transparent.gif\" id=\"translate_loading_post-4666\" class=\"translate_loading\" style=\"display: none;\" width=\"16\" height=\"16\" alt=\"\" \/>\n<hr class=\"translate_hr\" \/>\n<\/div>\n<div id=\"content_div-4666\">\n<p>Tem curiosidade em saber mais sobre os ingredientes da cozinha de um grande hotel?<\/p>\n<p>E que tal assistir a duas palestras com o chef Jos\u00e9 Barattino e chef patissier Arnor Porto, sendo uma delas com dicas para a P\u00e1scoa?<\/p>\n<p>Ou saber mais sobre mitos e verdades sobre champagnes?<\/p>\n<p>Ent\u00e3o v\u00e1 ao segundo Market Day do hotel Emiliano, pr\u00f3ximo dia 4, no edif\u00edcio Antonio Carlos, Rua Oscar Freire, 379, bem em frente ao Emiliano, a partir das 12 horas.<\/p>\n<p>Mais detalhes desse evento na p\u00e1gina do Hotel Emiliano no Facebook:<\/p>\n<p><a href=\"https:\/\/www.facebook.com\/emilianohotel\">https:\/\/www.facebook.com\/emilianohotel<\/a><\/p>\n<p>&nbsp;<\/p>\n<a href=\"https:\/\/www.freetellafriend.com\/tell\/?url=https%3A%2F%2Fmarisaono.com%2Fdelicia%2F2012%2F02%2F28%2Femiliano-market-day%2F&title=Emiliano+Market+Day\" onclick=\"window.open('https:\/\/www.freetellafriend.com\/tell\/?url=https%3A%2F%2Fmarisaono.com%2Fdelicia%2F2012%2F02%2F28%2Femiliano-market-day%2F&title=Emiliano+Market+Day', 'freetellafriend', 'scrollbars=1,menubar=0,width=617,height=530,resizable=1,toolbar=0,location=0,status=0,screenX=210,screenY=100,left=210,top=100'); return false;\" target=\"_blank\" title=\"Share This Post\"><img decoding=\"async\" src=\"http:\/\/marisaono.com\/delicia\/wp-content\/plugins\/tell-a-friend\/button.gif\" style=\"width:127px;height:16px;border:0px;\" alt=\"Share This Post\" title=\"Share This Post\" \/><\/a><\/div>\n","protected":false},"excerpt":{"rendered":"<p>[Translate] Tem curiosidade em saber mais sobre os ingredientes da cozinha de um grande hotel? E que tal assistir a duas palestras com o chef Jos\u00e9 Barattino e chef patissier Arnor Porto, sendo uma delas com dicas para a P\u00e1scoa? &hellip; <a href=\"https:\/\/marisaono.com\/delicia\/2012\/02\/28\/emiliano-market-day\/\">Continuar a ler <span class=\"meta-nav\">&rarr;<\/span><\/a><\/p>\n","protected":false},"author":1,"featured_media":0,"comment_status":"open","ping_status":"open","sticky":false,"template":"","format":"standard","meta":{"spay_email":"","footnotes":"","jetpack_publicize_message":"","jetpack_is_tweetstorm":false},"categories":[98,34],"tags":[],"jetpack_featured_media_url":"","jetpack_publicize_connections":[],"jetpack_sharing_enabled":true,"jetpack_shortlink":"https:\/\/wp.me\/pccs7-1dg","jetpack-related-posts":[{"id":4676,"url":"https:\/\/marisaono.com\/delicia\/2012\/03\/04\/emiliano-market-day-2%c2%aa-edicao\/","url_meta":{"origin":4666,"position":0},"title":"Emiliano Market Day 2\u00aa Edi\u00e7\u00e3o","date":"Mar\u00e7o 4, 2012","format":false,"excerpt":"Hoje o tempo estava agrad\u00e1vel para uma feira. E foi com esse clima que aconteceu o segundo Emiliano Market Day. A inten\u00e7\u00e3o foi a de apresentar ao p\u00fablico em geral os produtos que fazem os pratos do restaurante do Hotel Emiliano. Os visitantes puderam ter informa\u00e7\u00f5es sobre origem de produtos,\u2026","rel":"","context":"In &quot;Lugares&quot;","img":{"alt_text":"","src":"https:\/\/i1.wp.com\/marisaono.com\/delicia\/wp-content\/uploads\/CIMG0894.jpg?resize=350%2C200&ssl=1","width":350,"height":200},"classes":[]},{"id":2793,"url":"https:\/\/marisaono.com\/delicia\/2010\/10\/09\/revista-menu\/","url_meta":{"origin":4666,"position":1},"title":"Revista Menu","date":"Outubro 9, 2010","format":false,"excerpt":"Na revista Menu de outubro, mais uma reportagem sobre o alho negro. Al\u00e9m de receitas elaboradas pelo chef Carlos Bertolazzi, palavras mais que gentis dos chefs Laurent Herv\u00e9 (Eau French Grill) e Jos\u00e9 Barattino (Emiliano). Tamb\u00e9m tem uma reportagem sobre os piqueniques da Neide Rigo (do Come-se). Eu acho a\u2026","rel":"","context":"In &quot;cotidiano&quot;","img":{"alt_text":"","src":"https:\/\/i1.wp.com\/marisaono.com\/delicia\/wp-content\/uploads\/menu.jpg?resize=350%2C200&ssl=1","width":350,"height":200},"classes":[]},{"id":4704,"url":"https:\/\/marisaono.com\/delicia\/2012\/03\/08\/carne-de-cabrito\/","url_meta":{"origin":4666,"position":2},"title":"Carne de Cabrito","date":"Mar\u00e7o 8, 2012","format":false,"excerpt":"Estou para escrever sobre essa carne. Tenho algumas experi\u00eancias para contar. A primeira vez que comi carne de cabrito foi na casa de uma vizinha. A carne foi cozida com muitos temperos (e muita pimenta). Era uma carne fibrosa, com pouca gordura. O gosto deveria ser bom, mas com tantos\u2026","rel":"","context":"In &quot;carnes.&quot;","img":{"alt_text":"","src":"https:\/\/i0.wp.com\/marisaono.com\/delicia\/wp-content\/uploads\/CIMG0899.jpg?resize=350%2C200&ssl=1","width":350,"height":200},"classes":[]},{"id":3451,"url":"https:\/\/marisaono.com\/delicia\/2011\/07\/29\/view-curitiba\/","url_meta":{"origin":4666,"position":3},"title":"View Curitiba","date":"Julho 29, 2011","format":false,"excerpt":"Recebi a View Curitiba pelo correio (convencional, n\u00e3o eletr\u00f4nico). Ainda n\u00e3o li, folheei, tem fotos muito bonitas, impress\u00e3o e material de qualidade. O motivo de ter recebido a revista \u00e9 uma mat\u00e9ria sobre o alho negro, que est\u00e1 conquistando o p\u00fablico curitibano. Ali\u00e1s, lembro dessa cidade com carinho, que conheci\u2026","rel":"","context":"In &quot;cotidiano&quot;","img":{"alt_text":"","src":"https:\/\/i2.wp.com\/marisaono.com\/delicia\/wp-content\/uploads\/IMG_63211.jpg?resize=350%2C200&ssl=1","width":350,"height":200},"classes":[]},{"id":7632,"url":"https:\/\/marisaono.com\/delicia\/2014\/08\/07\/palestra-sobre-washoku-da-maff\/","url_meta":{"origin":4666,"position":4},"title":"Palestra sobre Washoku da MAFF","date":"Agosto 7, 2014","format":false,"excerpt":"Os \u00faltimos dias foram bem intensos. Muita coisa aconteceu e espero atualiza-los sobre tudo isso. No s\u00e1bado fui ao Tivoli Hotel na Alameda Santos para um grande evento. Junto com o primeiro-ministro japon\u00eas Shinzo Abe, vieram membros da MAFF (Ministry of Agriculture, Forestry and Fisheries) para divulgar a cozinha japonesa\u2026","rel":"","context":"In &quot;Culin\u00e1ria japonesa&quot;","img":{"alt_text":"","src":"https:\/\/i0.wp.com\/marisaono.com\/delicia\/wp-content\/uploads\/IMG_4849.jpg?resize=350%2C200&ssl=1","width":350,"height":200},"classes":[]},{"id":866,"url":"https:\/\/marisaono.com\/delicia\/2009\/05\/03\/mais-um-pouco-sobre-mim\/","url_meta":{"origin":4666,"position":5},"title":"Mais Um Pouco Sobre Mim...","date":"Maio 3, 2009","format":false,"excerpt":"As estat\u00edsticas do provedor apontam para uma m\u00e9dia de 600 visitantes di\u00e1rios deste modesto blogue e subindo (as estat\u00edsticas do Wordpress s\u00e3o ainda maiores e n\u00e3o sei explicar a discrep\u00e2ncia). Cada visitante l\u00ea, em m\u00e9dia, 5 post a cada visita. Para muitos blogues, isso \u00e9 um valor muito baixo. Para\u2026","rel":"","context":"In &quot;cotidiano&quot;","img":{"alt_text":"","src":"","width":0,"height":0},"classes":[]}],"_links":{"self":[{"href":"https:\/\/marisaono.com\/delicia\/wp-json\/wp\/v2\/posts\/4666"}],"collection":[{"href":"https:\/\/marisaono.com\/delicia\/wp-json\/wp\/v2\/posts"}],"about":[{"href":"https:\/\/marisaono.com\/delicia\/wp-json\/wp\/v2\/types\/post"}],"author":[{"embeddable":true,"href":"https:\/\/marisaono.com\/delicia\/wp-json\/wp\/v2\/users\/1"}],"replies":[{"embeddable":true,"href":"https:\/\/marisaono.com\/delicia\/wp-json\/wp\/v2\/comments?post=4666"}],"version-history":[{"count":1,"href":"https:\/\/marisaono.com\/delicia\/wp-json\/wp\/v2\/posts\/4666\/revisions"}],"predecessor-version":[{"id":4667,"href":"https:\/\/marisaono.com\/delicia\/wp-json\/wp\/v2\/posts\/4666\/revisions\/4667"}],"wp:attachment":[{"href":"https:\/\/marisaono.com\/delicia\/wp-json\/wp\/v2\/media?parent=4666"}],"wp:term":[{"taxonomy":"category","embeddable":true,"href":"https:\/\/marisaono.com\/delicia\/wp-json\/wp\/v2\/categories?post=4666"},{"taxonomy":"post_tag","embeddable":true,"href":"https:\/\/marisaono.com\/delicia\/wp-json\/wp\/v2\/tags?post=4666"}],"curies":[{"name":"wp","href":"https:\/\/api.w.org\/{rel}","templated":true}]}}