{"id":4909,"date":"2012-06-07T21:30:50","date_gmt":"2012-06-08T00:30:50","guid":{"rendered":"http:\/\/marisaono.com\/delicia\/?p=4909"},"modified":"2012-06-10T09:39:37","modified_gmt":"2012-06-10T12:39:37","slug":"dia-dos-namorados","status":"publish","type":"post","link":"https:\/\/marisaono.com\/delicia\/2012\/06\/07\/dia-dos-namorados\/","title":{"rendered":"Dia dos Namorados"},"content":{"rendered":"<div class=\"translate_block\" style=\"display: none;\">\n<a class=\"translate_translate\" id=\"translate_button_post-4909\" lang=\"en\" xml:lang=\"en\" href=\"javascript:show_translate_popup('en', 'post', 4909);\">[Translate]<\/a><img src=\"https:\/\/marisaono.com\/delicia\/wp-content\/plugins\/google-ajax-translation\/transparent.gif\" id=\"translate_loading_post-4909\" class=\"translate_loading\" style=\"display: none;\" width=\"16\" height=\"16\" alt=\"\" \/>\n<hr class=\"translate_hr\" \/>\n<\/div>\n<div id=\"content_div-4909\">\n<p>Sim, estou dando uma for\u00e7a para os &#8220;zamigos &amp; zamigas&#8221;.<\/p>\n<p>No dia 12 at\u00e9 o dia 26\/07 rola o festival do escondidinho no <strong>Fam\u00edlia Presto<\/strong> (rua Esmeralda 39, Aclima\u00e7\u00e3o, S\u00e3o Paulo), todas as quartas e quintas-feiras. S\u00e3o 6 por\u00e7\u00f5es que servem muito bem 2 pessoas por R$64,00. Aproveite tamb\u00e9m para experimentar a burrata com creme bals\u00e2mico. Mais detalhes, nesta p\u00e1gina:\u00a0<a href=\"http:\/\/familiapresto.com.br\/novidades\/\" target=\"_blank\">\u00a0http:\/\/familiapresto.com.br\/novidades\/<\/a><\/p>\n<p>O <strong>Brie Rest\u00f4<\/strong> (Rua Doutor Melo Alves, 216 \u2013 Jd. Paulista &#8211; S\u00e3o Paulo) tamb\u00e9m est\u00e1 com card\u00e1pio especial. Para reservas e maiores informa\u00e7\u00f5es, os telefones s\u00e3o:\u00a0(11) 3081-4690 &#8211; (11) 3063-4838<\/p>\n<p>Se preferir ficar em casa, pode fazer encomendas na <strong>Casa da Li<\/strong> (Rua Aspicuelta 23, Vila Madalena, S\u00e3o Paulo). Mais informa\u00e7\u00f5es no site:\u00a0<a href=\"http:\/\/casadali.com.br\/\">http:\/\/casadali.com.br<\/a><\/p>\n<p>E um docinho de presente? A <strong>Deli Art Cake Creations<\/strong> tem cakepops por apenas R$1,50 + taxa de entrega. Mais detalhes aqui: \u00a0<a href=\"http:\/\/www.deliartcakecreations.net\/#!promo\u00e7\u00e3o\">http:\/\/www.deliartcakecreations.net\/#!promo\u00e7\u00e3o<\/a><\/p>\n<p>Se quiser fazer o seu pr\u00f3prio jantar com uma carne especial, como wagyu ou red angus, por exemplo, e estiver perto de Cotia, d\u00ea uma passada no <strong>Shopping da Ro\u00e7a<\/strong>. A Val\u00e9ria e o Edson v\u00e3o ajudar a escolher e orientar sobre a prepara\u00e7\u00e3o. Fica na Estrada Fernando Nobre 933 (um pouco antes do templo Zu Lai). Falei sobre eles aqui:\u00a0<a href=\"http:\/\/marisaono.com\/delicia\/?p=4561\">http:\/\/marisaono.com\/delicia\/?p=4561<\/a><\/p>\n<p>O <strong>Melograno<\/strong> (rua Aspicuelta 436, Vila Madalena, SP) promove um jantar com pratos italianos do chef Paulinho Pecora harmonizados com cervejas, o que sai do comum. Reservas pelo telefone (11) 3031-2921 e mais informa\u00e7\u00f5es no site deles:\u00a0<a href=\"http:\/\/www.melograno.com.br\/\">http:\/\/www.melograno.com.br<\/a><\/p>\n<p>&nbsp;<\/p>\n<p>&nbsp;<\/p>\n<p>E conforme for sabendo quem est\u00e1 oferecendo algo especial, aceitando reservas, etc, coloco aqui mesmo.<\/p>\n<p>PS: N\u00e3o, n\u00e3o tenho namorado e, para ser completamente sincera, acho que nunca comemorei a data. Talvez eu seja a pessoa menos rom\u00e2ntica do planeta. O fato \u00e9 que prefiro mesmo o improviso, sem data especial.<\/p>\n<p>&nbsp;<\/p>\n<p>&nbsp;<\/p>\n<p>&nbsp;<\/p>\n<p>&nbsp;<\/p>\n<p>&nbsp;<\/p>\n<p>&nbsp;<\/p>\n<p>&nbsp;<\/p>\n<p>&nbsp;<\/p>\n<a href=\"https:\/\/www.freetellafriend.com\/tell\/?url=https%3A%2F%2Fmarisaono.com%2Fdelicia%2F2012%2F06%2F07%2Fdia-dos-namorados%2F&title=Dia+dos+Namorados\" onclick=\"window.open('https:\/\/www.freetellafriend.com\/tell\/?url=https%3A%2F%2Fmarisaono.com%2Fdelicia%2F2012%2F06%2F07%2Fdia-dos-namorados%2F&title=Dia+dos+Namorados', 'freetellafriend', 'scrollbars=1,menubar=0,width=617,height=530,resizable=1,toolbar=0,location=0,status=0,screenX=210,screenY=100,left=210,top=100'); return false;\" target=\"_blank\" title=\"Share This Post\"><img decoding=\"async\" src=\"http:\/\/marisaono.com\/delicia\/wp-content\/plugins\/tell-a-friend\/button.gif\" style=\"width:127px;height:16px;border:0px;\" alt=\"Share This Post\" title=\"Share This Post\" \/><\/a><\/div>\n","protected":false},"excerpt":{"rendered":"<p>[Translate] Sim, estou dando uma for\u00e7a para os &#8220;zamigos &amp; zamigas&#8221;. No dia 12 at\u00e9 o dia 26\/07 rola o festival do escondidinho no Fam\u00edlia Presto (rua Esmeralda 39, Aclima\u00e7\u00e3o, S\u00e3o Paulo), todas as quartas e quintas-feiras. S\u00e3o 6 por\u00e7\u00f5es &hellip; <a href=\"https:\/\/marisaono.com\/delicia\/2012\/06\/07\/dia-dos-namorados\/\">Continuar a ler <span class=\"meta-nav\">&rarr;<\/span><\/a><\/p>\n","protected":false},"author":1,"featured_media":0,"comment_status":"open","ping_status":"open","sticky":false,"template":"","format":"standard","meta":{"spay_email":"","footnotes":"","jetpack_publicize_message":"","jetpack_is_tweetstorm":false},"categories":[98],"tags":[],"jetpack_featured_media_url":"","jetpack_publicize_connections":[],"jetpack_sharing_enabled":true,"jetpack_shortlink":"https:\/\/wp.me\/pccs7-1hb","jetpack-related-posts":[{"id":8421,"url":"https:\/\/marisaono.com\/delicia\/2015\/09\/10\/programe-se\/","url_meta":{"origin":4909,"position":0},"title":"Programe-se","date":"Setembro 10, 2015","format":false,"excerpt":"Neste s\u00e1bado, a 13\u00aa edi\u00e7\u00e3o do \"Comida de Rua, N\u00e9?\" Desta vez, os pratos ser\u00e3o o Champon (massa com caldo e frutos do mar) e Omu-soba (omelete recheada com soba, massa de trigo sarraceno). Cada prato custar\u00e1 R$20,00. Sakagura A1 | \u9152\u5009 Rua Jer\u00f4nimo da Veiga 74 - Itaim Bibi,\u2026","rel":"","context":"In &quot;Lugares&quot;","img":{"alt_text":"","src":"","width":0,"height":0},"classes":[]},{"id":6129,"url":"https:\/\/marisaono.com\/delicia\/2013\/06\/08\/dia-dos-namorados-2\/","url_meta":{"origin":4909,"position":1},"title":"Dia dos Namorados","date":"Junho 8, 2013","format":false,"excerpt":"Bem, n\u00e3o sou a pessoa mais rom\u00e2ntica do mundo, n\u00e3o tenho namorado e nunca tive o h\u00e1bito de comemorar o dia dos namorados. N\u00e3o vou publicar nenhuma receita para a data. \u00a0Mas isso n\u00e3o significa que todo mundo tem que ser como eu. Aqui v\u00e3o umas sugest\u00f5es de lugares onde\u2026","rel":"","context":"In &quot;Lugares&quot;","img":{"alt_text":"","src":"https:\/\/i1.wp.com\/marisaono.com\/delicia\/wp-content\/uploads\/ostras2.jpg?resize=350%2C200&ssl=1","width":350,"height":200},"classes":[]},{"id":3790,"url":"https:\/\/marisaono.com\/delicia\/2011\/11\/09\/casa-cor-boa-mesa-casa-da-li-e-julice\/","url_meta":{"origin":4909,"position":2},"title":"Casa Cor Boa Mesa - Casa da Li e Julice","date":"Novembro 9, 2011","format":false,"excerpt":"Ontem vi a Eliane Andr\u00e9 da Casa da Li (Rua Aspicuelta, 23 | Vila Madalena \u2013 S\u00e3o Paulo) preparar a famosa porchetta dela. Como a maioria das pessoas n\u00e3o possui um forno muito grande, ela sugeriu fazer com uma leitoa (sem pernil e paleta) desossada. Explicou que a porchetta \u00e9\u2026","rel":"","context":"In &quot;Lugares&quot;","img":{"alt_text":"","src":"https:\/\/i1.wp.com\/marisaono.com\/delicia\/wp-content\/uploads\/CIMG0190.jpg?resize=350%2C200&ssl=1","width":350,"height":200},"classes":[]},{"id":2898,"url":"https:\/\/marisaono.com\/delicia\/2010\/11\/27\/alho-negro-na-veja-sp\/","url_meta":{"origin":4909,"position":3},"title":"Alho Negro na Veja SP","date":"Novembro 27, 2010","format":false,"excerpt":"O alho negro apareceu na Veja SP. Infelizmente n\u00e3o pude falar dos restaurantes fora da capital paulista e tamb\u00e9m n\u00e3o citaram todos. http:\/\/vejasp.abril.com.br\/revista\/edicao-2193\/alho-negro-ingrediente?utm_source=twitter&utm_medium=gastronomia&utm_campaign=revista Al\u00e9m dos citados nas reportagens: -Bouquet Garni R Tenente Anast\u00e1cio de Moura 676 - Santa Efig\u00eania - Belo Horizonte - MG - B Bistro rua Ant\u00f4nio de\u2026","rel":"","context":"In &quot;dicas&quot;","img":{"alt_text":"","src":"https:\/\/i0.wp.com\/marisaono.com\/delicia\/wp-content\/uploads\/alho-negro.jpg?resize=350%2C200&ssl=1","width":350,"height":200},"classes":[]},{"id":2343,"url":"https:\/\/marisaono.com\/delicia\/2010\/06\/15\/eventos-e-festivais\/","url_meta":{"origin":4909,"position":4},"title":"Eventos e Festivais","date":"Junho 15, 2010","format":false,"excerpt":"No dia 26\/06 ser\u00e1 realizado o Sukiyaki do Bem 2010, no Grand Hyatt S\u00e3o Paulo (Av Na\u00e7\u00f5es Unidas 13.301), com a presen\u00e7a dos Chefs Adriano Kanashiro, Shinya Koike, Laurent Grolleau e Erika Okazaki. Mais informa\u00e7\u00f5es no site: http:\/\/www.sukiyakidobem.com.br\/telas\/sukiyaki-do-bem.html O terceiro Japan Lapa Festival vai ser realizado nos dias 26 e\u2026","rel":"","context":"In &quot;Culin\u00e1ria japonesa&quot;","img":{"alt_text":"","src":"","width":0,"height":0},"classes":[]},{"id":7216,"url":"https:\/\/marisaono.com\/delicia\/2014\/03\/20\/restaurante-week-no-sakagura-a1\/","url_meta":{"origin":4909,"position":5},"title":"Restaurante Week no Sakagura A1","date":"Mar\u00e7o 20, 2014","format":false,"excerpt":"O restaurante Sakagura A1 est\u00e1 participando do Restaurante Week (Rua Jeronimo da Veiga 74, fone\u00a03078-3883 ). Hoje almocei l\u00e1. De entrada tem croquete (que estava com a crosta bem crocante) com um molho \u00e0 base de gergelim. Ou salada de broto de bambu com salm\u00e3o marinado ao perfume de yuzu\u2026","rel":"","context":"In &quot;Culin\u00e1ria japonesa&quot;","img":{"alt_text":"","src":"https:\/\/i0.wp.com\/marisaono.com\/delicia\/wp-content\/uploads\/IMG_4255.jpg?resize=350%2C200&ssl=1","width":350,"height":200},"classes":[]}],"_links":{"self":[{"href":"https:\/\/marisaono.com\/delicia\/wp-json\/wp\/v2\/posts\/4909"}],"collection":[{"href":"https:\/\/marisaono.com\/delicia\/wp-json\/wp\/v2\/posts"}],"about":[{"href":"https:\/\/marisaono.com\/delicia\/wp-json\/wp\/v2\/types\/post"}],"author":[{"embeddable":true,"href":"https:\/\/marisaono.com\/delicia\/wp-json\/wp\/v2\/users\/1"}],"replies":[{"embeddable":true,"href":"https:\/\/marisaono.com\/delicia\/wp-json\/wp\/v2\/comments?post=4909"}],"version-history":[{"count":3,"href":"https:\/\/marisaono.com\/delicia\/wp-json\/wp\/v2\/posts\/4909\/revisions"}],"predecessor-version":[{"id":4911,"href":"https:\/\/marisaono.com\/delicia\/wp-json\/wp\/v2\/posts\/4909\/revisions\/4911"}],"wp:attachment":[{"href":"https:\/\/marisaono.com\/delicia\/wp-json\/wp\/v2\/media?parent=4909"}],"wp:term":[{"taxonomy":"category","embeddable":true,"href":"https:\/\/marisaono.com\/delicia\/wp-json\/wp\/v2\/categories?post=4909"},{"taxonomy":"post_tag","embeddable":true,"href":"https:\/\/marisaono.com\/delicia\/wp-json\/wp\/v2\/tags?post=4909"}],"curies":[{"name":"wp","href":"https:\/\/api.w.org\/{rel}","templated":true}]}}