{"id":5036,"date":"2012-07-17T22:00:24","date_gmt":"2012-07-18T01:00:24","guid":{"rendered":"http:\/\/marisaono.com\/delicia\/?p=5036"},"modified":"2012-07-17T22:00:24","modified_gmt":"2012-07-18T01:00:24","slug":"de-belem-a-tokyo","status":"publish","type":"post","link":"https:\/\/marisaono.com\/delicia\/2012\/07\/17\/de-belem-a-tokyo\/","title":{"rendered":"De Bel\u00e9m a Tokyo"},"content":{"rendered":"<div class=\"translate_block\" style=\"display: none;\">\n<a class=\"translate_translate\" id=\"translate_button_post-5036\" lang=\"en\" xml:lang=\"en\" href=\"javascript:show_translate_popup('en', 'post', 5036);\">[Translate]<\/a><img src=\"https:\/\/marisaono.com\/delicia\/wp-content\/plugins\/google-ajax-translation\/transparent.gif\" id=\"translate_loading_post-5036\" class=\"translate_loading\" style=\"display: none;\" width=\"16\" height=\"16\" alt=\"\" \/>\n<hr class=\"translate_hr\" \/>\n<\/div>\n<div id=\"content_div-5036\">\n<p>Duas not\u00edcias boas.<\/p>\n<p>Nos dias 18,19,20 e 21 o restaurante Dalva e Dito recebe Thiago e Felipe Castanho do Remanso do Bosque e Remanso do Peixe. Uma boa oportunidade para conhecer a cozinha desses jovens de Bel\u00e9m do Par\u00e1. O almo\u00e7o fica em R$80,00 e jantar, R$110,00, sem couvert ou bebidas.<\/p>\n<p>Rua padre Jo\u00e3o Manuel, 1.115, Cerqueira C\u00e9sar, SP, tel. 0\/xx\/11\/ 3068-4444<\/p>\n<p>E para quem \u00e9 f\u00e3 das massa japonesas, a aula da Mari Hirata na escola Wilma Kovesi \u00e9 imperd\u00edvel. No dia 13\/08, das 19 \u00e0s 22 horas. P\u00e1gina para conferir valores de inscri\u00e7\u00e3o e outras informa\u00e7\u00f5es:<\/p>\n<p><a href=\"http:\/\/www.wkcozinha.com.br\/new\/cursos\/agosto\/13\/2012\">http:\/\/www.wkcozinha.com.br\/new\/cursos\/agosto\/13\/2012<\/a><\/p>\n<p>&nbsp;<\/p>\n<a href=\"https:\/\/www.freetellafriend.com\/tell\/?url=https%3A%2F%2Fmarisaono.com%2Fdelicia%2F2012%2F07%2F17%2Fde-belem-a-tokyo%2F&title=De+Bel%C3%A9m+a+Tokyo\" onclick=\"window.open('https:\/\/www.freetellafriend.com\/tell\/?url=https%3A%2F%2Fmarisaono.com%2Fdelicia%2F2012%2F07%2F17%2Fde-belem-a-tokyo%2F&title=De+Bel%C3%A9m+a+Tokyo', 'freetellafriend', 'scrollbars=1,menubar=0,width=617,height=530,resizable=1,toolbar=0,location=0,status=0,screenX=210,screenY=100,left=210,top=100'); return false;\" target=\"_blank\" title=\"Share This Post\"><img decoding=\"async\" src=\"http:\/\/marisaono.com\/delicia\/wp-content\/plugins\/tell-a-friend\/button.gif\" style=\"width:127px;height:16px;border:0px;\" alt=\"Share This Post\" title=\"Share This Post\" \/><\/a><\/div>\n","protected":false},"excerpt":{"rendered":"<p>[Translate] Duas not\u00edcias boas. Nos dias 18,19,20 e 21 o restaurante Dalva e Dito recebe Thiago e Felipe Castanho do Remanso do Bosque e Remanso do Peixe. Uma boa oportunidade para conhecer a cozinha desses jovens de Bel\u00e9m do Par\u00e1. &hellip; <a href=\"https:\/\/marisaono.com\/delicia\/2012\/07\/17\/de-belem-a-tokyo\/\">Continuar a ler <span class=\"meta-nav\">&rarr;<\/span><\/a><\/p>\n","protected":false},"author":1,"featured_media":0,"comment_status":"open","ping_status":"open","sticky":false,"template":"","format":"standard","meta":{"spay_email":"","footnotes":"","jetpack_publicize_message":"","jetpack_is_tweetstorm":false},"categories":[17],"tags":[],"jetpack_featured_media_url":"","jetpack_publicize_connections":[],"jetpack_sharing_enabled":true,"jetpack_shortlink":"https:\/\/wp.me\/pccs7-1je","jetpack-related-posts":[{"id":3113,"url":"https:\/\/marisaono.com\/delicia\/2011\/03\/26\/shojin-ryori\/","url_meta":{"origin":5036,"position":0},"title":"Shojin Ryori","date":"Mar\u00e7o 26, 2011","format":false,"excerpt":"Confesso que, do que leio, vejo ou como, pouca coisa tem realmente surpreendido. Talvez seja coisa da idade, talvez seja porque vi algo parecido em outro lugar ou talvez seja s\u00f3 excesso de caf\u00e9 mesmo. No entanto, eu estava muito curiosa a respeito da Shojin Ryori e sobre o que\u2026","rel":"","context":"In &quot;Culin\u00e1ria japonesa&quot;","img":{"alt_text":"","src":"https:\/\/i2.wp.com\/marisaono.com\/delicia\/wp-content\/uploads\/IMG_5984.jpg?resize=350%2C200&ssl=1","width":350,"height":200},"classes":[]},{"id":2898,"url":"https:\/\/marisaono.com\/delicia\/2010\/11\/27\/alho-negro-na-veja-sp\/","url_meta":{"origin":5036,"position":1},"title":"Alho Negro na Veja SP","date":"Novembro 27, 2010","format":false,"excerpt":"O alho negro apareceu na Veja SP. Infelizmente n\u00e3o pude falar dos restaurantes fora da capital paulista e tamb\u00e9m n\u00e3o citaram todos. http:\/\/vejasp.abril.com.br\/revista\/edicao-2193\/alho-negro-ingrediente?utm_source=twitter&utm_medium=gastronomia&utm_campaign=revista Al\u00e9m dos citados nas reportagens: -Bouquet Garni R Tenente Anast\u00e1cio de Moura 676 - Santa Efig\u00eania - Belo Horizonte - MG - B Bistro rua Ant\u00f4nio de\u2026","rel":"","context":"In &quot;dicas&quot;","img":{"alt_text":"","src":"https:\/\/i0.wp.com\/marisaono.com\/delicia\/wp-content\/uploads\/alho-negro.jpg?resize=350%2C200&ssl=1","width":350,"height":200},"classes":[]},{"id":1791,"url":"https:\/\/marisaono.com\/delicia\/2009\/12\/13\/depois-da-enchente\/","url_meta":{"origin":5036,"position":2},"title":"Depois da Enchente...","date":"Dezembro 13, 2009","format":false,"excerpt":"Melancia foi not\u00edcia na semana passada, nas fotografias que mostravam o Ceagesp alagado. No entanto, parece que ela n\u00e3o poder\u00e1 ser culpada pela infla\u00e7\u00e3o deste m\u00eas. Comprei 2 por R$10,00, na estrada que liga Ibi\u00fana \u00e0 Raposo Tavares.","rel":"","context":"In &quot;cotidiano&quot;","img":{"alt_text":"","src":"https:\/\/i2.wp.com\/marisaono.com\/delicia\/wp-content\/uploads\/Melancia.JPG?resize=350%2C200&ssl=1","width":350,"height":200},"classes":[]},{"id":3092,"url":"https:\/\/marisaono.com\/delicia\/2011\/03\/13\/kanten-em-filamentos\/","url_meta":{"origin":5036,"position":3},"title":"Kanten em Filamentos","date":"Mar\u00e7o 13, 2011","format":false,"excerpt":"Encontrei esses na Liberdade, creio que no Towa, a R$7,00 o pacote. A maioria s\u00f3 conhece o kanten (agar, gelatina de algas) em p\u00f3 ou em barras que parecem uma esponja. Em filamentos, \u00e9 a primeira vez que vejo no Brasil. Assim, seco, n\u00e3o \u00e9 apetitoso. Parece ser feito de\u2026","rel":"","context":"In &quot;Culin\u00e1ria japonesa&quot;","img":{"alt_text":"","src":"https:\/\/i2.wp.com\/marisaono.com\/delicia\/wp-content\/uploads\/IMG_5949.jpg?resize=350%2C200&ssl=1","width":350,"height":200},"classes":[]},{"id":8739,"url":"https:\/\/marisaono.com\/delicia\/2015\/11\/07\/agenda-para-novembro-e-dezembro\/","url_meta":{"origin":5036,"position":4},"title":"Agenda para Novembro e Dezembro","date":"Novembro 7, 2015","format":false,"excerpt":"Estou fazendo umas altera\u00e7\u00f5es no blog e n\u00e3o sei se repararam que na aba lateral do blog (para quem usa um computador) h\u00e1 uma lista de eventos. O que estiver para acontecer aparecer\u00e1 l\u00e1. Dia 22 de novembro \u00e9 dia de past\u00e9is e bolinhos sino-japoneses, ou seja, gyoza, wantan, shumai.\u2026","rel":"","context":"With 2 comments","img":{"alt_text":"","src":"","width":0,"height":0},"classes":[]},{"id":5319,"url":"https:\/\/marisaono.com\/delicia\/2012\/10\/17\/quiosque-bombay-em-belo-horizonte\/","url_meta":{"origin":5036,"position":5},"title":"Quiosque Bombay em Belo Horizonte","date":"Outubro 17, 2012","format":false,"excerpt":"Inaugurou na semana passada, no shopping P\u00e1tio Savassi.\u00a0Av. do Contorno, 6061 - Funcion\u00e1rios. Hor\u00e1rio de funcionamento: Segunda \u00e0 s\u00e1bado das 10:00 \u00e0s 22:00h e nos domingos e feriados: das 14:00 \u00e0s 20:00 h Agora alho negro e dezenas (talvez mais de uma centena) de especiarias est\u00e3o acess\u00edveis na cidade. Para\u2026","rel":"","context":"In &quot;cotidiano&quot;","img":{"alt_text":"","src":"","width":0,"height":0},"classes":[]}],"_links":{"self":[{"href":"https:\/\/marisaono.com\/delicia\/wp-json\/wp\/v2\/posts\/5036"}],"collection":[{"href":"https:\/\/marisaono.com\/delicia\/wp-json\/wp\/v2\/posts"}],"about":[{"href":"https:\/\/marisaono.com\/delicia\/wp-json\/wp\/v2\/types\/post"}],"author":[{"embeddable":true,"href":"https:\/\/marisaono.com\/delicia\/wp-json\/wp\/v2\/users\/1"}],"replies":[{"embeddable":true,"href":"https:\/\/marisaono.com\/delicia\/wp-json\/wp\/v2\/comments?post=5036"}],"version-history":[{"count":2,"href":"https:\/\/marisaono.com\/delicia\/wp-json\/wp\/v2\/posts\/5036\/revisions"}],"predecessor-version":[{"id":5038,"href":"https:\/\/marisaono.com\/delicia\/wp-json\/wp\/v2\/posts\/5036\/revisions\/5038"}],"wp:attachment":[{"href":"https:\/\/marisaono.com\/delicia\/wp-json\/wp\/v2\/media?parent=5036"}],"wp:term":[{"taxonomy":"category","embeddable":true,"href":"https:\/\/marisaono.com\/delicia\/wp-json\/wp\/v2\/categories?post=5036"},{"taxonomy":"post_tag","embeddable":true,"href":"https:\/\/marisaono.com\/delicia\/wp-json\/wp\/v2\/tags?post=5036"}],"curies":[{"name":"wp","href":"https:\/\/api.w.org\/{rel}","templated":true}]}}