{"id":5050,"date":"2012-07-19T21:58:55","date_gmt":"2012-07-20T00:58:55","guid":{"rendered":"http:\/\/marisaono.com\/delicia\/?p=5050"},"modified":"2012-07-20T14:17:42","modified_gmt":"2012-07-20T17:17:42","slug":"dalva-e-dito-convida-thiago-e-rodrigo-castanho","status":"publish","type":"post","link":"https:\/\/marisaono.com\/delicia\/2012\/07\/19\/dalva-e-dito-convida-thiago-e-rodrigo-castanho\/","title":{"rendered":"Dalva e Dito Convida Thiago e Felipe Castanho"},"content":{"rendered":"<div class=\"translate_block\" style=\"display: none;\">\n<a class=\"translate_translate\" id=\"translate_button_post-5050\" lang=\"en\" xml:lang=\"en\" href=\"javascript:show_translate_popup('en', 'post', 5050);\">[Translate]<\/a><img src=\"https:\/\/marisaono.com\/delicia\/wp-content\/plugins\/google-ajax-translation\/transparent.gif\" id=\"translate_loading_post-5050\" class=\"translate_loading\" style=\"display: none;\" width=\"16\" height=\"16\" alt=\"\" \/>\n<hr class=\"translate_hr\" \/>\n<\/div>\n<div id=\"content_div-5050\">\n<p><a href=\"http:\/\/marisaono.com\/delicia\/wp-content\/uploads\/CIMG1271.jpg\"><img loading=\"lazy\" decoding=\"async\" class=\"alignnone size-full wp-image-5051\" title=\"CIMG1271\" src=\"http:\/\/marisaono.com\/delicia\/wp-content\/uploads\/CIMG1271.jpg\" alt=\"\" width=\"480\" height=\"360\" srcset=\"https:\/\/marisaono.com\/delicia\/wp-content\/uploads\/CIMG1271.jpg 480w, https:\/\/marisaono.com\/delicia\/wp-content\/uploads\/CIMG1271-360x270.jpg 360w, https:\/\/marisaono.com\/delicia\/wp-content\/uploads\/CIMG1271-150x113.jpg 150w, https:\/\/marisaono.com\/delicia\/wp-content\/uploads\/CIMG1271-400x300.jpg 400w\" sizes=\"(max-width: 480px) 100vw, 480px\" \/><\/a><\/p>\n<p>Fui almo\u00e7ar no Dalva e Dito. Sim, estava muito curiosa pela comida do Par\u00e1. Confesso que n\u00e3o conhe\u00e7o nada do Brasil do Rio de Janeiro para cima. Como at\u00e9 hoje s\u00f3 conheci lugares para onde fui levada pelas circunst\u00e2ncias (leia-se trabalho), espero que um dia algo me fa\u00e7a ir para as outras regi\u00f5es do Brasil.<\/p>\n<p><a href=\"http:\/\/marisaono.com\/delicia\/wp-content\/uploads\/CIMG1273.jpg\"><img loading=\"lazy\" decoding=\"async\" class=\"alignnone size-full wp-image-5052\" title=\"CIMG1273\" src=\"http:\/\/marisaono.com\/delicia\/wp-content\/uploads\/CIMG1273.jpg\" alt=\"\" width=\"480\" height=\"360\" srcset=\"https:\/\/marisaono.com\/delicia\/wp-content\/uploads\/CIMG1273.jpg 480w, https:\/\/marisaono.com\/delicia\/wp-content\/uploads\/CIMG1273-360x270.jpg 360w\" sizes=\"(max-width: 480px) 100vw, 480px\" \/><\/a><\/p>\n<p>No couvert vieram pimentas, alho assado, p\u00e3o, beiju crocante com um toque de pimenta, bolinho de piracu\u00ed (farinha de peixe, algo que eu diria ser pr\u00f3ximo ao katsuo-bushi e o soboro), que remete um pouco ao bolinho de bacalhau.<\/p>\n<p><a href=\"http:\/\/marisaono.com\/delicia\/wp-content\/uploads\/CIMG1274.jpg\"><img loading=\"lazy\" decoding=\"async\" class=\"alignnone size-full wp-image-5053\" title=\"CIMG1274\" src=\"http:\/\/marisaono.com\/delicia\/wp-content\/uploads\/CIMG1274.jpg\" alt=\"\" width=\"480\" height=\"360\" srcset=\"https:\/\/marisaono.com\/delicia\/wp-content\/uploads\/CIMG1274.jpg 480w, https:\/\/marisaono.com\/delicia\/wp-content\/uploads\/CIMG1274-360x270.jpg 360w\" sizes=\"(max-width: 480px) 100vw, 480px\" \/><\/a><\/p>\n<p>E tamb\u00e9m veio um antepasto adocicado de berinjela e jil\u00f3. Experimentei todas s pimentas. A amarela eu tenho aqui em casa, disseram-me que era pimenta-de-cheiro do Par\u00e1, n\u00e3o sei se tem esse nome de fato. A arredondada n\u00e3o tenho certeza qual seja. A verdinha parece ser a cumari, que tamb\u00e9m tenho aqui. E, se eu n\u00e3o estiver errada, a outra, alongada e vermelha \u00e9 a malagueta.<\/p>\n<p><a href=\"http:\/\/marisaono.com\/delicia\/wp-content\/uploads\/CIMG1275.jpg\"><img loading=\"lazy\" decoding=\"async\" class=\"alignnone size-full wp-image-5054\" title=\"CIMG1275\" src=\"http:\/\/marisaono.com\/delicia\/wp-content\/uploads\/CIMG1275.jpg\" alt=\"\" width=\"480\" height=\"360\" srcset=\"https:\/\/marisaono.com\/delicia\/wp-content\/uploads\/CIMG1275.jpg 480w, https:\/\/marisaono.com\/delicia\/wp-content\/uploads\/CIMG1275-360x270.jpg 360w\" sizes=\"(max-width: 480px) 100vw, 480px\" \/><\/a><\/p>\n<p>A entrada foi o tacac\u00e1. N\u00e3o conhecia esse caldo \u00e1cido, herbal, com o jambu dando choque pela boca toda. No entanto, que engra\u00e7ado, me lembrou algo que comi em um restaurante tailand\u00eas.<\/p>\n<p><a href=\"http:\/\/marisaono.com\/delicia\/wp-content\/uploads\/CIMG1276.jpg\"><img loading=\"lazy\" decoding=\"async\" class=\"alignnone size-full wp-image-5055\" title=\"CIMG1276\" src=\"http:\/\/marisaono.com\/delicia\/wp-content\/uploads\/CIMG1276.jpg\" alt=\"\" width=\"480\" height=\"360\" srcset=\"https:\/\/marisaono.com\/delicia\/wp-content\/uploads\/CIMG1276.jpg 480w, https:\/\/marisaono.com\/delicia\/wp-content\/uploads\/CIMG1276-360x270.jpg 360w\" sizes=\"(max-width: 480px) 100vw, 480px\" \/><\/a><\/p>\n<p>Tamb\u00e9m n\u00e3o conhecia o filhote, que veio suculento, macio, delicado. Esque\u00e7a a ideia de que todo peixe de rio tem gosto de lodo. Na verdade depende muito do que ele come e de onde vem. Veio com um molho de tucupi (o sumo da mandioca brava, fervida para reduzir a toxina) e um cuscuz de farinha d&#8217;\u00e1gua.<\/p>\n<p><a href=\"http:\/\/marisaono.com\/delicia\/wp-content\/uploads\/CIMG1278.jpg\"><img loading=\"lazy\" decoding=\"async\" class=\"alignnone size-full wp-image-5056\" title=\"CIMG1278\" src=\"http:\/\/marisaono.com\/delicia\/wp-content\/uploads\/CIMG1278.jpg\" alt=\"\" width=\"480\" height=\"360\" srcset=\"https:\/\/marisaono.com\/delicia\/wp-content\/uploads\/CIMG1278.jpg 480w, https:\/\/marisaono.com\/delicia\/wp-content\/uploads\/CIMG1278-360x270.jpg 360w\" sizes=\"(max-width: 480px) 100vw, 480px\" \/><\/a><\/p>\n<p>Mas para mim a grande surpresa mesmo foi o pirarucu defumado, com urucum, banana e farofa de castanha. Primeiro porque sempre fico com um p\u00e9 atr\u00e1s com peixes defumados. Tenho algumas m\u00e1s lembran\u00e7as. Esse pirarucu, segundo o Thiago, foi curado e defumado, ganhando textura e sabor, sem ficar ressecado, muito saboroso e, ao mesmo tempo, simples.<\/p>\n<p><a href=\"http:\/\/marisaono.com\/delicia\/wp-content\/uploads\/CIMG1279.jpg\"><img loading=\"lazy\" decoding=\"async\" class=\"alignnone size-full wp-image-5057\" title=\"CIMG1279\" src=\"http:\/\/marisaono.com\/delicia\/wp-content\/uploads\/CIMG1279.jpg\" alt=\"\" width=\"480\" height=\"360\" srcset=\"https:\/\/marisaono.com\/delicia\/wp-content\/uploads\/CIMG1279.jpg 480w, https:\/\/marisaono.com\/delicia\/wp-content\/uploads\/CIMG1279-360x270.jpg 360w\" sizes=\"(max-width: 480px) 100vw, 480px\" \/><\/a><\/p>\n<p>A sobremesa era bacuri com melado, cumaru, caf\u00e9 e tuile de tapioca. No detalhe da foto, uma das flores que mais gosto: a alyssum. Talvez porque na Antiguidade era utilizada para tratamento de doen\u00e7as mentais (brincadeirinha&#8230;). O engra\u00e7ado \u00e9 que n\u00e3o me lembro de ter comido bacuri, mas o sabor dele pareceu-me familiar. Pode at\u00e9 ser que eu tenha comido, h\u00e1 muito tempo, ainda crian\u00e7a, quando meu pai trabalhava em uma transportadora e os motoristas vinham de lugares distantes com coisas curiosas.<\/p>\n<p>Valeu? Valeu. Valeu primeiro pelo sabor. Valeu conhecer uma cozinha t\u00e3o diferente e t\u00e3o delicada. Valeu pelo aprendizado, pela experi\u00eancia.<\/p>\n<p>Thiago e Rodrigo Castanho estar\u00e3o no Dalva e Dito at\u00e9 o dia 21. \u00c9 melhor fazer reserva. O menu do jantar \u00e9 diferente do almo\u00e7o.<\/p>\n<p>Rua Padre Jo\u00e3o Manuel, 1115 \u00a0Fone:\u00a011 3068-4444<\/p>\n<p>PS: A Antonia Padvaiskas, do Emp\u00f3rio Poitara comercializa muitos produtos amaz\u00f4nicos. Tem um mela\u00e7o divino, farinha ovinha, piracu\u00ed e um mundo de coisas. O e-mail dela \u00e9: toni.ginger@gmail.com<\/p>\n<a href=\"https:\/\/www.freetellafriend.com\/tell\/?url=https%3A%2F%2Fmarisaono.com%2Fdelicia%2F2012%2F07%2F19%2Fdalva-e-dito-convida-thiago-e-rodrigo-castanho%2F&title=Dalva+e+Dito+Convida+Thiago+e+Felipe+Castanho\" onclick=\"window.open('https:\/\/www.freetellafriend.com\/tell\/?url=https%3A%2F%2Fmarisaono.com%2Fdelicia%2F2012%2F07%2F19%2Fdalva-e-dito-convida-thiago-e-rodrigo-castanho%2F&title=Dalva+e+Dito+Convida+Thiago+e+Felipe+Castanho', 'freetellafriend', 'scrollbars=1,menubar=0,width=617,height=530,resizable=1,toolbar=0,location=0,status=0,screenX=210,screenY=100,left=210,top=100'); return false;\" target=\"_blank\" title=\"Share This Post\"><img decoding=\"async\" src=\"http:\/\/marisaono.com\/delicia\/wp-content\/plugins\/tell-a-friend\/button.gif\" style=\"width:127px;height:16px;border:0px;\" alt=\"Share This Post\" title=\"Share This Post\" \/><\/a><\/div>\n","protected":false},"excerpt":{"rendered":"<p>[Translate] Fui almo\u00e7ar no Dalva e Dito. Sim, estava muito curiosa pela comida do Par\u00e1. Confesso que n\u00e3o conhe\u00e7o nada do Brasil do Rio de Janeiro para cima. Como at\u00e9 hoje s\u00f3 conheci lugares para onde fui levada pelas circunst\u00e2ncias &hellip; <a href=\"https:\/\/marisaono.com\/delicia\/2012\/07\/19\/dalva-e-dito-convida-thiago-e-rodrigo-castanho\/\">Continuar a ler <span class=\"meta-nav\">&rarr;<\/span><\/a><\/p>\n","protected":false},"author":1,"featured_media":5051,"comment_status":"open","ping_status":"open","sticky":false,"template":"","format":"standard","meta":{"spay_email":"","footnotes":"","jetpack_publicize_message":"","jetpack_is_tweetstorm":false},"categories":[98],"tags":[],"jetpack_featured_media_url":"https:\/\/marisaono.com\/delicia\/wp-content\/uploads\/CIMG1271.jpg","jetpack_publicize_connections":[],"jetpack_sharing_enabled":true,"jetpack_shortlink":"https:\/\/wp.me\/pccs7-1js","jetpack-related-posts":[{"id":5125,"url":"https:\/\/marisaono.com\/delicia\/2012\/08\/20\/bolinhos-de-okara\/","url_meta":{"origin":5050,"position":0},"title":"Bolinhos de Okara","date":"Agosto 20, 2012","format":false,"excerpt":"Bem, para mim isso nem \u00e9 receita, mas vai que algu\u00e9m ainda n\u00e3o conhece? Esses bolinhos surgiram da necessidade em aproveitar o baga\u00e7o de soja que sobra quando fazemos leite de soja ou tofu. Como o okara \u00e9 uma massa quase sem gosto ou cheiro, recebe bem quase qualquer coisa.\u2026","rel":"","context":"In &quot;acompanhamento&quot;","img":{"alt_text":"","src":"https:\/\/i1.wp.com\/marisaono.com\/delicia\/wp-content\/uploads\/IMG_05981.jpg?resize=350%2C200&ssl=1","width":350,"height":200},"classes":[]},{"id":141,"url":"https:\/\/marisaono.com\/delicia\/2007\/11\/03\/bolinhos-de-tofu\/","url_meta":{"origin":5050,"position":1},"title":"Bolinhos de Tofu","date":"Novembro 3, 2007","format":false,"excerpt":"N\u00e3o \u00e9 uma receita excepcional. N\u00e3o \u00e9 uma receita divina-maravilhosa. \u00c9 apenas algo que fa\u00e7o quando o tofu amea\u00e7a sobrar. N\u00e3o sei de onde veio, n\u00e3o sei a origem e nem desde quando fazemos em casa. Serve de acompanhamento ou petisco. Quente, \u00e9 crocante por fora e macio por dentro.\u2026","rel":"","context":"In &quot;acompanhamento&quot;","img":{"alt_text":"","src":"https:\/\/i0.wp.com\/marisaono.com\/delicia\/wp-content\/uploads\/img_1407_1_1.jpg?resize=350%2C200&ssl=1","width":350,"height":200},"classes":[]},{"id":646,"url":"https:\/\/marisaono.com\/delicia\/2009\/01\/20\/bolinho-de-pao\/","url_meta":{"origin":5050,"position":2},"title":"Bolinho de P\u00e3o","date":"Janeiro 20, 2009","format":false,"excerpt":"H\u00e1 muito tempo li em uma revista que a comunidade italiana em S\u00e3o Paulo fazia um bolinho de p\u00e3o, frito. Chamavam de Polpeta de P\u00e3o. Como o p\u00e3o ciabatta feito com fermento de batata que fiz outro dia sobrou (e em casa, na verdade, consumimos pouco p\u00e3o), resolvi tentar. No\u2026","rel":"","context":"In &quot;acompanhamento&quot;","img":{"alt_text":"","src":"https:\/\/i1.wp.com\/marisaono.com\/delicia\/wp-content\/uploads\/Bolinho-de-P\u00e3o.jpg?resize=350%2C200&ssl=1","width":350,"height":200},"classes":[]},{"id":4673,"url":"https:\/\/marisaono.com\/delicia\/2012\/03\/03\/bolinho-de-abobrinha-e-especiarias\/","url_meta":{"origin":5050,"position":3},"title":"Bolinho de Abobrinha e Especiarias","date":"Mar\u00e7o 3, 2012","format":false,"excerpt":"Eu n\u00e3o gosto de abobrinha. Estou tentando aprender a gostar de algo que me parece n\u00e3o ter gosto algum. Mas como h\u00e1 muito tenho o interesse em fazer doces com vegetais, resolvi experimentar um bolo com abobrinha. Resolvi colocar os sabores do Panforte do \u00c2ngelo Perrela, da confeitaria Asti: canela,\u2026","rel":"","context":"In &quot;Doces&quot;","img":{"alt_text":"","src":"https:\/\/i1.wp.com\/marisaono.com\/delicia\/wp-content\/uploads\/CIMG0840.jpg?resize=350%2C200&ssl=1","width":350,"height":200},"classes":[]},{"id":8729,"url":"https:\/\/marisaono.com\/delicia\/2015\/11\/03\/bolinho-de-tofu-e-aviu\/","url_meta":{"origin":5050,"position":4},"title":"Bolinho de Tofu e Avi\u00fa","date":"Novembro 3, 2015","format":false,"excerpt":"Mais um pouco sobre texturas do tofu. Algo que gosto muito (mas n\u00e3o fa\u00e7o com tanta frequ\u00eancia assim porque \u00e9 fritura) \u00e9 o bolinho de tofu. Desta vez usei avi\u00fa, um camar\u00e3o bem pequeno seco, que ganhei da Luci. Ele \u00e9 bem pequeno e se assemelha com uns camar\u00f5es secos\u2026","rel":"","context":"In &quot;Culin\u00e1ria japonesa&quot;","img":{"alt_text":"CIMG0207","src":"https:\/\/i1.wp.com\/marisaono.com\/delicia\/wp-content\/uploads\/CIMG02071.jpg?resize=350%2C200","width":350,"height":200},"classes":[]},{"id":5532,"url":"https:\/\/marisaono.com\/delicia\/2012\/12\/01\/bolinho-de-bacalhau\/","url_meta":{"origin":5050,"position":5},"title":"Bolinho de Bacalhau","date":"Dezembro 1, 2012","format":false,"excerpt":"Volta-e-meia brinco sobre minhas \"origens\" portuguesas. Vivi at\u00e9 os oito anos no bairro do Catumbi, no Rio, cercada de portugueses (o patr\u00e3o de meu pai, os donos das duas quitandas pr\u00f3ximas e mais alguns funcion\u00e1rios da transportadora onde meu pai trabalhava). Os padrinhos, tanto meus como os da minha irm\u00e3\u2026","rel":"","context":"In &quot;F\u00e1cil&quot;","img":{"alt_text":"","src":"https:\/\/i0.wp.com\/marisaono.com\/delicia\/wp-content\/uploads\/IMG_1414.jpg?resize=350%2C200&ssl=1","width":350,"height":200},"classes":[]}],"_links":{"self":[{"href":"https:\/\/marisaono.com\/delicia\/wp-json\/wp\/v2\/posts\/5050"}],"collection":[{"href":"https:\/\/marisaono.com\/delicia\/wp-json\/wp\/v2\/posts"}],"about":[{"href":"https:\/\/marisaono.com\/delicia\/wp-json\/wp\/v2\/types\/post"}],"author":[{"embeddable":true,"href":"https:\/\/marisaono.com\/delicia\/wp-json\/wp\/v2\/users\/1"}],"replies":[{"embeddable":true,"href":"https:\/\/marisaono.com\/delicia\/wp-json\/wp\/v2\/comments?post=5050"}],"version-history":[{"count":6,"href":"https:\/\/marisaono.com\/delicia\/wp-json\/wp\/v2\/posts\/5050\/revisions"}],"predecessor-version":[{"id":5060,"href":"https:\/\/marisaono.com\/delicia\/wp-json\/wp\/v2\/posts\/5050\/revisions\/5060"}],"wp:featuredmedia":[{"embeddable":true,"href":"https:\/\/marisaono.com\/delicia\/wp-json\/wp\/v2\/media\/5051"}],"wp:attachment":[{"href":"https:\/\/marisaono.com\/delicia\/wp-json\/wp\/v2\/media?parent=5050"}],"wp:term":[{"taxonomy":"category","embeddable":true,"href":"https:\/\/marisaono.com\/delicia\/wp-json\/wp\/v2\/categories?post=5050"},{"taxonomy":"post_tag","embeddable":true,"href":"https:\/\/marisaono.com\/delicia\/wp-json\/wp\/v2\/tags?post=5050"}],"curies":[{"name":"wp","href":"https:\/\/api.w.org\/{rel}","templated":true}]}}