{"id":5066,"date":"2012-07-20T22:17:22","date_gmt":"2012-07-21T01:17:22","guid":{"rendered":"http:\/\/marisaono.com\/delicia\/?p=5066"},"modified":"2012-07-20T22:17:22","modified_gmt":"2012-07-21T01:17:22","slug":"farinhas","status":"publish","type":"post","link":"https:\/\/marisaono.com\/delicia\/2012\/07\/20\/farinhas\/","title":{"rendered":"Farinhas"},"content":{"rendered":"<div class=\"translate_block\" style=\"display: none;\">\n<a class=\"translate_translate\" id=\"translate_button_post-5066\" lang=\"en\" xml:lang=\"en\" href=\"javascript:show_translate_popup('en', 'post', 5066);\">[Translate]<\/a><img src=\"https:\/\/marisaono.com\/delicia\/wp-content\/plugins\/google-ajax-translation\/transparent.gif\" id=\"translate_loading_post-5066\" class=\"translate_loading\" style=\"display: none;\" width=\"16\" height=\"16\" alt=\"\" \/>\n<hr class=\"translate_hr\" \/>\n<\/div>\n<div id=\"content_div-5066\">\n<p><a href=\"http:\/\/marisaono.com\/delicia\/wp-content\/uploads\/IMG_0483.jpg\"><img loading=\"lazy\" decoding=\"async\" class=\"alignnone size-full wp-image-5067\" title=\"IMG_0483\" src=\"http:\/\/marisaono.com\/delicia\/wp-content\/uploads\/IMG_0483.jpg\" alt=\"\" width=\"480\" height=\"360\" srcset=\"https:\/\/marisaono.com\/delicia\/wp-content\/uploads\/IMG_0483.jpg 480w, https:\/\/marisaono.com\/delicia\/wp-content\/uploads\/IMG_0483-360x270.jpg 360w, https:\/\/marisaono.com\/delicia\/wp-content\/uploads\/IMG_0483-150x113.jpg 150w, https:\/\/marisaono.com\/delicia\/wp-content\/uploads\/IMG_0483-400x300.jpg 400w\" sizes=\"(max-width: 480px) 100vw, 480px\" \/><\/a><\/p>\n<p>As farinhas fazem parte da nossa vida que nem pensamos nelas. A farinha de trigo est\u00e1 no p\u00e3o, no biscoito, no bolo. Mas n\u00e3o \u00e9 a \u00fanica e cada farinha tem seu sabor, seu uso.<\/p>\n<p><a href=\"http:\/\/marisaono.com\/delicia\/wp-content\/uploads\/IMG_0484.jpg\"><img loading=\"lazy\" decoding=\"async\" class=\"alignnone size-full wp-image-5068\" title=\"IMG_0484\" src=\"http:\/\/marisaono.com\/delicia\/wp-content\/uploads\/IMG_0484.jpg\" alt=\"\" width=\"480\" height=\"360\" srcset=\"https:\/\/marisaono.com\/delicia\/wp-content\/uploads\/IMG_0484.jpg 480w, https:\/\/marisaono.com\/delicia\/wp-content\/uploads\/IMG_0484-360x270.jpg 360w\" sizes=\"(max-width: 480px) 100vw, 480px\" \/><\/a><\/p>\n<p>Esta lindeza \u00e9 a farinha ovinha, feita de massa de mandioca fermentada. Tem um sabor e aroma que lembram o polvilho azedo e para o meu gosto, dura demais. A Neide Rigo faz cuscuz, salada, sopa. Ela escreveu sobre ela aqui:\u00a0<a href=\"http:\/\/come-se.blogspot.com.br\/2008\/06\/farinha-ovinha-nosso-cuscuz-marroquino.html\">http:\/\/come-se.blogspot.com.br\/2008\/06\/farinha-ovinha-nosso-cuscuz-marroquino.html<\/a><\/p>\n<p><a href=\"http:\/\/marisaono.com\/delicia\/wp-content\/uploads\/IMG_0486.jpg\"><img loading=\"lazy\" decoding=\"async\" class=\"alignnone size-full wp-image-5069\" title=\"IMG_0486\" src=\"http:\/\/marisaono.com\/delicia\/wp-content\/uploads\/IMG_0486.jpg\" alt=\"\" width=\"480\" height=\"360\" srcset=\"https:\/\/marisaono.com\/delicia\/wp-content\/uploads\/IMG_0486.jpg 480w, https:\/\/marisaono.com\/delicia\/wp-content\/uploads\/IMG_0486-360x270.jpg 360w\" sizes=\"(max-width: 480px) 100vw, 480px\" \/><\/a><\/p>\n<p>Essa \u00e9 uma farinha d&#8217;\u00e1gua que comprei em uma pequena mercearia. Ali\u00e1s, a primeira vez que vi uma farinha grossa assim foi no Jap\u00e3o, ganhei de uma fam\u00edlia que veio de Bel\u00e9m. Para mim, que s\u00f3 conhecia farinha de mandioca bem fina, parecia um punhado de cascalho. Ainda vou brincar com ela.<\/p>\n<p><a href=\"http:\/\/marisaono.com\/delicia\/wp-content\/uploads\/IMG_0487.jpg\"><img loading=\"lazy\" decoding=\"async\" class=\"alignnone size-full wp-image-5070\" title=\"IMG_0487\" src=\"http:\/\/marisaono.com\/delicia\/wp-content\/uploads\/IMG_0487.jpg\" alt=\"\" width=\"480\" height=\"360\" srcset=\"https:\/\/marisaono.com\/delicia\/wp-content\/uploads\/IMG_0487.jpg 480w, https:\/\/marisaono.com\/delicia\/wp-content\/uploads\/IMG_0487-360x270.jpg 360w\" sizes=\"(max-width: 480px) 100vw, 480px\" \/><\/a><\/p>\n<p>Este \u00e9 o floc\u00e3o de arroz, para fazer cuscuz. N\u00e3o sabia que existia, tamb\u00e9m encontrei em uma pequena mercearia. \u00c9 para hidratar com um pouco de \u00e1gua e cozinhar no vapor, embora existam receitas de bolo com ele.<\/p>\n<p><a href=\"http:\/\/marisaono.com\/delicia\/wp-content\/uploads\/IMG_0488.jpg\"><img loading=\"lazy\" decoding=\"async\" class=\"alignnone size-full wp-image-5071\" title=\"IMG_0488\" src=\"http:\/\/marisaono.com\/delicia\/wp-content\/uploads\/IMG_0488.jpg\" alt=\"\" width=\"480\" height=\"360\" srcset=\"https:\/\/marisaono.com\/delicia\/wp-content\/uploads\/IMG_0488.jpg 480w, https:\/\/marisaono.com\/delicia\/wp-content\/uploads\/IMG_0488-360x270.jpg 360w\" sizes=\"(max-width: 480px) 100vw, 480px\" \/><\/a><\/p>\n<p>Este \u00e9 o floc\u00e3o de milho, mais comum, anda aparecendo nos supermercados. Isso tamb\u00e9m \u00e9, de certa forma, novo para mim. Conhecia o cuscuz paulista e o cuscuz de tapioca, feito com leite e coco. Minha m\u00e3e costuma dizer que faziam cuscuz com fub\u00e1, que era cozido no vapor em um tipo de vaso de barro. Coisas perdidas no tempo, pelo visto.<\/p>\n<p><a href=\"http:\/\/marisaono.com\/delicia\/wp-content\/uploads\/IMG_0489.jpg\"><img loading=\"lazy\" decoding=\"async\" class=\"alignnone size-full wp-image-5072\" title=\"IMG_0489\" src=\"http:\/\/marisaono.com\/delicia\/wp-content\/uploads\/IMG_0489.jpg\" alt=\"\" width=\"480\" height=\"360\" srcset=\"https:\/\/marisaono.com\/delicia\/wp-content\/uploads\/IMG_0489.jpg 480w, https:\/\/marisaono.com\/delicia\/wp-content\/uploads\/IMG_0489-360x270.jpg 360w\" sizes=\"(max-width: 480px) 100vw, 480px\" \/><\/a><\/p>\n<p>Farinha de milho, que eu s\u00f3 uso para o cuscuz paulista e recheio de frango assado. Uma vez ofereceram-me bolinhos feitos com essa farinha misturada a ovos e queijo e frito. Era bom. Mas se eu tiver tempo e mais disposi\u00e7\u00e3o para pesquisar, tenho certeza que encontrarei receitas de outros petiscos com essa farinha.<\/p>\n<p><a href=\"http:\/\/marisaono.com\/delicia\/wp-content\/uploads\/IMG_0490.jpg\"><img loading=\"lazy\" decoding=\"async\" class=\"alignnone size-full wp-image-5073\" title=\"IMG_0490\" src=\"http:\/\/marisaono.com\/delicia\/wp-content\/uploads\/IMG_0490.jpg\" alt=\"\" width=\"480\" height=\"360\" srcset=\"https:\/\/marisaono.com\/delicia\/wp-content\/uploads\/IMG_0490.jpg 480w, https:\/\/marisaono.com\/delicia\/wp-content\/uploads\/IMG_0490-360x270.jpg 360w\" sizes=\"(max-width: 480px) 100vw, 480px\" \/><\/a><\/p>\n<p>Fub\u00e1, oras. Mas sabe que agora vi o quanto um fub\u00e1 pode ser diferente do outro? J\u00e1 comprei fub\u00e1 com cheiro de tulha. Existem fub\u00e1s mais finos, outros mais grosseiros, mais cheirosos, para fazer angu, bolo, biscoito. E assim tamb\u00e9m \u00e9 com a farinha de mandioca. H\u00e1 farinha para todos os gostos.<\/p>\n<p>E ainda existem farinhas de am\u00eandoas, castanha-de-caju, de castanha-do-par\u00e1, de mandioca integral (essa, apesar das possibilidades, \u00e9 mais conhecida como ra\u00e7\u00e3o animal), de bocai\u00fava, de peixe. J\u00e1 pensaram em quantas coisas s\u00e3o feitas com essas farinhas todas?<\/p>\n<p><a href=\"http:\/\/marisaono.com\/delicia\/wp-content\/uploads\/IMG_0477.jpg\"><img loading=\"lazy\" decoding=\"async\" class=\"alignnone size-full wp-image-5074\" title=\"IMG_0477\" src=\"http:\/\/marisaono.com\/delicia\/wp-content\/uploads\/IMG_0477.jpg\" alt=\"\" width=\"480\" height=\"360\" srcset=\"https:\/\/marisaono.com\/delicia\/wp-content\/uploads\/IMG_0477.jpg 480w, https:\/\/marisaono.com\/delicia\/wp-content\/uploads\/IMG_0477-360x270.jpg 360w\" sizes=\"(max-width: 480px) 100vw, 480px\" \/><\/a><\/p>\n<p>Por enquanto, s\u00f3 aventurei-me com o floc\u00e3o de milho. Misturei cerca de 6 colheres de sopa de \u00e1gua e um pouco de sal em 1 x\u00edcara de \u00e1gua, esfregando com as m\u00e3os. Levei para cozinhar no vapor em uma trouxa de pano (n\u00e3o tenho cuscuzeira) por uns 10 minutos. Tirei do fogo, afofei com um garfo e deixei de lado.<\/p>\n<p>\u00c0 parte, refoguei um peda\u00e7o de lingui\u00e7a sem a pele, desmanchando enquanto fritava com uma cebola pequena picada. Juntei o cuscuz de milho, misturei, salpiquei salsa e uns pedacinhos de queijo coalho dourado na frigideira. Comi com mostarda refogada.<\/p>\n<p>&nbsp;<\/p>\n<p>&nbsp;<\/p>\n<p>&nbsp;<\/p>\n<a href=\"https:\/\/www.freetellafriend.com\/tell\/?url=https%3A%2F%2Fmarisaono.com%2Fdelicia%2F2012%2F07%2F20%2Ffarinhas%2F&title=Farinhas\" onclick=\"window.open('https:\/\/www.freetellafriend.com\/tell\/?url=https%3A%2F%2Fmarisaono.com%2Fdelicia%2F2012%2F07%2F20%2Ffarinhas%2F&title=Farinhas', 'freetellafriend', 'scrollbars=1,menubar=0,width=617,height=530,resizable=1,toolbar=0,location=0,status=0,screenX=210,screenY=100,left=210,top=100'); return false;\" target=\"_blank\" title=\"Share This Post\"><img decoding=\"async\" src=\"http:\/\/marisaono.com\/delicia\/wp-content\/plugins\/tell-a-friend\/button.gif\" style=\"width:127px;height:16px;border:0px;\" alt=\"Share This Post\" title=\"Share This Post\" \/><\/a><\/div>\n","protected":false},"excerpt":{"rendered":"<p>[Translate] As farinhas fazem parte da nossa vida que nem pensamos nelas. A farinha de trigo est\u00e1 no p\u00e3o, no biscoito, no bolo. Mas n\u00e3o \u00e9 a \u00fanica e cada farinha tem seu sabor, seu uso. Esta lindeza \u00e9 a &hellip; <a href=\"https:\/\/marisaono.com\/delicia\/2012\/07\/20\/farinhas\/\">Continuar a ler <span class=\"meta-nav\">&rarr;<\/span><\/a><\/p>\n","protected":false},"author":1,"featured_media":5067,"comment_status":"open","ping_status":"open","sticky":false,"template":"","format":"standard","meta":{"spay_email":"","footnotes":"","jetpack_publicize_message":"","jetpack_is_tweetstorm":false},"categories":[16],"tags":[],"jetpack_featured_media_url":"https:\/\/marisaono.com\/delicia\/wp-content\/uploads\/IMG_0483.jpg","jetpack_publicize_connections":[],"jetpack_sharing_enabled":true,"jetpack_shortlink":"https:\/\/wp.me\/sccs7-farinhas","jetpack-related-posts":[{"id":5050,"url":"https:\/\/marisaono.com\/delicia\/2012\/07\/19\/dalva-e-dito-convida-thiago-e-rodrigo-castanho\/","url_meta":{"origin":5066,"position":0},"title":"Dalva e Dito Convida Thiago e Felipe Castanho","date":"Julho 19, 2012","format":false,"excerpt":"Fui almo\u00e7ar no Dalva e Dito. Sim, estava muito curiosa pela comida do Par\u00e1. Confesso que n\u00e3o conhe\u00e7o nada do Brasil do Rio de Janeiro para cima. Como at\u00e9 hoje s\u00f3 conheci lugares para onde fui levada pelas circunst\u00e2ncias (leia-se trabalho), espero que um dia algo me fa\u00e7a ir para\u2026","rel":"","context":"In &quot;Lugares&quot;","img":{"alt_text":"","src":"https:\/\/i2.wp.com\/marisaono.com\/delicia\/wp-content\/uploads\/CIMG1271.jpg?resize=350%2C200&ssl=1","width":350,"height":200},"classes":[]},{"id":4979,"url":"https:\/\/marisaono.com\/delicia\/2012\/07\/03\/paladar-cozinha-do-brasil-dois-extremos\/","url_meta":{"origin":5066,"position":1},"title":"Paladar - Cozinha do Brasil: Dois Extremos","date":"Julho 3, 2012","format":false,"excerpt":"\u00a0 \u00a0 \u00a0 Bem, este post vai ser longo, vou avisando. O leitor do blog costuma gastar cerca de seis minutos por visita e eu creio que vou faz\u00ea-los ficar mais tempo por aqui. \u00a0 Em primeiro lugar, agrade\u00e7o \u00e0 Ol\u00edvia Fraga e a equipe do Paladar, assim como o\u2026","rel":"","context":"In &quot;Lugares&quot;","img":{"alt_text":"","src":"https:\/\/i0.wp.com\/marisaono.com\/delicia\/wp-content\/uploads\/IMG_0311.jpg?resize=350%2C200&ssl=1","width":350,"height":200},"classes":[]},{"id":6070,"url":"https:\/\/marisaono.com\/delicia\/2013\/05\/25\/shoyu-koji-no-moto-farinha-de-arroz-akita-komachi-integral\/","url_meta":{"origin":5066,"position":2},"title":"Shoyu-koji no Moto, Farinha de Arroz Akita Komachi Integral","date":"Maio 25, 2013","format":false,"excerpt":"Hoje ganhei da Telma Shimizu Shiraishi do Aizom\u00ea esse preparado para fazer shoyu-koji. Basta adicionar shoyu, misturar todos os dias durante 1 ou 2 semanas e sair usando em marinadas ou sobre pratos prontos (como um singelo ovo frito ou um peixe grelhado). O shoyu-koji tem um sabor adocicado, que\u2026","rel":"","context":"In &quot;cotidiano&quot;","img":{"alt_text":"","src":"https:\/\/i2.wp.com\/marisaono.com\/delicia\/wp-content\/uploads\/IMG_2372.jpg?resize=350%2C200&ssl=1","width":350,"height":200},"classes":[]},{"id":756,"url":"https:\/\/marisaono.com\/delicia\/2009\/04\/13\/udon\/","url_meta":{"origin":5066,"position":3},"title":"Udon","date":"Abril 13, 2009","format":false,"excerpt":"Fazer essa massa fresca sem ovos \u00e9 uma arte. Apesar de s\u00f3 ir farinha, \u00e1gua e sal, \u00e9 muito dif\u00edcil obter uma massa de qualidade em casa. Publico a receita s\u00f3 a t\u00edtulo de curiosidade. Muitas coisas podem dar errado. Uma das dificuldades \u00e9 obter uma farinha de qualidade. No\u2026","rel":"","context":"In &quot;Culin\u00e1ria japonesa&quot;","img":{"alt_text":"","src":"https:\/\/i1.wp.com\/marisaono.com\/delicia\/wp-content\/uploads\/Udon2.jpg?resize=350%2C200&ssl=1","width":350,"height":200},"classes":[]},{"id":666,"url":"https:\/\/marisaono.com\/delicia\/2009\/03\/08\/shoku-pan-pao-de-forma\/","url_meta":{"origin":5066,"position":4},"title":"Shoku-pan (P\u00e3o de Forma)","date":"Mar\u00e7o 8, 2009","format":false,"excerpt":"Eu raramente tento reproduzir produtos industrializados, por v\u00e1rios motivos: a vers\u00e3o dom\u00e9stica costuma sair mais cara, demanda um bom tempo, \u00e0s vezes exige um equipamento car\u00edssimo e muito espec\u00edfico e o resultado nem sempre \u00e9 satisfat\u00f3rio. No entanto, h\u00e1 tempos estou \u00e0 procura de um p\u00e3o de forma parecido com\u2026","rel":"","context":"In &quot;cotidiano&quot;","img":{"alt_text":"","src":"https:\/\/i1.wp.com\/marisaono.com\/delicia\/wp-content\/uploads\/Shoku-pan-com-emulsificante.jpg?resize=350%2C200&ssl=1","width":350,"height":200},"classes":[]},{"id":5592,"url":"https:\/\/marisaono.com\/delicia\/2012\/12\/28\/empanados-de-forno\/","url_meta":{"origin":5066,"position":5},"title":"Empanados de Forno","date":"Dezembro 28, 2012","format":false,"excerpt":"Escrevo esse post porque perguntaram-me via Facebook sobre essa maneira de preparar vegetais, peixes, carnes. Sim, \u00e9 menos cal\u00f3rico que a milanesa frita. Mas tem uns contras: n\u00e3o tem o mesmo sabor. Fica at\u00e9 que com uma textura sequinha por fora, mas depois de frio tende a ficar seco demais.\u2026","rel":"","context":"In &quot;dicas&quot;","img":{"alt_text":"","src":"https:\/\/i2.wp.com\/marisaono.com\/delicia\/wp-content\/uploads\/IMG_1532.jpg?resize=350%2C200&ssl=1","width":350,"height":200},"classes":[]}],"_links":{"self":[{"href":"https:\/\/marisaono.com\/delicia\/wp-json\/wp\/v2\/posts\/5066"}],"collection":[{"href":"https:\/\/marisaono.com\/delicia\/wp-json\/wp\/v2\/posts"}],"about":[{"href":"https:\/\/marisaono.com\/delicia\/wp-json\/wp\/v2\/types\/post"}],"author":[{"embeddable":true,"href":"https:\/\/marisaono.com\/delicia\/wp-json\/wp\/v2\/users\/1"}],"replies":[{"embeddable":true,"href":"https:\/\/marisaono.com\/delicia\/wp-json\/wp\/v2\/comments?post=5066"}],"version-history":[{"count":1,"href":"https:\/\/marisaono.com\/delicia\/wp-json\/wp\/v2\/posts\/5066\/revisions"}],"predecessor-version":[{"id":5075,"href":"https:\/\/marisaono.com\/delicia\/wp-json\/wp\/v2\/posts\/5066\/revisions\/5075"}],"wp:featuredmedia":[{"embeddable":true,"href":"https:\/\/marisaono.com\/delicia\/wp-json\/wp\/v2\/media\/5067"}],"wp:attachment":[{"href":"https:\/\/marisaono.com\/delicia\/wp-json\/wp\/v2\/media?parent=5066"}],"wp:term":[{"taxonomy":"category","embeddable":true,"href":"https:\/\/marisaono.com\/delicia\/wp-json\/wp\/v2\/categories?post=5066"},{"taxonomy":"post_tag","embeddable":true,"href":"https:\/\/marisaono.com\/delicia\/wp-json\/wp\/v2\/tags?post=5066"}],"curies":[{"name":"wp","href":"https:\/\/api.w.org\/{rel}","templated":true}]}}