{"id":5093,"date":"2012-08-06T22:02:21","date_gmt":"2012-08-07T01:02:21","guid":{"rendered":"http:\/\/marisaono.com\/delicia\/?p=5093"},"modified":"2012-08-06T22:02:21","modified_gmt":"2012-08-07T01:02:21","slug":"costelinha-marinada-no-shio-koji","status":"publish","type":"post","link":"https:\/\/marisaono.com\/delicia\/2012\/08\/06\/costelinha-marinada-no-shio-koji\/","title":{"rendered":"Costelinha Marinada no Shio-koji"},"content":{"rendered":"<div class=\"translate_block\" style=\"display: none;\">\n<a class=\"translate_translate\" id=\"translate_button_post-5093\" lang=\"en\" xml:lang=\"en\" href=\"javascript:show_translate_popup('en', 'post', 5093);\">[Translate]<\/a><img src=\"https:\/\/marisaono.com\/delicia\/wp-content\/plugins\/google-ajax-translation\/transparent.gif\" id=\"translate_loading_post-5093\" class=\"translate_loading\" style=\"display: none;\" width=\"16\" height=\"16\" alt=\"\" \/>\n<hr class=\"translate_hr\" \/>\n<\/div>\n<div id=\"content_div-5093\">\n<p><a href=\"http:\/\/marisaono.com\/delicia\/wp-content\/uploads\/IMG_05781.jpg\"><img loading=\"lazy\" decoding=\"async\" class=\"alignnone size-full wp-image-5094\" title=\"IMG_0578\" src=\"http:\/\/marisaono.com\/delicia\/wp-content\/uploads\/IMG_05781.jpg\" alt=\"\" width=\"480\" height=\"360\" srcset=\"https:\/\/marisaono.com\/delicia\/wp-content\/uploads\/IMG_05781.jpg 480w, https:\/\/marisaono.com\/delicia\/wp-content\/uploads\/IMG_05781-360x270.jpg 360w, https:\/\/marisaono.com\/delicia\/wp-content\/uploads\/IMG_05781-150x113.jpg 150w, https:\/\/marisaono.com\/delicia\/wp-content\/uploads\/IMG_05781-400x300.jpg 400w\" sizes=\"(max-width: 480px) 100vw, 480px\" \/><\/a><\/p>\n<p>H\u00e1 algum tempo comentei que <a href=\"http:\/\/marisaono.com\/delicia\/?p=5040\" target=\"_blank\">havia ganho dois potinhos de shio-koji<\/a>. Shio-koji nada mais \u00e9 que arroz contaminado pelo Aspergillus Oryzae (koji) misturado a sal e \u00e1gua e deixado maturar. Usei para temperar uma costelinha de porco. Acrescentei shoyu pela cor. O resultado foi uma carne com um aroma que ficou entre miso e sake e bem suculento. Sei que ambos s\u00e3o coisas bem diferentes, mas em comum h\u00e1 o pr\u00f3prio koji, em ambos existe o perfume caracter\u00edstico da fermenta\u00e7\u00e3o. \u00c9 uma op\u00e7\u00e3o para quem acha o sabor do miso muito forte ou n\u00e3o quer a cor marrom no prato.<\/p>\n<p>Para cerca de 600 gramas de porco, usei 1 colher de sopa (rasa) de shio-koji, cerca de 1 colher de shoyu e um pouco de mirim (se n\u00e3o tiver, use um pouco de glucose de milho) para dar uma cor mais avermelhada. Deixei na geladeira por umas 4 horas e assei naquelas churrasqueiras de fog\u00e3o, da\u00ed o dourado irregular. Se tivesse assado no forno a cor seria mais bonita.<\/p>\n<a href=\"https:\/\/www.freetellafriend.com\/tell\/?url=https%3A%2F%2Fmarisaono.com%2Fdelicia%2F2012%2F08%2F06%2Fcostelinha-marinada-no-shio-koji%2F&title=Costelinha+Marinada+no+Shio-koji\" onclick=\"window.open('https:\/\/www.freetellafriend.com\/tell\/?url=https%3A%2F%2Fmarisaono.com%2Fdelicia%2F2012%2F08%2F06%2Fcostelinha-marinada-no-shio-koji%2F&title=Costelinha+Marinada+no+Shio-koji', 'freetellafriend', 'scrollbars=1,menubar=0,width=617,height=530,resizable=1,toolbar=0,location=0,status=0,screenX=210,screenY=100,left=210,top=100'); return false;\" target=\"_blank\" title=\"Share This Post\"><img decoding=\"async\" src=\"http:\/\/marisaono.com\/delicia\/wp-content\/plugins\/tell-a-friend\/button.gif\" style=\"width:127px;height:16px;border:0px;\" alt=\"Share This Post\" title=\"Share This Post\" \/><\/a><\/div>\n","protected":false},"excerpt":{"rendered":"<p>[Translate] H\u00e1 algum tempo comentei que havia ganho dois potinhos de shio-koji. Shio-koji nada mais \u00e9 que arroz contaminado pelo Aspergillus Oryzae (koji) misturado a sal e \u00e1gua e deixado maturar. Usei para temperar uma costelinha de porco. Acrescentei shoyu &hellip; <a href=\"https:\/\/marisaono.com\/delicia\/2012\/08\/06\/costelinha-marinada-no-shio-koji\/\">Continuar a ler <span class=\"meta-nav\">&rarr;<\/span><\/a><\/p>\n","protected":false},"author":1,"featured_media":5094,"comment_status":"open","ping_status":"open","sticky":false,"template":"","format":"standard","meta":{"spay_email":"","footnotes":"","jetpack_publicize_message":"","jetpack_is_tweetstorm":false},"categories":[16,51,256],"tags":[106,208,73],"jetpack_featured_media_url":"https:\/\/marisaono.com\/delicia\/wp-content\/uploads\/IMG_05781.jpg","jetpack_publicize_connections":[],"jetpack_sharing_enabled":true,"jetpack_shortlink":"https:\/\/wp.me\/pccs7-1k9","jetpack-related-posts":[{"id":6508,"url":"https:\/\/marisaono.com\/delicia\/2013\/09\/11\/costelinha-de-porco-no-shio-koji-e-gochujang\/","url_meta":{"origin":5093,"position":0},"title":"Costelinha de Porco no Shio-Koji e Gochujang","date":"Setembro 11, 2013","format":false,"excerpt":"A pasta de pimenta coreana gochujang tem uma cor fabulosa. Se n\u00e3o conhece, experimente. Geralmente \u00e9 vendida em potes retangulares. Tem uma consist\u00eancia de goiabada, \u00e9 bem densa e, apesar da cor, n\u00e3o \u00e9 t\u00e3o picante quanto parece. Gosto de usa-la em marinadas e refogados. J\u00e1 o shio-koji tem a\u2026","rel":"","context":"In &quot;F\u00e1cil&quot;","img":{"alt_text":"","src":"https:\/\/i1.wp.com\/marisaono.com\/delicia\/wp-content\/uploads\/IMG_2953.jpg?resize=350%2C200&ssl=1","width":350,"height":200},"classes":[]},{"id":5688,"url":"https:\/\/marisaono.com\/delicia\/2013\/01\/31\/frango-tandoori-com-shio-koji\/","url_meta":{"origin":5093,"position":1},"title":"Frango Tandoori com Shio-koji","date":"Janeiro 31, 2013","format":false,"excerpt":"Ganhei um mix de temperos para o frango tandoori (Tandoori Masala). N\u00e3o \u00e9 t\u00e3o picante (pelo menos o que ganhei). \u00c9 uma mistura de cominho, coentro, gengibre, pimenta vermelha, macis, canela... Creio que exista algo assim para comprar. Na falta, creio que essa receita ficar\u00e1 boa tamb\u00e9m substituindo essa mistura\u2026","rel":"","context":"In &quot;F\u00e1cil&quot;","img":{"alt_text":"","src":"https:\/\/i1.wp.com\/marisaono.com\/delicia\/wp-content\/uploads\/IMG_1685.jpg?resize=350%2C200&ssl=1","width":350,"height":200},"classes":[]},{"id":9017,"url":"https:\/\/marisaono.com\/delicia\/2016\/06\/18\/sesc-belenzinho-fermentados\/","url_meta":{"origin":5093,"position":2},"title":"Sesc Belenzinho - Fermentados","date":"Junho 18, 2016","format":false,"excerpt":"Quinta-feira passada pude falar sobre fermentados no Sesc Belenzinho. Como prometi aos participantes, aqui listo as receitas que faltaram: Miso passo-a-passo, s\u00f3 acrescento que uso cerca de 200 ml de vodka para 3 kg de massa pronta, sobretudo quando fa\u00e7o miso no ver\u00e3o. http:\/\/marisaono.com\/delicia\/2009\/09\/27\/misso-passo-a-passo\/ Conserva de Vegetais no Miso, a\u2026","rel":"","context":"In \"dashi\"","img":{"alt_text":"","src":"","width":0,"height":0},"classes":[]},{"id":5105,"url":"https:\/\/marisaono.com\/delicia\/2012\/08\/13\/hakusai-no-shio-koji-tsuke-conserva-de-acelga-com-shio-koji\/","url_meta":{"origin":5093,"position":3},"title":"Hakusai no Shio-koji Tsuke (Conserva de Acelga com Shio-koji)","date":"Agosto 13, 2012","format":false,"excerpt":"Outro dia comentei sobre o shio-koji. Para quem tem acesso ao koji (arroz cozido e onde desenvolveu-se o Aspergillus Oryzae), basta misturar 500 gramas de koji, 170 gramas de sal e cerca de 600 ml de \u00e1gua. Deixe descansar por 2 semanas ou mais. Pode ser que desenvolva um pouco\u2026","rel":"","context":"In &quot;Entrada&quot;","img":{"alt_text":"","src":"https:\/\/i1.wp.com\/marisaono.com\/delicia\/wp-content\/uploads\/IMG_05861.jpg?resize=350%2C200&ssl=1","width":350,"height":200},"classes":[]},{"id":11473,"url":"https:\/\/marisaono.com\/delicia\/2025\/01\/12\/agenda-12\/","url_meta":{"origin":5093,"position":4},"title":"Agenda","date":"Janeiro 12, 2025","format":false,"excerpt":"Lamen Quando: Dia 18 de janeiro, s\u00e1bado, das 11 \u00e0s 15 horas.Onde: No Instituto S\u00e3o Paulo Antiga, R. Cachoeira, 691 - BelenzinhoReceitas apresentadas: Massa, caldo \u00e0 base de porco e frango, chashu (porco marinado) e os molhos \u00e0 base de shoyu e miso. Instru\u00e7\u00f5es sobre insumos e t\u00e9cnicas. Almo\u00e7o com\u2026","rel":"","context":"Similar post","img":{"alt_text":"","src":"","width":0,"height":0},"classes":[]},{"id":5902,"url":"https:\/\/marisaono.com\/delicia\/2013\/03\/25\/koji-outros-fermentados-alem-do-shoyu-e-do-miso\/","url_meta":{"origin":5093,"position":5},"title":"Koji: Outros Fermentados Al\u00e9m do Shoyu e do Miso","date":"Mar\u00e7o 25, 2013","format":false,"excerpt":"J\u00e1 falei sobre o koji: \u00e9 arroz onde se desenvolve o fungo Aspergillus Oryzae. Ele \u00e9 a base para a produ\u00e7\u00e3o de sake, do mirin (bebida licorosa \u00e0 base de arroz), do miso. Sobre a maneira de fazer miso eu comentei aqui: http:\/\/marisaono.com\/delicia\/?p=1643 Nos \u00faltimos meses andei brincando com outras\u2026","rel":"","context":"In &quot;conservas&quot;","img":{"alt_text":"","src":"https:\/\/i1.wp.com\/marisaono.com\/delicia\/wp-content\/uploads\/IMG_2006.jpg?resize=350%2C200&ssl=1","width":350,"height":200},"classes":[]}],"_links":{"self":[{"href":"https:\/\/marisaono.com\/delicia\/wp-json\/wp\/v2\/posts\/5093"}],"collection":[{"href":"https:\/\/marisaono.com\/delicia\/wp-json\/wp\/v2\/posts"}],"about":[{"href":"https:\/\/marisaono.com\/delicia\/wp-json\/wp\/v2\/types\/post"}],"author":[{"embeddable":true,"href":"https:\/\/marisaono.com\/delicia\/wp-json\/wp\/v2\/users\/1"}],"replies":[{"embeddable":true,"href":"https:\/\/marisaono.com\/delicia\/wp-json\/wp\/v2\/comments?post=5093"}],"version-history":[{"count":2,"href":"https:\/\/marisaono.com\/delicia\/wp-json\/wp\/v2\/posts\/5093\/revisions"}],"predecessor-version":[{"id":5096,"href":"https:\/\/marisaono.com\/delicia\/wp-json\/wp\/v2\/posts\/5093\/revisions\/5096"}],"wp:featuredmedia":[{"embeddable":true,"href":"https:\/\/marisaono.com\/delicia\/wp-json\/wp\/v2\/media\/5094"}],"wp:attachment":[{"href":"https:\/\/marisaono.com\/delicia\/wp-json\/wp\/v2\/media?parent=5093"}],"wp:term":[{"taxonomy":"category","embeddable":true,"href":"https:\/\/marisaono.com\/delicia\/wp-json\/wp\/v2\/categories?post=5093"},{"taxonomy":"post_tag","embeddable":true,"href":"https:\/\/marisaono.com\/delicia\/wp-json\/wp\/v2\/tags?post=5093"}],"curies":[{"name":"wp","href":"https:\/\/api.w.org\/{rel}","templated":true}]}}