{"id":5167,"date":"2012-09-07T22:13:55","date_gmt":"2012-09-08T01:13:55","guid":{"rendered":"http:\/\/marisaono.com\/delicia\/?p=5167"},"modified":"2012-09-07T22:13:55","modified_gmt":"2012-09-08T01:13:55","slug":"tarte-aux-poires","status":"publish","type":"post","link":"https:\/\/marisaono.com\/delicia\/2012\/09\/07\/tarte-aux-poires\/","title":{"rendered":"Tarte Aux Poires"},"content":{"rendered":"<div class=\"translate_block\" style=\"display: none;\">\n<a class=\"translate_translate\" id=\"translate_button_post-5167\" lang=\"en\" xml:lang=\"en\" href=\"javascript:show_translate_popup('en', 'post', 5167);\">[Translate]<\/a><img src=\"https:\/\/marisaono.com\/delicia\/wp-content\/plugins\/google-ajax-translation\/transparent.gif\" id=\"translate_loading_post-5167\" class=\"translate_loading\" style=\"display: none;\" width=\"16\" height=\"16\" alt=\"\" \/>\n<hr class=\"translate_hr\" \/>\n<\/div>\n<div id=\"content_div-5167\">\n<p><a href=\"http:\/\/marisaono.com\/delicia\/wp-content\/uploads\/IMG_0737.jpg\"><img loading=\"lazy\" decoding=\"async\" class=\"alignnone size-full wp-image-5168\" title=\"IMG_0737\" src=\"http:\/\/marisaono.com\/delicia\/wp-content\/uploads\/IMG_0737.jpg\" alt=\"\" width=\"360\" height=\"480\" srcset=\"https:\/\/marisaono.com\/delicia\/wp-content\/uploads\/IMG_0737.jpg 360w, https:\/\/marisaono.com\/delicia\/wp-content\/uploads\/IMG_0737-202x270.jpg 202w\" sizes=\"(max-width: 360px) 100vw, 360px\" \/><\/a><\/p>\n<p>Esta torta \u00e9 a minha favorita e n\u00e3o sei como ainda n\u00e3o publiquei. \u00c9 delicada, os sabores e texturas combinam muito bem e n\u00e3o \u00e9 dif\u00edcil de fazer. J\u00e1 vou avisando que n\u00e3o \u00e9 muito doce. Aproveitei umas peras que eram mais firmes (Abatte Fetel). Prefiro comer essa torta \u00e0 temperatura ambiente.<\/p>\n<p><a href=\"http:\/\/marisaono.com\/delicia\/wp-content\/uploads\/IMG_0732.jpg\"><img loading=\"lazy\" decoding=\"async\" class=\"alignnone size-full wp-image-5170\" title=\"IMG_0732\" src=\"http:\/\/marisaono.com\/delicia\/wp-content\/uploads\/IMG_0732.jpg\" alt=\"\" width=\"480\" height=\"360\" srcset=\"https:\/\/marisaono.com\/delicia\/wp-content\/uploads\/IMG_0732.jpg 480w, https:\/\/marisaono.com\/delicia\/wp-content\/uploads\/IMG_0732-360x270.jpg 360w\" sizes=\"(max-width: 480px) 100vw, 480px\" \/><\/a><\/p>\n<p>Descasque e parta ao meio 4 peras. Conforme for descascando, coloque-as em \u00e1gua com suco de lim\u00e3o para que n\u00e3o escure\u00e7am. Cozinhe com \u00e1gua, a\u00e7\u00facar e um pouco de lim\u00e3o at\u00e9 que fiquem macias. N\u00e3o dou quantidade de a\u00e7\u00facar, fica a seu gosto. Eu prefiro usar pouco a\u00e7\u00facar. Deixe esfriar e escorra da calda.<\/p>\n<p>Para a massa:<\/p>\n<p>150 gramas de manteiga amolecida<\/p>\n<p>100 gramas de a\u00e7\u00facar de confeiteiro<\/p>\n<p>1 ovo m\u00e9dio<\/p>\n<p>250 gramas de farinha de trigo<\/p>\n<p>Bata o a\u00e7\u00facar com a manteiga. Adicione o ovo, bata mais um pouco e adicione a farinha. Misture com uma esp\u00e1tula. Cubra com um filme pl\u00e1stico e leve \u00e0 geladeira por 2 horas ou mais, at\u00e9 ficar bem firme.<\/p>\n<p>Divida a massa ao meio. Embrulhe uma parte em um filme pl\u00e1stico e guarde. Pode congelar e usar mais tarde.<\/p>\n<p>A outra parte, divida ao meio e abra fino (3 mm de espessura). Fica mais f\u00e1cil se abrir entre dois peda\u00e7os de filme pl\u00e1stico. Forre duas formas para quiche com 16 cm de di\u00e2metro.<\/p>\n<p>Para o recheio:<\/p>\n<p>60 gramas de manteiga amolecida<\/p>\n<p>60 gramas de a\u00e7\u00facar<\/p>\n<p>60 gramas de ovo (um ovo grande)<\/p>\n<p>60 gramas de farinha de am\u00eandoa<\/p>\n<p>Gotas de baunilha &#8211; se puder, use um bom \u00f3leo de baunilha<\/p>\n<p>Bata a manteiga com o a\u00e7\u00facar, adicione o ovo, bata mais um pouco, adicione a farinha de am\u00eandoa e a baunilha e misture. Divida entre as duas formas e alise com as costas de uma colher.<\/p>\n<p>Sobre a pasta de am\u00eandoa arrume 4 metades de pera cozida. Leve ao forno m\u00e9dio, pr\u00e9-aquecido, at\u00e9 que as bordas fiquem bem douradas. Espere esfriar antes de cortar. Para uma apar\u00eancia perfeita, pincele com geleia de damasco.<\/p>\n<a href=\"https:\/\/www.freetellafriend.com\/tell\/?url=https%3A%2F%2Fmarisaono.com%2Fdelicia%2F2012%2F09%2F07%2Ftarte-aux-poires%2F&title=Tarte+Aux+Poires\" onclick=\"window.open('https:\/\/www.freetellafriend.com\/tell\/?url=https%3A%2F%2Fmarisaono.com%2Fdelicia%2F2012%2F09%2F07%2Ftarte-aux-poires%2F&title=Tarte+Aux+Poires', 'freetellafriend', 'scrollbars=1,menubar=0,width=617,height=530,resizable=1,toolbar=0,location=0,status=0,screenX=210,screenY=100,left=210,top=100'); return false;\" target=\"_blank\" title=\"Share This Post\"><img decoding=\"async\" src=\"http:\/\/marisaono.com\/delicia\/wp-content\/plugins\/tell-a-friend\/button.gif\" style=\"width:127px;height:16px;border:0px;\" alt=\"Share This Post\" title=\"Share This Post\" \/><\/a><\/div>\n","protected":false},"excerpt":{"rendered":"<p>[Translate] Esta torta \u00e9 a minha favorita e n\u00e3o sei como ainda n\u00e3o publiquei. \u00c9 delicada, os sabores e texturas combinam muito bem e n\u00e3o \u00e9 dif\u00edcil de fazer. J\u00e1 vou avisando que n\u00e3o \u00e9 muito doce. Aproveitei umas peras &hellip; <a href=\"https:\/\/marisaono.com\/delicia\/2012\/09\/07\/tarte-aux-poires\/\">Continuar a ler <span class=\"meta-nav\">&rarr;<\/span><\/a><\/p>\n","protected":false},"author":1,"featured_media":5168,"comment_status":"open","ping_status":"open","sticky":false,"template":"","format":"standard","meta":{"spay_email":"","footnotes":"","jetpack_publicize_message":"","jetpack_is_tweetstorm":false},"categories":[18,256],"tags":[107,102,65],"jetpack_featured_media_url":"https:\/\/marisaono.com\/delicia\/wp-content\/uploads\/IMG_0737.jpg","jetpack_publicize_connections":[],"jetpack_sharing_enabled":true,"jetpack_shortlink":"https:\/\/wp.me\/pccs7-1ll","jetpack-related-posts":[{"id":2078,"url":"https:\/\/marisaono.com\/delicia\/2010\/03\/19\/torta-de-caqui\/","url_meta":{"origin":5167,"position":0},"title":"Torta de Caqui","date":"Mar\u00e7o 19, 2010","format":false,"excerpt":"Est\u00e1 na \u00e9poca de caqui. No Jap\u00e3o diziam que era rico em fibras e licopeno. Confesso que n\u00e3o fui atr\u00e1s da informa\u00e7\u00e3o. E tamb\u00e9m confesso que nunca fui f\u00e3 do caqui molengo, prefiro do tipo mais firme, durinho. Mas com tantos caquis em casa, mais do que eu poderia consumir,\u2026","rel":"","context":"In &quot;Doces&quot;","img":{"alt_text":"","src":"https:\/\/i1.wp.com\/marisaono.com\/delicia\/wp-content\/uploads\/Torta-de-Caqui.jpg?resize=350%2C200&ssl=1","width":350,"height":200},"classes":[]},{"id":5653,"url":"https:\/\/marisaono.com\/delicia\/2013\/01\/19\/torta-suica-de-cerejas\/","url_meta":{"origin":5167,"position":1},"title":"Torta Su\u00ed\u00e7a de Cerejas","date":"Janeiro 19, 2013","format":false,"excerpt":"As cerejas chilenas estavam muito maduras, faltando muito pouco para passar. \u00a0Por isso estava muito baratas: R$12,00\/kg. Aproveitei para fazer essa torta que, se n\u00e3o me engano, s\u00f3 fiz uma vez, h\u00e1 muito tempo. Trata-se de uma crosta crocante recheada com cerejas suculentas, creme de am\u00eandoas e um glac\u00ea de\u2026","rel":"","context":"In &quot;Doces&quot;","img":{"alt_text":"","src":"https:\/\/i1.wp.com\/marisaono.com\/delicia\/wp-content\/uploads\/IMG_1656.jpg?resize=350%2C200&ssl=1","width":350,"height":200},"classes":[]},{"id":2413,"url":"https:\/\/marisaono.com\/delicia\/2010\/07\/14\/tarte-genevoise\/","url_meta":{"origin":5167,"position":2},"title":"Tarte Genevoise","date":"Julho 14, 2010","format":false,"excerpt":"Eu pretendia publicar uma receita de kare-pan. Mas o fato \u00e9 que n\u00e3o ficou bom. Outro dia fa\u00e7o novamente e at\u00e9 l\u00e1 penso no que deu errado desta vez. Em vez disso, publico a torta de ma\u00e7\u00e3s que fiz neste final de semana. Mas n\u00e3o \u00e9 uma torta de ma\u00e7\u00e3\u2026","rel":"","context":"In &quot;Doces&quot;","img":{"alt_text":"","src":"https:\/\/i0.wp.com\/marisaono.com\/delicia\/wp-content\/uploads\/tarte-genvoise.jpg?resize=350%2C200&ssl=1","width":350,"height":200},"classes":[]},{"id":2014,"url":"https:\/\/marisaono.com\/delicia\/2010\/02\/26\/torta-de-maca-verde\/","url_meta":{"origin":5167,"position":3},"title":"Torta de Ma\u00e7\u00e3 Verde","date":"Fevereiro 26, 2010","format":false,"excerpt":"Resolvi fazer essa torta porque encontrei ma\u00e7\u00e3s verdes em uma promo\u00e7\u00e3o. 6 por apenas R$3,00. Mas pode ser feita com bananas, p\u00eassegos, abacaxi, pera ou outra fruta que possa ser cozida ou at\u00e9 mesmo gel\u00e9ia. Massa: 300 gramas de farinha de trigo 50 gramas de a\u00e7\u00facar 12 gramas de fermento\u2026","rel":"","context":"In &quot;Doces&quot;","img":{"alt_text":"","src":"https:\/\/i2.wp.com\/marisaono.com\/delicia\/wp-content\/uploads\/IMG_4601.jpg?resize=350%2C200&ssl=1","width":350,"height":200},"classes":[]},{"id":3621,"url":"https:\/\/marisaono.com\/delicia\/2011\/09\/18\/torta-de-maca\/","url_meta":{"origin":5167,"position":4},"title":"Torta de Ma\u00e7\u00e3","date":"Setembro 18, 2011","format":false,"excerpt":"Confesso, quando era crian\u00e7a, tinha uma curiosidade enorme em saber como eram as tortas de ma\u00e7\u00e3 da Vov\u00f3 Donalda. \u00a0Bem, a minha inf\u00e2ncia n\u00e3o foi cheia de tortas doces. Torta de ma\u00e7\u00e3, que eu me lembre, era uma massa recheada com creme e fatias finas de ma\u00e7\u00e3 crua em cima.\u2026","rel":"","context":"In &quot;Doces&quot;","img":{"alt_text":"","src":"https:\/\/i1.wp.com\/marisaono.com\/delicia\/wp-content\/uploads\/IMG_0544.jpg?resize=350%2C200&ssl=1","width":350,"height":200},"classes":[]},{"id":6141,"url":"https:\/\/marisaono.com\/delicia\/2013\/06\/11\/bolo-de-banana-caramelada\/","url_meta":{"origin":5167,"position":5},"title":"Bolo de Banana Caramelada","date":"Junho 11, 2013","format":false,"excerpt":"Publiquei a foto no Facebook e, quem diria, muita gente gosta desse doce, alguns queriam a receita. Fiz porque haviam 8 bananas-prata bem gorduchas rendendo e sobrou apenas uma. E tamb\u00e9m porque \u00e9 uma receita f\u00e1cil, r\u00e1pida. D\u00e1 certinho em uma forma que tenho aqui, com 24 cm de di\u00e2metro.\u2026","rel":"","context":"In &quot;Doces&quot;","img":{"alt_text":"","src":"https:\/\/i2.wp.com\/marisaono.com\/delicia\/wp-content\/uploads\/IMG_2449.jpg?resize=350%2C200&ssl=1","width":350,"height":200},"classes":[]}],"_links":{"self":[{"href":"https:\/\/marisaono.com\/delicia\/wp-json\/wp\/v2\/posts\/5167"}],"collection":[{"href":"https:\/\/marisaono.com\/delicia\/wp-json\/wp\/v2\/posts"}],"about":[{"href":"https:\/\/marisaono.com\/delicia\/wp-json\/wp\/v2\/types\/post"}],"author":[{"embeddable":true,"href":"https:\/\/marisaono.com\/delicia\/wp-json\/wp\/v2\/users\/1"}],"replies":[{"embeddable":true,"href":"https:\/\/marisaono.com\/delicia\/wp-json\/wp\/v2\/comments?post=5167"}],"version-history":[{"count":2,"href":"https:\/\/marisaono.com\/delicia\/wp-json\/wp\/v2\/posts\/5167\/revisions"}],"predecessor-version":[{"id":5172,"href":"https:\/\/marisaono.com\/delicia\/wp-json\/wp\/v2\/posts\/5167\/revisions\/5172"}],"wp:featuredmedia":[{"embeddable":true,"href":"https:\/\/marisaono.com\/delicia\/wp-json\/wp\/v2\/media\/5168"}],"wp:attachment":[{"href":"https:\/\/marisaono.com\/delicia\/wp-json\/wp\/v2\/media?parent=5167"}],"wp:term":[{"taxonomy":"category","embeddable":true,"href":"https:\/\/marisaono.com\/delicia\/wp-json\/wp\/v2\/categories?post=5167"},{"taxonomy":"post_tag","embeddable":true,"href":"https:\/\/marisaono.com\/delicia\/wp-json\/wp\/v2\/tags?post=5167"}],"curies":[{"name":"wp","href":"https:\/\/api.w.org\/{rel}","templated":true}]}}