{"id":5216,"date":"2012-09-20T15:54:16","date_gmt":"2012-09-20T18:54:16","guid":{"rendered":"http:\/\/marisaono.com\/delicia\/?p=5216"},"modified":"2012-09-20T15:54:16","modified_gmt":"2012-09-20T18:54:16","slug":"26-chefs-no-mercado-de-pinheiros","status":"publish","type":"post","link":"https:\/\/marisaono.com\/delicia\/2012\/09\/20\/26-chefs-no-mercado-de-pinheiros\/","title":{"rendered":"26 Chefs no Mercado de Pinheiros"},"content":{"rendered":"<div class=\"translate_block\" style=\"display: none;\">\n<a class=\"translate_translate\" id=\"translate_button_post-5216\" lang=\"en\" xml:lang=\"en\" href=\"javascript:show_translate_popup('en', 'post', 5216);\">[Translate]<\/a><img src=\"https:\/\/marisaono.com\/delicia\/wp-content\/plugins\/google-ajax-translation\/transparent.gif\" id=\"translate_loading_post-5216\" class=\"translate_loading\" style=\"display: none;\" width=\"16\" height=\"16\" alt=\"\" \/>\n<hr class=\"translate_hr\" \/>\n<\/div>\n<div id=\"content_div-5216\">\n<p>Vai ser neste domingo, a partir do meio-dia. O evento, parecido com o que aconteceu na virada cultural, vai reunir chefs que levar\u00e3o amostras de seus trabalhos. Vai ter um pouco de tudo: comida brasileira, italiana, vegetariana, p\u00e3es, doces&#8230; Sim, acredito que haver\u00e1 muita gente e fila, mas isso \u00e9 natural em um evento popular. Para quem que j\u00e1 est\u00e1 acostumado a ir a feiras, festivais e feiras, \u00e9 s\u00f3 ir munido de tempo e um pouco de paci\u00eancia.<\/p>\n<p>&nbsp;<\/p>\n<p>Mais informa\u00e7\u00f5es aqui:<\/p>\n<p><a href=\"http:\/\/marcelokatsuki.blogfolha.uol.com.br\/2012\/09\/01\/mani-e-dom\/\">http:\/\/marcelokatsuki.blogfolha.uol.com.br\/2012\/09\/01\/mani-e-dom\/<\/a><\/p>\n<p>&nbsp;<\/p>\n<p>E aqui:<\/p>\n<p><a href=\"http:\/\/blogs.estadao.com.br\/paladar\/o-mercado-leva-26-chefs-para-o-mercado-de-pinheiros\/\">http:\/\/blogs.estadao.com.br\/paladar\/o-mercado-leva-26-chefs-para-o-mercado-de-pinheiros\/<\/a><\/p>\n<p>E dizem que far\u00e1 tempo bom, sem chuva, no domingo. Bom programa, n\u00e3o?<\/p>\n<p>&nbsp;<\/p>\n<a href=\"https:\/\/www.freetellafriend.com\/tell\/?url=https%3A%2F%2Fmarisaono.com%2Fdelicia%2F2012%2F09%2F20%2F26-chefs-no-mercado-de-pinheiros%2F&title=26+Chefs+no+Mercado+de+Pinheiros\" onclick=\"window.open('https:\/\/www.freetellafriend.com\/tell\/?url=https%3A%2F%2Fmarisaono.com%2Fdelicia%2F2012%2F09%2F20%2F26-chefs-no-mercado-de-pinheiros%2F&title=26+Chefs+no+Mercado+de+Pinheiros', 'freetellafriend', 'scrollbars=1,menubar=0,width=617,height=530,resizable=1,toolbar=0,location=0,status=0,screenX=210,screenY=100,left=210,top=100'); return false;\" target=\"_blank\" title=\"Share This Post\"><img decoding=\"async\" src=\"http:\/\/marisaono.com\/delicia\/wp-content\/plugins\/tell-a-friend\/button.gif\" style=\"width:127px;height:16px;border:0px;\" alt=\"Share This Post\" title=\"Share This Post\" \/><\/a><\/div>\n","protected":false},"excerpt":{"rendered":"<p>[Translate] Vai ser neste domingo, a partir do meio-dia. O evento, parecido com o que aconteceu na virada cultural, vai reunir chefs que levar\u00e3o amostras de seus trabalhos. Vai ter um pouco de tudo: comida brasileira, italiana, vegetariana, p\u00e3es, doces&#8230; &hellip; <a href=\"https:\/\/marisaono.com\/delicia\/2012\/09\/20\/26-chefs-no-mercado-de-pinheiros\/\">Continuar a ler <span class=\"meta-nav\">&rarr;<\/span><\/a><\/p>\n","protected":false},"author":1,"featured_media":0,"comment_status":"open","ping_status":"open","sticky":false,"template":"","format":"standard","meta":{"spay_email":"","footnotes":"","jetpack_publicize_message":"","jetpack_is_tweetstorm":false},"categories":[17],"tags":[],"jetpack_featured_media_url":"","jetpack_publicize_connections":[],"jetpack_sharing_enabled":true,"jetpack_shortlink":"https:\/\/wp.me\/pccs7-1m8","jetpack-related-posts":[{"id":4883,"url":"https:\/\/marisaono.com\/delicia\/2012\/05\/20\/paladar-cozinha-do-brasil\/","url_meta":{"origin":5216,"position":0},"title":"Paladar - Cozinha do Brasil","date":"Maio 20, 2012","format":false,"excerpt":"N\u00e3o \u00e9 uma not\u00edcia nova, mas ainda n\u00e3o comentei. Nos dias 29,30 de junho e 1 de julho vai ser realizado uma s\u00e9rie de aulas, palestras e \u00a0degusta\u00e7\u00f5es nas salas do hotel Grand Hyatt, em S\u00e3o Paulo. No ano passado, a Neide Rigo, do Come-se, levou um grupo para fora\u2026","rel":"","context":"With 1 comment","img":{"alt_text":"","src":"","width":0,"height":0},"classes":[]},{"id":2343,"url":"https:\/\/marisaono.com\/delicia\/2010\/06\/15\/eventos-e-festivais\/","url_meta":{"origin":5216,"position":1},"title":"Eventos e Festivais","date":"Junho 15, 2010","format":false,"excerpt":"No dia 26\/06 ser\u00e1 realizado o Sukiyaki do Bem 2010, no Grand Hyatt S\u00e3o Paulo (Av Na\u00e7\u00f5es Unidas 13.301), com a presen\u00e7a dos Chefs Adriano Kanashiro, Shinya Koike, Laurent Grolleau e Erika Okazaki. Mais informa\u00e7\u00f5es no site: http:\/\/www.sukiyakidobem.com.br\/telas\/sukiyaki-do-bem.html O terceiro Japan Lapa Festival vai ser realizado nos dias 26 e\u2026","rel":"","context":"In &quot;Culin\u00e1ria japonesa&quot;","img":{"alt_text":"","src":"","width":0,"height":0},"classes":[]},{"id":6448,"url":"https:\/\/marisaono.com\/delicia\/2013\/08\/27\/festival-do-lamen-sukiyaki-do-bem\/","url_meta":{"origin":5216,"position":2},"title":"Festival do Lamen, Sukiyaki do Bem","date":"Agosto 27, 2013","format":false,"excerpt":"A Associa\u00e7\u00e3o da prov\u00edncia de Hokkaido promove neste domingo o 17\u00b0 Festival do L\u00e1men, a partir das 11 horas. Tamb\u00e9m ser\u00e3o comercializados ichigo-daifuku, anmitsu, okowa de hijiki (uma alga que dizer que \u00e9 rica em ferro) e churrasco. N\u00e3o sabia da exist\u00eancia mas me garantiram que \u00e9 bem concorrido. Fica\u2026","rel":"","context":"In &quot;Culin\u00e1ria japonesa&quot;","img":{"alt_text":"","src":"https:\/\/i2.wp.com\/marisaono.com\/delicia\/wp-content\/uploads\/festival-do-lamen.jpg?resize=350%2C200&ssl=1","width":350,"height":200},"classes":[]},{"id":7779,"url":"https:\/\/marisaono.com\/delicia\/2014\/08\/14\/agenda-da-semana-2\/","url_meta":{"origin":5216,"position":3},"title":"Agenda da Semana","date":"Agosto 14, 2014","format":false,"excerpt":"\u00a0 Esfriou, n\u00e3o? Tem oden na Jer\u00f4nimo da Veiga 74 neste s\u00e1bado. Para quem n\u00e3o conhece, \u00e9 um cozido com um caldo claro que pode levar os mais diversos ingredientes. No caso deste a\u00ed, vai ter nabo (daikon), ovo, chikuwa (um rolinho \u00e0 base de massa de peixe), satsuma age\u2026","rel":"","context":"In &quot;Lugares&quot;","img":{"alt_text":"","src":"https:\/\/i2.wp.com\/marisaono.com\/delicia\/wp-content\/uploads\/14883615674_8d04ae27f3_n.jpg?resize=350%2C200&ssl=1","width":350,"height":200},"classes":[]},{"id":4811,"url":"https:\/\/marisaono.com\/delicia\/2012\/05\/02\/chefs-na-rua\/","url_meta":{"origin":5216,"position":4},"title":"Chefs na Rua","date":"Maio 2, 2012","format":false,"excerpt":"A virada cultural de S\u00e3o Paulo, que come\u00e7a no pr\u00f3ximo s\u00e1bado \u00e0s 18 horas e dura 24 horas vai ter um elemento novo: 20 barracas oferecendo comida simples feitas por chefs famosos. Alex Atala serve a galinhada \u00e0 meia-noite no minhoc\u00e3o. Durante a madrugada, sopa do chef Eric Jaquin. Estes\u2026","rel":"","context":"In &quot;Lugares&quot;","img":{"alt_text":"","src":"","width":0,"height":0},"classes":[]},{"id":9642,"url":"https:\/\/marisaono.com\/delicia\/2017\/09\/14\/agenda-4\/","url_meta":{"origin":5216,"position":5},"title":"Agenda","date":"Setembro 14, 2017","format":false,"excerpt":"Algu\u00e9m interessado em aprender a fazer bacon? Dia 24 de setembro, a partir das 10, aqui em casa. Al\u00e9m de bacon, ensino a fazer pernil e pastrami. Falo sobre salga, cura e op\u00e7\u00f5es de defumadores, al\u00e9m de madeiras ideais para defuma\u00e7\u00e3o e porqu\u00ea a escolha. Depois tem almo\u00e7o com as\u2026","rel":"","context":"Similar post","img":{"alt_text":"","src":"https:\/\/i0.wp.com\/marisaono.com\/delicia\/wp-content\/uploads\/asian-sea-food-show-e1505351501838.jpg?resize=350%2C200&ssl=1","width":350,"height":200},"classes":[]}],"_links":{"self":[{"href":"https:\/\/marisaono.com\/delicia\/wp-json\/wp\/v2\/posts\/5216"}],"collection":[{"href":"https:\/\/marisaono.com\/delicia\/wp-json\/wp\/v2\/posts"}],"about":[{"href":"https:\/\/marisaono.com\/delicia\/wp-json\/wp\/v2\/types\/post"}],"author":[{"embeddable":true,"href":"https:\/\/marisaono.com\/delicia\/wp-json\/wp\/v2\/users\/1"}],"replies":[{"embeddable":true,"href":"https:\/\/marisaono.com\/delicia\/wp-json\/wp\/v2\/comments?post=5216"}],"version-history":[{"count":1,"href":"https:\/\/marisaono.com\/delicia\/wp-json\/wp\/v2\/posts\/5216\/revisions"}],"predecessor-version":[{"id":5217,"href":"https:\/\/marisaono.com\/delicia\/wp-json\/wp\/v2\/posts\/5216\/revisions\/5217"}],"wp:attachment":[{"href":"https:\/\/marisaono.com\/delicia\/wp-json\/wp\/v2\/media?parent=5216"}],"wp:term":[{"taxonomy":"category","embeddable":true,"href":"https:\/\/marisaono.com\/delicia\/wp-json\/wp\/v2\/categories?post=5216"},{"taxonomy":"post_tag","embeddable":true,"href":"https:\/\/marisaono.com\/delicia\/wp-json\/wp\/v2\/tags?post=5216"}],"curies":[{"name":"wp","href":"https:\/\/api.w.org\/{rel}","templated":true}]}}