{"id":5259,"date":"2012-10-05T21:46:46","date_gmt":"2012-10-06T00:46:46","guid":{"rendered":"http:\/\/marisaono.com\/delicia\/?p=5259"},"modified":"2012-10-05T21:46:46","modified_gmt":"2012-10-06T00:46:46","slug":"pao-de-cebola-com-cara-moela-quinua-e-farelo-de-aveia","status":"publish","type":"post","link":"https:\/\/marisaono.com\/delicia\/2012\/10\/05\/pao-de-cebola-com-cara-moela-quinua-e-farelo-de-aveia\/","title":{"rendered":"P\u00e3o de Cebola com Car\u00e1-Moela, Quinua e Farelo de Aveia"},"content":{"rendered":"<div class=\"translate_block\" style=\"display: none;\">\n<a class=\"translate_translate\" id=\"translate_button_post-5259\" lang=\"en\" xml:lang=\"en\" href=\"javascript:show_translate_popup('en', 'post', 5259);\">[Translate]<\/a><img src=\"https:\/\/marisaono.com\/delicia\/wp-content\/plugins\/google-ajax-translation\/transparent.gif\" id=\"translate_loading_post-5259\" class=\"translate_loading\" style=\"display: none;\" width=\"16\" height=\"16\" alt=\"\" \/>\n<hr class=\"translate_hr\" \/>\n<\/div>\n<div id=\"content_div-5259\">\n<p><a href=\"http:\/\/marisaono.com\/delicia\/wp-content\/uploads\/IMG_0936.jpg\"><img loading=\"lazy\" decoding=\"async\" class=\"alignnone size-full wp-image-5260\" title=\"IMG_0936\" src=\"http:\/\/marisaono.com\/delicia\/wp-content\/uploads\/IMG_0936.jpg\" alt=\"\" width=\"360\" height=\"480\" srcset=\"https:\/\/marisaono.com\/delicia\/wp-content\/uploads\/IMG_0936.jpg 360w, https:\/\/marisaono.com\/delicia\/wp-content\/uploads\/IMG_0936-203x270.jpg 203w, https:\/\/marisaono.com\/delicia\/wp-content\/uploads\/IMG_0936-113x150.jpg 113w\" sizes=\"(max-width: 360px) 100vw, 360px\" \/><\/a><\/p>\n<p>Fui \u00e0 feira com minha m\u00e3e. Enquanto ela escolhia batatas, fui comprar cebolas. Quando volto, percebo que ela tamb\u00e9m havia comprado cebolas. Eram muitas para duas pessoas. \u00a0Por outro lado, os cara-moela (ganhei os primeiros da Neide Rigo, dos mesmos que ela comenta aqui:\u00a0<a href=\"http:\/\/come-se.blogspot.com.br\/2012\/09\/cara-moela-coluna-do-paladar-4.html\">http:\/\/come-se.blogspot.com.br\/2012\/09\/cara-moela-coluna-do-paladar-4.html<\/a>\u00a0), estavam brotando. Uns foram plantados e outros foram para a panela.<\/p>\n<p>Nem \u00e9 uma receita nova e sim uma receita velha que vivo mexendo. \u00c9 a <a href=\"http:\/\/marisaono.com\/delicia\/?p=174\" target=\"_blank\">receita de p\u00e3o de mandioca<\/a>, que pode virar <a href=\"http:\/\/marisaono.com\/delicia\/?p=3822\" target=\"_blank\">p\u00e3o de kabocha<\/a>, p\u00e3o de inhame, p\u00e3o de batata. Como tinha um pouco de quinua e farelo de aveia, acabei aproveitando tamb\u00e9m. Adicionei cebolas refogadas e o p\u00e3o ficou macio, com um cheiro bom de refogado e com um pouco mais de fibras e nutrientes. A receita ficou assim:<\/p>\n<p>1\/2 quilo de car\u00e1-moela cozido e amassado (se n\u00e3o encontrar, use mandioca, batata, car\u00e1 comum, inhame ou tar\u00f4, por exemplo)<\/p>\n<p>1 x\u00edcara de \u00e1gua morna<\/p>\n<p>1 x\u00edcara de leite<\/p>\n<p>3 ovos<\/p>\n<p>100 gramas de manteiga ou margarina<\/p>\n<p>2 tabletes de fermento de p\u00e3o ou 2 colheres de fermento granulado<\/p>\n<p>4 colheres de a\u00e7\u00facar<\/p>\n<p>1 colher de sobremesa de sal<\/p>\n<p>50 gramas de quinua em flocos<\/p>\n<p>100 gramas de farelo de aveia<\/p>\n<p>Farinha o quanto baste<\/p>\n<p>400 gramas de cebolas picadas e refogadas em um pouco de \u00f3leo, com um pouco de sal, at\u00e9 ficarem macias<\/p>\n<p>Como usei fermento fresco, desmanchei-o em um pouco de \u00e1gua morna e farinha e deixei de lado por uns 10 minutos.<\/p>\n<p>Misturei o car\u00e1 cozido e amassado e ainda morno com a\u00e7\u00facar, a \u00e1gua, a manteiga, a farinha de quinua, o farelo de aveia e um pouco de farinha. Adicionei os ovos, o fermento, mais farinha e fui amassando. Por fim o sal e farinha suficiente para que a massa ficasse macia, um pouco grudenta. Deixei descansar at\u00e9 crescer.<\/p>\n<p>Adicionei a cebola refogada. A massa vai ficar mole. Peguei por\u00e7\u00f5es de massa, trabalhei um pouco em uma superf\u00edcie bem enfarinhada e dividi em bolinhas. Coloquei-as em assadeiras forradas com papel imperme\u00e1vel (ou use assadeiras untadas e enfarinhadas). Deixei crescer.<\/p>\n<p>Levei ao forno pr\u00e9-aquecido bem quente. S\u00e3o p\u00e3es pequenos, v\u00e3o assar r\u00e1pido e costumo assar em forno alto para que n\u00e3o fiquem secos. No caso, antes de ir ao forno cobri com queijo mussarela (mu\u00e7arela) passada no ralo grosso. Poderia ser queijo prato ou outro queijo que derreta. Poderia ter simplesmente pincelado gema batida.<\/p>\n<p>Rende muitos p\u00e3es (uns 40). Pode coloca-los em um saco pl\u00e1stico que feche bem e congelar.<\/p>\n<p>&nbsp;<\/p>\n<p>&nbsp;<\/p>\n<a href=\"https:\/\/www.freetellafriend.com\/tell\/?url=https%3A%2F%2Fmarisaono.com%2Fdelicia%2F2012%2F10%2F05%2Fpao-de-cebola-com-cara-moela-quinua-e-farelo-de-aveia%2F&title=P%C3%A3o+de+Cebola+com+Car%C3%A1-Moela%2C+Quinua+e+Farelo+de+Aveia\" onclick=\"window.open('https:\/\/www.freetellafriend.com\/tell\/?url=https%3A%2F%2Fmarisaono.com%2Fdelicia%2F2012%2F10%2F05%2Fpao-de-cebola-com-cara-moela-quinua-e-farelo-de-aveia%2F&title=P%C3%A3o+de+Cebola+com+Car%C3%A1-Moela%2C+Quinua+e+Farelo+de+Aveia', 'freetellafriend', 'scrollbars=1,menubar=0,width=617,height=530,resizable=1,toolbar=0,location=0,status=0,screenX=210,screenY=100,left=210,top=100'); return false;\" target=\"_blank\" title=\"Share This Post\"><img decoding=\"async\" src=\"http:\/\/marisaono.com\/delicia\/wp-content\/plugins\/tell-a-friend\/button.gif\" style=\"width:127px;height:16px;border:0px;\" alt=\"Share This Post\" title=\"Share This Post\" \/><\/a><\/div>\n","protected":false},"excerpt":{"rendered":"<p>[Translate] Fui \u00e0 feira com minha m\u00e3e. Enquanto ela escolhia batatas, fui comprar cebolas. Quando volto, percebo que ela tamb\u00e9m havia comprado cebolas. Eram muitas para duas pessoas. \u00a0Por outro lado, os cara-moela (ganhei os primeiros da Neide Rigo, dos &hellip; <a href=\"https:\/\/marisaono.com\/delicia\/2012\/10\/05\/pao-de-cebola-com-cara-moela-quinua-e-farelo-de-aveia\/\">Continuar a ler <span class=\"meta-nav\">&rarr;<\/span><\/a><\/p>\n","protected":false},"author":1,"featured_media":5260,"comment_status":"open","ping_status":"open","sticky":false,"template":"","format":"standard","meta":{"spay_email":"","footnotes":"","jetpack_publicize_message":"","jetpack_is_tweetstorm":false},"categories":[24,26,256],"tags":[111,145,85],"jetpack_featured_media_url":"https:\/\/marisaono.com\/delicia\/wp-content\/uploads\/IMG_0936.jpg","jetpack_publicize_connections":[],"jetpack_sharing_enabled":true,"jetpack_shortlink":"https:\/\/wp.me\/pccs7-1mP","jetpack-related-posts":[{"id":6718,"url":"https:\/\/marisaono.com\/delicia\/2013\/11\/02\/o-cara-moela-que-nao-comi\/","url_meta":{"origin":5259,"position":0},"title":"O Car\u00e1-Moela que N\u00e3o Comi","date":"Novembro 2, 2013","format":false,"excerpt":"Guardei alguns car\u00e1-moela (car\u00e1-do-ar) pensando em fazer um p\u00e3o ou seguir a sugest\u00e3o de um senhor que mora aqui perto e cozinhar com frango. A Natureza tem o seu tempo, que nem sempre est\u00e1 em sintonia com o meu. Os car\u00e1s brotaram. Alguns j\u00e1 queriam alcan\u00e7ar o c\u00e9u. Apesar do\u2026","rel":"","context":"In &quot;cotidiano&quot;","img":{"alt_text":"","src":"https:\/\/i1.wp.com\/marisaono.com\/delicia\/wp-content\/uploads\/IMG_3376.jpg?resize=350%2C200&ssl=1","width":350,"height":200},"classes":[]},{"id":1502,"url":"https:\/\/marisaono.com\/delicia\/2009\/07\/15\/pao-de-torresmo-e-pao-enrolado\/","url_meta":{"origin":5259,"position":1},"title":"P\u00e3o de Torresmo e P\u00e3o Enrolado","date":"Julho 15, 2009","format":false,"excerpt":"Uma receita rende 2 outras. Usando a mesma massa do P\u00e3o Sovado, fiz P\u00e3o de Torresmo e P\u00e3o Enrolado.\u00a0 Separei metade da massa, cilindrei, distribu\u00ed 100 gramas de torresmo e enrolei dois p\u00e3es. Deixei que crescessem, pincelei com gema e fiz cortes. Forno quente nos primeiros 10 minutos e depois\u2026","rel":"","context":"In &quot;lanches&quot;","img":{"alt_text":"pao-enrolado","src":"https:\/\/i0.wp.com\/marisaono.com\/delicia\/wp-content\/uploads\/pao-enrolado.jpg?resize=350%2C200","width":350,"height":200},"classes":[]},{"id":11259,"url":"https:\/\/marisaono.com\/delicia\/2021\/09\/30\/ultimos-videos-do-canal\/","url_meta":{"origin":5259,"position":2},"title":"\u00daltimos V\u00eddeos do Canal","date":"Setembro 30, 2021","format":false,"excerpt":"Fiz um v\u00eddeo de uma receita que publiquei em 2013, que \u00e9 uma torta que d\u00e1 para fazer com praticamente tudo que voc\u00ea tem na geladeira. \u00c9 \u00f3tima para aproveitar sobras. http:\/\/marisaono.com\/delicia\/2013\/04\/29\/quiche-sem-massa-limpa-geladeira\/ https:\/\/youtu.be\/4bcrn6I6Jds Aqui dou a dica para fazer uma batata frita sequinha e sem bagun\u00e7a: https:\/\/youtu.be\/CP3YVRD01d4 Tamb\u00e9m tem dica\u2026","rel":"","context":"In &quot;dicas&quot;","img":{"alt_text":"","src":"https:\/\/i0.wp.com\/img.youtube.com\/vi\/4bcrn6I6Jds\/0.jpg?resize=350%2C200","width":350,"height":200},"classes":[]},{"id":2202,"url":"https:\/\/marisaono.com\/delicia\/2010\/05\/03\/torta-de-pao-do-desespero\/","url_meta":{"origin":5259,"position":3},"title":"Torta de P\u00e3o do Desespero","date":"Maio 3, 2010","format":false,"excerpt":"A pregui\u00e7a pode ser m\u00e3e de algumas inven\u00e7\u00f5es. Com p\u00e3o de forma rendendo na geladeira h\u00e1 alguns dias, algumas sobras de frango, um peda\u00e7o de queijo, ovos, manteiga, poderia ter feito um sandu\u00edche. Mas acabei fazendo uma brincadeira que rendeu uma torta. N\u00e3o \u00e9 uma receita, \u00e9 s\u00f3 uma id\u00e9ia:\u2026","rel":"","context":"In &quot;Cozinha do Desespero&quot;","img":{"alt_text":"","src":"https:\/\/i2.wp.com\/marisaono.com\/delicia\/wp-content\/uploads\/Torta-de-p\u00e3o-do-desespero-1.jpg?resize=350%2C200&ssl=1","width":350,"height":200},"classes":[]},{"id":174,"url":"https:\/\/marisaono.com\/delicia\/2008\/01\/03\/pao-de-mandioca\/","url_meta":{"origin":5259,"position":4},"title":"P\u00e3o de Mandioca","date":"Janeiro 3, 2008","format":false,"excerpt":"Sim, eu ainda erro receita. Fa\u00e7o esse p\u00e3o h\u00e1 mais de vinte anos. S\u00f3 que, desta vez, distra\u00ed e o p\u00e3o fermentou demais. N\u00e3o foi perda total, s\u00f3 que ele ficou com uma apar\u00eancia murcha, depois de assada. No entanto, como sempre, resultou em um p\u00e3o macio. Se tiver uma\u2026","rel":"","context":"In &quot;F\u00e1cil&quot;","img":{"alt_text":"","src":"https:\/\/i2.wp.com\/marisaono.com\/delicia\/wp-content\/uploads\/pao-de-mandioca.jpg?resize=350%2C200&ssl=1","width":350,"height":200},"classes":[]},{"id":6284,"url":"https:\/\/marisaono.com\/delicia\/2013\/07\/16\/mostarda-caseira-e-pao-de-inhame\/","url_meta":{"origin":5259,"position":5},"title":"Mostarda Caseira e P\u00e3o de Inhame","date":"Julho 16, 2013","format":false,"excerpt":"Nunca fiz mostarda, sempre comprei pronta. No entanto, por curiosidade, minha m\u00e3e plantou um punhado de mostarda amarela e colhemos as sementes. Para aproveitar a safra, acabei fazendo uma conserva. O sabor n\u00e3o \u00e9 t\u00e3o picante quanto eu esperava, mas o aroma! Ficou \u00f3timo em um peito de frango em\u2026","rel":"","context":"In &quot;massas&quot;","img":{"alt_text":"","src":"https:\/\/i1.wp.com\/marisaono.com\/delicia\/wp-content\/uploads\/IMG_2676.jpg?resize=350%2C200&ssl=1","width":350,"height":200},"classes":[]}],"_links":{"self":[{"href":"https:\/\/marisaono.com\/delicia\/wp-json\/wp\/v2\/posts\/5259"}],"collection":[{"href":"https:\/\/marisaono.com\/delicia\/wp-json\/wp\/v2\/posts"}],"about":[{"href":"https:\/\/marisaono.com\/delicia\/wp-json\/wp\/v2\/types\/post"}],"author":[{"embeddable":true,"href":"https:\/\/marisaono.com\/delicia\/wp-json\/wp\/v2\/users\/1"}],"replies":[{"embeddable":true,"href":"https:\/\/marisaono.com\/delicia\/wp-json\/wp\/v2\/comments?post=5259"}],"version-history":[{"count":2,"href":"https:\/\/marisaono.com\/delicia\/wp-json\/wp\/v2\/posts\/5259\/revisions"}],"predecessor-version":[{"id":5262,"href":"https:\/\/marisaono.com\/delicia\/wp-json\/wp\/v2\/posts\/5259\/revisions\/5262"}],"wp:featuredmedia":[{"embeddable":true,"href":"https:\/\/marisaono.com\/delicia\/wp-json\/wp\/v2\/media\/5260"}],"wp:attachment":[{"href":"https:\/\/marisaono.com\/delicia\/wp-json\/wp\/v2\/media?parent=5259"}],"wp:term":[{"taxonomy":"category","embeddable":true,"href":"https:\/\/marisaono.com\/delicia\/wp-json\/wp\/v2\/categories?post=5259"},{"taxonomy":"post_tag","embeddable":true,"href":"https:\/\/marisaono.com\/delicia\/wp-json\/wp\/v2\/tags?post=5259"}],"curies":[{"name":"wp","href":"https:\/\/api.w.org\/{rel}","templated":true}]}}