{"id":5264,"date":"2012-10-08T21:40:10","date_gmt":"2012-10-09T00:40:10","guid":{"rendered":"http:\/\/marisaono.com\/delicia\/?p=5264"},"modified":"2012-10-08T21:40:10","modified_gmt":"2012-10-09T00:40:10","slug":"programas-de-outubro","status":"publish","type":"post","link":"https:\/\/marisaono.com\/delicia\/2012\/10\/08\/programas-de-outubro\/","title":{"rendered":"Programas de Outubro"},"content":{"rendered":"<div class=\"translate_block\" style=\"display: none;\">\n<a class=\"translate_translate\" id=\"translate_button_post-5264\" lang=\"en\" xml:lang=\"en\" href=\"javascript:show_translate_popup('en', 'post', 5264);\">[Translate]<\/a><img src=\"https:\/\/marisaono.com\/delicia\/wp-content\/plugins\/google-ajax-translation\/transparent.gif\" id=\"translate_loading_post-5264\" class=\"translate_loading\" style=\"display: none;\" width=\"16\" height=\"16\" alt=\"\" \/>\n<hr class=\"translate_hr\" \/>\n<\/div>\n<div id=\"content_div-5264\">\n<p>Dia 16 de outubro \u00e9 o dia mundial da alimenta\u00e7\u00e3o. Nesse dia o Instituto Slow Food S\u00e3o Paulo promove o primeiro semin\u00e1rio Slow Food. Ser\u00e1 aberto ao p\u00fablico e gratuito, das 13 \u00e0s 18 horas, na C\u00e2mara Municipal de S\u00e3o Paulo \u2212 Audit\u00f3rio Prestes Maia (Viaduto. Jacare\u00ed, 100 &#8211; 1\u00ba andar). Mais informa\u00e7\u00f5es aqui:<\/p>\n<p><a href=\"http:\/\/www.slowfoodbrasil.com\/textos\/noticias-slow-food\/588-i-seminario-slowfood-sp\">http:\/\/www.slowfoodbrasil.com\/textos\/noticias-slow-food\/588-i-seminario-slowfood-sp<\/a><\/p>\n<p>No Sesc Bom Retiro, Banquete Surpresa.\u00a0A elabora\u00e7\u00e3o do card\u00e1pio, dicas e orienta\u00e7\u00f5es ser\u00e3o fornecidas pelo <a href=\"http:\/\/www.paulocoelhomachado.com.br\/\" target=\"_blank\">chef Paulo Machado<\/a> e o card\u00e1pio ter\u00e1 como base a utiliza\u00e7\u00e3o de alimentos n\u00e3o convencionais. Das 18 \u00e0s 20 hrs, gratuito. Mais informa\u00e7\u00f5es aqui:<\/p>\n<p><a href=\"http:\/\/www.sescsp.org.br\/sesc\/programa_new\/mostra_detalhe.cfm?programacao_id=231105\">http:\/\/www.sescsp.org.br\/sesc\/programa_new\/mostra_detalhe.cfm?programacao_id=231105<\/a><\/p>\n<p>&nbsp;<\/p>\n<p>Ali\u00e1s, o Sesc S\u00e3o Paulo tem uma grande programa\u00e7\u00e3o em suas unidades. Veja aqui:<\/p>\n<p><a href=\"http:\/\/www.sescsp.org.br\/sesc\/programa_new\/busca.cfm?conjunto_id=10277\">http:\/\/www.sescsp.org.br\/sesc\/programa_new\/busca.cfm?conjunto_id=10277<\/a><\/p>\n<p>No CEAGESP, curso de culin\u00e1ria gratuito em parceria com o SESI, do programa Alimente-se Bem. Com 15 participantes em cada turma, as aulas ocorrer\u00e3o em uma unidade m\u00f3vel estacionada no l\u00e1 \u00a0(Av. Dr. Gast\u00e3o Vidigal, 1946, Vila Leopoldina \u2013 Port\u00e3o 3 &#8211; CEAGESP ). Detalhes sobre hor\u00e1rio e programa\u00e7\u00e3o, aqui:<\/p>\n<p><a href=\"http:\/\/www.ceagesp.gov.br\/comunicacao\/\">http:\/\/www.ceagesp.gov.br\/comunicacao\/<\/a><\/p>\n<p>&nbsp;<\/p>\n<a href=\"https:\/\/www.freetellafriend.com\/tell\/?url=https%3A%2F%2Fmarisaono.com%2Fdelicia%2F2012%2F10%2F08%2Fprogramas-de-outubro%2F&title=Programas+de+Outubro\" onclick=\"window.open('https:\/\/www.freetellafriend.com\/tell\/?url=https%3A%2F%2Fmarisaono.com%2Fdelicia%2F2012%2F10%2F08%2Fprogramas-de-outubro%2F&title=Programas+de+Outubro', 'freetellafriend', 'scrollbars=1,menubar=0,width=617,height=530,resizable=1,toolbar=0,location=0,status=0,screenX=210,screenY=100,left=210,top=100'); return false;\" target=\"_blank\" title=\"Share This Post\"><img decoding=\"async\" src=\"http:\/\/marisaono.com\/delicia\/wp-content\/plugins\/tell-a-friend\/button.gif\" style=\"width:127px;height:16px;border:0px;\" alt=\"Share This Post\" title=\"Share This Post\" \/><\/a><\/div>\n","protected":false},"excerpt":{"rendered":"<p>[Translate] Dia 16 de outubro \u00e9 o dia mundial da alimenta\u00e7\u00e3o. Nesse dia o Instituto Slow Food S\u00e3o Paulo promove o primeiro semin\u00e1rio Slow Food. Ser\u00e1 aberto ao p\u00fablico e gratuito, das 13 \u00e0s 18 horas, na C\u00e2mara Municipal de &hellip; <a href=\"https:\/\/marisaono.com\/delicia\/2012\/10\/08\/programas-de-outubro\/\">Continuar a ler <span class=\"meta-nav\">&rarr;<\/span><\/a><\/p>\n","protected":false},"author":1,"featured_media":0,"comment_status":"open","ping_status":"open","sticky":false,"template":"","format":"standard","meta":{"spay_email":"","footnotes":"","jetpack_publicize_message":"","jetpack_is_tweetstorm":false},"categories":[17],"tags":[],"jetpack_featured_media_url":"","jetpack_publicize_connections":[],"jetpack_sharing_enabled":true,"jetpack_shortlink":"https:\/\/wp.me\/pccs7-1mU","jetpack-related-posts":[{"id":6418,"url":"https:\/\/marisaono.com\/delicia\/2013\/08\/18\/slow-food-lamen-e-mizuna\/","url_meta":{"origin":5264,"position":0},"title":"Slow Food, Lamen e Mizuna","date":"Agosto 18, 2013","format":false,"excerpt":"Pois \u00e9, os \u00faltimos dias foram corridos por aqui. Mas n\u00e3o deixei de cozinhar, n\u00e3o. Quarta-feira passei o dia com cinco jovens, muita conversa sobre comida e encantamento (deles) por banana que deu no quintal. V\u00e3o ouvir falar deles daqui um tempo. Tive d\u00f3, sofreram com o frio, a garoa\u2026","rel":"","context":"In &quot;cotidiano&quot;","img":{"alt_text":"","src":"https:\/\/i1.wp.com\/marisaono.com\/delicia\/wp-content\/uploads\/IMG_2907.jpg?resize=350%2C200&ssl=1","width":350,"height":200},"classes":[]},{"id":47,"url":"https:\/\/marisaono.com\/delicia\/2007\/07\/17\/slow-cooking\/","url_meta":{"origin":5264,"position":1},"title":"Slow Cooking.","date":"Julho 17, 2007","format":false,"excerpt":"Por favor, n\u00e3o confunda com slow food. Slow cooking \u00e9 cozinhar devagar, devagarinho. Sem pressa. Imposs\u00edvel para os dias p\u00f3s-modernos, onde tudo \u00e9 para ontem? N\u00e3o. H\u00e1 muito tempo comprei uma Shuttle Chef e n\u00f3s duas vivemos felizes para sempre. Feij\u00e3o? Fervo o feij\u00e3o que deixei de molho, por dez\u2026","rel":"","context":"In &quot;dicas&quot;","img":{"alt_text":"","src":"","width":0,"height":0},"classes":[]},{"id":6734,"url":"https:\/\/marisaono.com\/delicia\/2013\/11\/09\/semana-mesa-sp-parte-1\/","url_meta":{"origin":5264,"position":2},"title":"Semana Mesa SP - Parte 1","date":"Novembro 9, 2013","format":false,"excerpt":"Esta semana n\u00e3o escrevi nada nem aqui e muito pouco no Facebook por um bom motivo: estive no Senac Santo Amaro acompanhando os eventos Mesa Tend\u00eancias e Mesa ao Vivo, da Prazeres da Mesa. O tema deste ano foram \"Ra\u00edzes\". Videos foram produzidos pelo Slow Food, apresentando depoimentos de descendentes\u2026","rel":"","context":"In &quot;Lugares&quot;","img":{"alt_text":"","src":"https:\/\/i2.wp.com\/marisaono.com\/delicia\/wp-content\/uploads\/IMG_3401.jpg?resize=350%2C200&ssl=1","width":350,"height":200},"classes":[]},{"id":6972,"url":"https:\/\/marisaono.com\/delicia\/2014\/01\/05\/eu-e-a-midia-ou-hoje-morro-de-vergonha\/","url_meta":{"origin":5264,"position":3},"title":"Eu e a M\u00eddia (Ou Hoje Morro de Vergonha)","date":"Janeiro 5, 2014","format":false,"excerpt":"Primeiro, o v\u00eddeo que foi produzido pelo pessoal do Slow Food, sobre as ra\u00edzes da gastronomia brasileira. Ali\u00e1s, \u00e9 uma s\u00e9rie de videos, que foram apresentados em primeira m\u00e3o no Mesa Tend\u00eancias. Aqui abaixo, o link do v\u00eddeo sobre os imigrantes japoneses, com a minha participa\u00e7\u00e3o. Ra\u00edzes da Gastronomia Brasileira:\u2026","rel":"","context":"With 1 comment","img":{"alt_text":"","src":"","width":0,"height":0},"classes":[]},{"id":6556,"url":"https:\/\/marisaono.com\/delicia\/2013\/09\/26\/agenda-2\/","url_meta":{"origin":5264,"position":4},"title":"Agenda","date":"Setembro 26, 2013","format":false,"excerpt":"N\u00e3o pensem que ando cozinhando menos. O fato \u00e9 que ando cozinhando o mesmo. Um pouco disso e daquilo, coisas que j\u00e1 escrevi por aqui. Creio que para terei novidades para os pr\u00f3ximos dias. Por enquanto ficam as dicas de cursos. No dia 27, \u00e0s 10 horas, no Caf\u00e9 Aricanduva,\u2026","rel":"","context":"In &quot;dicas&quot;","img":{"alt_text":"","src":"","width":0,"height":0},"classes":[]},{"id":3456,"url":"https:\/\/marisaono.com\/delicia\/2011\/07\/31\/curtas-da-semana\/","url_meta":{"origin":5264,"position":5},"title":"Curtas da Semana","date":"Julho 31, 2011","format":false,"excerpt":"Fui ao workshop da Ana, Mara e Neide sobre inv\u00f3lucros. Folha de bananeira, palha de milho, a fava do jatob\u00e1 e outros tantos pacotinhos. Cozinharam milho, massa de mandioca, peixe, camar\u00e3o, banana, maracuj\u00e1, feij\u00e3o fradinho. Nina Horta estava l\u00e1 e, para minha surpresa, s\u00f3 percebi que o Luis Fernando Ver\u00edssimo\u2026","rel":"","context":"In &quot;cotidiano&quot;","img":{"alt_text":"","src":"https:\/\/i1.wp.com\/marisaono.com\/delicia\/wp-content\/uploads\/IMG_6412.jpg?resize=350%2C200&ssl=1","width":350,"height":200},"classes":[]}],"_links":{"self":[{"href":"https:\/\/marisaono.com\/delicia\/wp-json\/wp\/v2\/posts\/5264"}],"collection":[{"href":"https:\/\/marisaono.com\/delicia\/wp-json\/wp\/v2\/posts"}],"about":[{"href":"https:\/\/marisaono.com\/delicia\/wp-json\/wp\/v2\/types\/post"}],"author":[{"embeddable":true,"href":"https:\/\/marisaono.com\/delicia\/wp-json\/wp\/v2\/users\/1"}],"replies":[{"embeddable":true,"href":"https:\/\/marisaono.com\/delicia\/wp-json\/wp\/v2\/comments?post=5264"}],"version-history":[{"count":2,"href":"https:\/\/marisaono.com\/delicia\/wp-json\/wp\/v2\/posts\/5264\/revisions"}],"predecessor-version":[{"id":5266,"href":"https:\/\/marisaono.com\/delicia\/wp-json\/wp\/v2\/posts\/5264\/revisions\/5266"}],"wp:attachment":[{"href":"https:\/\/marisaono.com\/delicia\/wp-json\/wp\/v2\/media?parent=5264"}],"wp:term":[{"taxonomy":"category","embeddable":true,"href":"https:\/\/marisaono.com\/delicia\/wp-json\/wp\/v2\/categories?post=5264"},{"taxonomy":"post_tag","embeddable":true,"href":"https:\/\/marisaono.com\/delicia\/wp-json\/wp\/v2\/tags?post=5264"}],"curies":[{"name":"wp","href":"https:\/\/api.w.org\/{rel}","templated":true}]}}