{"id":5319,"date":"2012-10-17T21:58:39","date_gmt":"2012-10-18T00:58:39","guid":{"rendered":"http:\/\/marisaono.com\/delicia\/?p=5319"},"modified":"2012-10-17T21:59:08","modified_gmt":"2012-10-18T00:59:08","slug":"quiosque-bombay-em-belo-horizonte","status":"publish","type":"post","link":"https:\/\/marisaono.com\/delicia\/2012\/10\/17\/quiosque-bombay-em-belo-horizonte\/","title":{"rendered":"Quiosque Bombay em Belo Horizonte"},"content":{"rendered":"<div class=\"translate_block\" style=\"display: none;\">\n<a class=\"translate_translate\" id=\"translate_button_post-5319\" lang=\"en\" xml:lang=\"en\" href=\"javascript:show_translate_popup('en', 'post', 5319);\">[Translate]<\/a><img src=\"https:\/\/marisaono.com\/delicia\/wp-content\/plugins\/google-ajax-translation\/transparent.gif\" id=\"translate_loading_post-5319\" class=\"translate_loading\" style=\"display: none;\" width=\"16\" height=\"16\" alt=\"\" \/>\n<hr class=\"translate_hr\" \/>\n<\/div>\n<div id=\"content_div-5319\">\n<p>Inaugurou na semana passada, no shopping P\u00e1tio Savassi.\u00a0Av. do Contorno, 6061 &#8211; Funcion\u00e1rios.<\/p>\n<p>Hor\u00e1rio de funcionamento: Segunda \u00e0 s\u00e1bado das 10:00 \u00e0s 22:00h e nos domingos e feriados: das 14:00 \u00e0s 20:00 h<\/p>\n<p>Agora alho negro e dezenas (talvez mais de uma centena) de especiarias est\u00e3o acess\u00edveis na cidade.<\/p>\n<p>Para saber o endere\u00e7o de outras unidades:<\/p>\n<p><a href=\"http:\/\/www.bombayherbsspices.com.br\/site\/lojas.php\">http:\/\/www.bombayherbsspices.com.br\/site\/lojas.php<\/a><\/p>\n<a href=\"https:\/\/www.freetellafriend.com\/tell\/?url=https%3A%2F%2Fmarisaono.com%2Fdelicia%2F2012%2F10%2F17%2Fquiosque-bombay-em-belo-horizonte%2F&title=Quiosque+Bombay+em+Belo+Horizonte\" onclick=\"window.open('https:\/\/www.freetellafriend.com\/tell\/?url=https%3A%2F%2Fmarisaono.com%2Fdelicia%2F2012%2F10%2F17%2Fquiosque-bombay-em-belo-horizonte%2F&title=Quiosque+Bombay+em+Belo+Horizonte', 'freetellafriend', 'scrollbars=1,menubar=0,width=617,height=530,resizable=1,toolbar=0,location=0,status=0,screenX=210,screenY=100,left=210,top=100'); return false;\" target=\"_blank\" title=\"Share This Post\"><img decoding=\"async\" src=\"http:\/\/marisaono.com\/delicia\/wp-content\/plugins\/tell-a-friend\/button.gif\" style=\"width:127px;height:16px;border:0px;\" alt=\"Share This Post\" title=\"Share This Post\" \/><\/a><\/div>\n","protected":false},"excerpt":{"rendered":"<p>[Translate] Inaugurou na semana passada, no shopping P\u00e1tio Savassi.\u00a0Av. do Contorno, 6061 &#8211; Funcion\u00e1rios. Hor\u00e1rio de funcionamento: Segunda \u00e0 s\u00e1bado das 10:00 \u00e0s 22:00h e nos domingos e feriados: das 14:00 \u00e0s 20:00 h Agora alho negro e dezenas (talvez &hellip; <a href=\"https:\/\/marisaono.com\/delicia\/2012\/10\/17\/quiosque-bombay-em-belo-horizonte\/\">Continuar a ler <span class=\"meta-nav\">&rarr;<\/span><\/a><\/p>\n","protected":false},"author":1,"featured_media":0,"comment_status":"open","ping_status":"open","sticky":false,"template":"","format":"standard","meta":{"spay_email":"","footnotes":"","jetpack_publicize_message":"","jetpack_is_tweetstorm":false},"categories":[14],"tags":[247,176],"jetpack_featured_media_url":"","jetpack_publicize_connections":[],"jetpack_sharing_enabled":true,"jetpack_shortlink":"https:\/\/wp.me\/pccs7-1nN","jetpack-related-posts":[{"id":2011,"url":"https:\/\/marisaono.com\/delicia\/2010\/02\/26\/ganhei-alho-negro\/","url_meta":{"origin":5319,"position":0},"title":"Ganhei Alho Negro!","date":"Fevereiro 26, 2010","format":false,"excerpt":"Para saber como o alho negro de Aomori chegou aqui em Ibiuna, leia l\u00e1 no meu outro blog: http:\/\/marisaono.com\/alho_negro\/?p=50","rel":"","context":"In &quot;cotidiano&quot;","img":{"alt_text":"","src":"https:\/\/i2.wp.com\/marisaono.com\/delicia\/wp-content\/uploads\/IMG_4602.jpg?resize=350%2C200&ssl=1","width":350,"height":200},"classes":[]},{"id":1820,"url":"https:\/\/marisaono.com\/delicia\/2009\/12\/23\/alho-alho-alho-e-alho\/","url_meta":{"origin":5319,"position":1},"title":"Alho, Alho, Alho e Alho.","date":"Dezembro 23, 2009","format":false,"excerpt":"N\u00e3o d\u00e1 para deixar de comentar. Depois da Neide Rigo no Come-se, l\u00e1 est\u00e1 meu alhinho no Gastrol\u00e2ndia, nos pratos feitos pelo Chef Carlos Bertolazzi: Camar\u00e3o com creme de alho-por\u00f3, alho assado, frito e negro e roule de frango cap\u00e3o recheado com alho negro amassado, regado com molho de cerveja\u2026","rel":"","context":"In \"Alho Negro\"","img":{"alt_text":"","src":"","width":0,"height":0},"classes":[]},{"id":662,"url":"https:\/\/marisaono.com\/delicia\/2009\/02\/23\/alho-negro\/","url_meta":{"origin":5319,"position":2},"title":"Alho Negro","date":"Fevereiro 23, 2009","format":false,"excerpt":"Eu gosto quando uma experi\u00eancia d\u00e1 certo. E tamb\u00e9m gosto de receber elogios sinceros. H\u00e1 alguns meses estou trabalhando na produ\u00e7\u00e3o de um alho maturado. H\u00e1 uns dois meses, depois de v\u00e1rios dias controlando temperatura, umidade, etc, saiu o primeiro lote. Eu gostei do resultado. Gostei tanto que mandei uma\u2026","rel":"","context":"In &quot;cotidiano&quot;","img":{"alt_text":"","src":"https:\/\/i2.wp.com\/marisaono.com\/delicia\/wp-content\/uploads\/Alho-Negro.jpg?resize=350%2C200&ssl=1","width":350,"height":200},"classes":[]},{"id":3879,"url":"https:\/\/marisaono.com\/delicia\/2011\/11\/28\/alho-negro-no-basillico\/","url_meta":{"origin":5319,"position":3},"title":"Alho Negro no Basillico","date":"Novembro 28, 2011","format":false,"excerpt":"Not\u00edcia curta: minha receita de penne com cogumelos e alho negro no site Basilico: http:\/\/basilico.uol.com.br\/793-receitas-PENNE-COM-COGUMELOS-E-ALHO-NEGRO \u00a0 Para quem quer comprar alho negro, acesse a loja virtual da Bombay: http:\/\/www.bombayherbsspices.com.br\/ \u00a0","rel":"","context":"In &quot;dicas&quot;","img":{"alt_text":"","src":"","width":0,"height":0},"classes":[]},{"id":4518,"url":"https:\/\/marisaono.com\/delicia\/2012\/01\/16\/o-cobicado-alho-negro\/","url_meta":{"origin":5319,"position":4},"title":"O Cobi\u00e7ado Alho Negro","date":"Janeiro 16, 2012","format":false,"excerpt":"Como tenho recebido muitos e-mails perguntando do alho negro, novamente comento aqui. O alho negro que \u00e9 t\u00e3o comentado, que aparece no card\u00e1pio de tantos restaurantes de renome e que apareceu em mat\u00e9rias de revistas como Prazeres da Mesa, Menu, Gosto e no caderno Paladar do Estad\u00e3o, por exemplo, \u00e9\u2026","rel":"","context":"In &quot;produtos.&quot;","img":{"alt_text":"","src":"https:\/\/i2.wp.com\/marisaono.com\/delicia\/wp-content\/uploads\/bombay1.jpg?resize=350%2C200&ssl=1","width":350,"height":200},"classes":[]},{"id":1807,"url":"https:\/\/marisaono.com\/delicia\/2009\/12\/18\/pate-de-figado-e-alho-negro\/","url_meta":{"origin":5319,"position":5},"title":"Pat\u00ea de F\u00edgado e Alho Negro","date":"Dezembro 18, 2009","format":false,"excerpt":"Quando eu era crian\u00e7a, pat\u00ea de f\u00edgado era uma coisa que vinha em uma latinha e eu n\u00e3o fazia a menor id\u00e9ia do que era feito, Eu nunca tinha experimentado fazer em casa, essa \u00e9 a primeira vez. Aproveitei para juntar o alho negro e o resultado foi muito bom.\u2026","rel":"","context":"In &quot;F\u00e1cil&quot;","img":{"alt_text":"pate de figado com alho negro","src":"https:\/\/i2.wp.com\/marisaono.com\/delicia\/wp-content\/uploads\/pate-de-figado-com-alho-negro.JPG?resize=350%2C200","width":350,"height":200},"classes":[]}],"_links":{"self":[{"href":"https:\/\/marisaono.com\/delicia\/wp-json\/wp\/v2\/posts\/5319"}],"collection":[{"href":"https:\/\/marisaono.com\/delicia\/wp-json\/wp\/v2\/posts"}],"about":[{"href":"https:\/\/marisaono.com\/delicia\/wp-json\/wp\/v2\/types\/post"}],"author":[{"embeddable":true,"href":"https:\/\/marisaono.com\/delicia\/wp-json\/wp\/v2\/users\/1"}],"replies":[{"embeddable":true,"href":"https:\/\/marisaono.com\/delicia\/wp-json\/wp\/v2\/comments?post=5319"}],"version-history":[{"count":3,"href":"https:\/\/marisaono.com\/delicia\/wp-json\/wp\/v2\/posts\/5319\/revisions"}],"predecessor-version":[{"id":5322,"href":"https:\/\/marisaono.com\/delicia\/wp-json\/wp\/v2\/posts\/5319\/revisions\/5322"}],"wp:attachment":[{"href":"https:\/\/marisaono.com\/delicia\/wp-json\/wp\/v2\/media?parent=5319"}],"wp:term":[{"taxonomy":"category","embeddable":true,"href":"https:\/\/marisaono.com\/delicia\/wp-json\/wp\/v2\/categories?post=5319"},{"taxonomy":"post_tag","embeddable":true,"href":"https:\/\/marisaono.com\/delicia\/wp-json\/wp\/v2\/tags?post=5319"}],"curies":[{"name":"wp","href":"https:\/\/api.w.org\/{rel}","templated":true}]}}