{"id":5416,"date":"2012-11-10T21:51:07","date_gmt":"2012-11-11T00:51:07","guid":{"rendered":"http:\/\/marisaono.com\/delicia\/?p=5416"},"modified":"2012-11-12T07:16:30","modified_gmt":"2012-11-12T10:16:30","slug":"outro-caracol-marinho","status":"publish","type":"post","link":"https:\/\/marisaono.com\/delicia\/2012\/11\/10\/outro-caracol-marinho\/","title":{"rendered":"Outro Caracol Marinho &#8211; Zidona dufresneyi"},"content":{"rendered":"<div class=\"translate_block\" style=\"display: none;\">\n<a class=\"translate_translate\" id=\"translate_button_post-5416\" lang=\"en\" xml:lang=\"en\" href=\"javascript:show_translate_popup('en', 'post', 5416);\">[Translate]<\/a><img src=\"https:\/\/marisaono.com\/delicia\/wp-content\/plugins\/google-ajax-translation\/transparent.gif\" id=\"translate_loading_post-5416\" class=\"translate_loading\" style=\"display: none;\" width=\"16\" height=\"16\" alt=\"\" \/>\n<hr class=\"translate_hr\" \/>\n<\/div>\n<div id=\"content_div-5416\">\n<p><a href=\"http:\/\/marisaono.com\/delicia\/wp-content\/uploads\/IMG_1293.jpg\"><img loading=\"lazy\" decoding=\"async\" class=\"alignnone size-full wp-image-5417\" title=\"IMG_1293\" src=\"http:\/\/marisaono.com\/delicia\/wp-content\/uploads\/IMG_1293.jpg\" alt=\"\" width=\"480\" height=\"360\" srcset=\"https:\/\/marisaono.com\/delicia\/wp-content\/uploads\/IMG_1293.jpg 480w, https:\/\/marisaono.com\/delicia\/wp-content\/uploads\/IMG_1293-360x270.jpg 360w, https:\/\/marisaono.com\/delicia\/wp-content\/uploads\/IMG_1293-150x113.jpg 150w, https:\/\/marisaono.com\/delicia\/wp-content\/uploads\/IMG_1293-400x300.jpg 400w\" sizes=\"(max-width: 480px) 100vw, 480px\" \/><\/a><\/p>\n<p>Eu pretendia continua escrevendo sobre a Semana Mesa SP mas fa\u00e7o uma pausa para falar desses caramujos que comprei hoje. Creio que s\u00e3o os mesmos que o Alex Atala comentou na sua coluna na Prazeres da Mesa:<\/p>\n<p><a href=\"http:\/\/prazeresdamesa.uol.com.br\/exibirMateria\/4899\/mar-do-brasil\" target=\"_blank\">http:\/\/prazeresdamesa.uol.com.br\/exibirMateria\/4899\/mar-do-brasil<\/a><\/p>\n<p><a href=\"http:\/\/marisaono.com\/delicia\/wp-content\/uploads\/CIMG00011.jpg\"><img loading=\"lazy\" decoding=\"async\" class=\"alignnone size-full wp-image-5418\" title=\"CIMG0001\" src=\"http:\/\/marisaono.com\/delicia\/wp-content\/uploads\/CIMG00011.jpg\" alt=\"\" width=\"360\" height=\"480\" srcset=\"https:\/\/marisaono.com\/delicia\/wp-content\/uploads\/CIMG00011.jpg 360w, https:\/\/marisaono.com\/delicia\/wp-content\/uploads\/CIMG00011-202x270.jpg 202w\" sizes=\"(max-width: 360px) 100vw, 360px\" \/><\/a><\/p>\n<p>Encontrei no varej\u00e3o do Ceagesp a R$5,00 o quilo. Escolhi e trouxe o equivalente a R$6,50. Infelizmente n\u00e3o recebi muita informa\u00e7\u00e3o de como cozinhar, exceto um &#8220;v\u00e1 espetando com um garfo&#8221;. Deveria ter telefonado para o Edson Croce (do <a href=\"http:\/\/marisaono.com\/delicia\/?p=4561\" target=\"_blank\">Shopping da Ro\u00e7a<\/a>, que ali\u00e1s, identificou para mim a esp\u00e9cie) ou lido o artigo, que recomendava purga-lo em \u00e1gua, sal e vinagre primeiro. Joguei em uma panela com \u00e1gua e sal, deixei por uns 3 minutos e tentei tira-los das conchas. Infelizmente n\u00e3o consegui tirar todos integralmente.<\/p>\n<p><a href=\"http:\/\/marisaono.com\/delicia\/wp-content\/uploads\/IMG_1298.jpg\"><img loading=\"lazy\" decoding=\"async\" class=\"alignnone size-full wp-image-5419\" title=\"IMG_1298\" src=\"http:\/\/marisaono.com\/delicia\/wp-content\/uploads\/IMG_1298.jpg\" alt=\"\" width=\"360\" height=\"480\" srcset=\"https:\/\/marisaono.com\/delicia\/wp-content\/uploads\/IMG_1298.jpg 360w, https:\/\/marisaono.com\/delicia\/wp-content\/uploads\/IMG_1298-202x270.jpg 202w\" sizes=\"(max-width: 360px) 100vw, 360px\" \/><\/a><\/p>\n<p>Outro pequeno inconveniente \u00e9 que esse molusco solta uma &#8220;baba&#8221;. \u00a0Depois de retirado das conchas, voltei a cozinhar em \u00e1gua e sal e fui testando o ponto com um garfo. N\u00e3o cozinhei por muito tempo, n\u00e3o, talvez uns 5 minutos.<\/p>\n<p><a href=\"http:\/\/marisaono.com\/delicia\/wp-content\/uploads\/IMG_1301.jpg\"><img loading=\"lazy\" decoding=\"async\" class=\"alignnone size-full wp-image-5420\" title=\"IMG_1301\" src=\"http:\/\/marisaono.com\/delicia\/wp-content\/uploads\/IMG_1301.jpg\" alt=\"\" width=\"480\" height=\"360\" srcset=\"https:\/\/marisaono.com\/delicia\/wp-content\/uploads\/IMG_1301.jpg 480w, https:\/\/marisaono.com\/delicia\/wp-content\/uploads\/IMG_1301-360x270.jpg 360w\" sizes=\"(max-width: 480px) 100vw, 480px\" \/><\/a><\/p>\n<p>Aproveitei apenas o &#8220;p\u00e9&#8221; do caramujo. Confesso que fiquei com receio e n\u00e3o experimentei as v\u00edsceras. Como ainda restava um pouco de &#8220;baba&#8221;, coloquei em uma mistura com \u00e1gua, sal e vinagre e deixei por algumas horas. Ocorreu algo um pouco curioso: o caramujo desbotou. N\u00e3o que isso seja ruim, pelo contr\u00e1rio, acho at\u00e9 que ficou com uma apar\u00eancia melhor.<\/p>\n<p><a href=\"http:\/\/marisaono.com\/delicia\/wp-content\/uploads\/IMG_1307.jpg\"><img loading=\"lazy\" decoding=\"async\" class=\"alignnone size-full wp-image-5421\" title=\"IMG_1307\" src=\"http:\/\/marisaono.com\/delicia\/wp-content\/uploads\/IMG_1307.jpg\" alt=\"\" width=\"480\" height=\"360\" srcset=\"https:\/\/marisaono.com\/delicia\/wp-content\/uploads\/IMG_1307.jpg 480w, https:\/\/marisaono.com\/delicia\/wp-content\/uploads\/IMG_1307-360x270.jpg 360w\" sizes=\"(max-width: 480px) 100vw, 480px\" \/><\/a><\/p>\n<p>Resolvi experimentar num su-miso: cortei em fatias finas, misturei vinagre de arroz e miso branco. Um pouco de cebolinha bem picada para dar cor e sabor extra. N\u00e3o estou inventando nada, esse prato pode ser feito com sardinhas, polvo e at\u00e9 konnyaku. O caracol tem uma textura parecida com a do polvo e um sabor muito mais delicado. Por isso mesmo preferi usar o miso branco, que \u00e9 mais jovem, tem um sabor mais suave e um pouco de do\u00e7ura.<\/p>\n<p><a href=\"http:\/\/marisaono.com\/delicia\/wp-content\/uploads\/IMG_1310.jpg\"><img loading=\"lazy\" decoding=\"async\" class=\"alignnone size-full wp-image-5422\" title=\"IMG_1310\" src=\"http:\/\/marisaono.com\/delicia\/wp-content\/uploads\/IMG_1310.jpg\" alt=\"\" width=\"480\" height=\"360\" srcset=\"https:\/\/marisaono.com\/delicia\/wp-content\/uploads\/IMG_1310.jpg 480w, https:\/\/marisaono.com\/delicia\/wp-content\/uploads\/IMG_1310-360x270.jpg 360w\" sizes=\"(max-width: 480px) 100vw, 480px\" \/><\/a><\/p>\n<p>Aproveitando a textura e o sabor delicado, resolvi tamb\u00e9m fazer um baata-yaki: foi s\u00f3 saltear em manteiga e adicionar um pouco de shoyu. Cebolinha para enfeitar e o aspargo a\u00ed entrou de gaiato porque era o que tinha na horta. Comi com arroz. Poderia ter feito um ceviche. Poderia ter feito uma salada avinagrada, com pepino (um sunomono). Enfim, poderia ser aproveitado de v\u00e1rias maneiras. Se encontra-los novamente na feira, irei comprar para testar outras maneiras de prepara-lo.<\/p>\n<p>Bem, quanto ao custo: de \u00a01,3 kg, obtive quase 340 gramas de caramujo pronto para consumo. Ou seja, cada kg dele, limpo, ficaria em R$19,00, bem mais barato que um polvo, por exemplo.<\/p>\n<p>Infelizmente, esses caramujos s\u00e3o pescados juntos com peixes ou camar\u00f5es e n\u00e3o \u00e9 raro serem descartados. Talvez alguma ind\u00fastria use esse descarte para produzir adubo org\u00e2nico.<\/p>\n<p>&nbsp;<\/p>\n<a href=\"https:\/\/www.freetellafriend.com\/tell\/?url=https%3A%2F%2Fmarisaono.com%2Fdelicia%2F2012%2F11%2F10%2Foutro-caracol-marinho%2F&title=Outro+Caracol+Marinho+%26%238211%3B+Zidona+dufresneyi\" onclick=\"window.open('https:\/\/www.freetellafriend.com\/tell\/?url=https%3A%2F%2Fmarisaono.com%2Fdelicia%2F2012%2F11%2F10%2Foutro-caracol-marinho%2F&title=Outro+Caracol+Marinho+%26%238211%3B+Zidona+dufresneyi', 'freetellafriend', 'scrollbars=1,menubar=0,width=617,height=530,resizable=1,toolbar=0,location=0,status=0,screenX=210,screenY=100,left=210,top=100'); return false;\" target=\"_blank\" title=\"Share This Post\"><img decoding=\"async\" src=\"http:\/\/marisaono.com\/delicia\/wp-content\/plugins\/tell-a-friend\/button.gif\" style=\"width:127px;height:16px;border:0px;\" alt=\"Share This Post\" title=\"Share This Post\" \/><\/a><\/div>\n","protected":false},"excerpt":{"rendered":"<p>[Translate] Eu pretendia continua escrevendo sobre a Semana Mesa SP mas fa\u00e7o uma pausa para falar desses caramujos que comprei hoje. Creio que s\u00e3o os mesmos que o Alex Atala comentou na sua coluna na Prazeres da Mesa: http:\/\/prazeresdamesa.uol.com.br\/exibirMateria\/4899\/mar-do-brasil Encontrei &hellip; <a href=\"https:\/\/marisaono.com\/delicia\/2012\/11\/10\/outro-caracol-marinho\/\">Continuar a ler <span class=\"meta-nav\">&rarr;<\/span><\/a><\/p>\n","protected":false},"author":1,"featured_media":5417,"comment_status":"open","ping_status":"open","sticky":false,"template":"","format":"standard","meta":{"spay_email":"","footnotes":"","jetpack_publicize_message":"","jetpack_is_tweetstorm":false},"categories":[15,16,256],"tags":[131,70,191],"jetpack_featured_media_url":"https:\/\/marisaono.com\/delicia\/wp-content\/uploads\/IMG_1293.jpg","jetpack_publicize_connections":[],"jetpack_sharing_enabled":true,"jetpack_shortlink":"https:\/\/wp.me\/pccs7-1pm","jetpack-related-posts":[{"id":3956,"url":"https:\/\/marisaono.com\/delicia\/2011\/12\/31\/feliz-2012\/","url_meta":{"origin":5416,"position":0},"title":"Feliz 2012","date":"Dezembro 31, 2011","format":false,"excerpt":"Este \u00e9 o \u00faltimo post do ano. A foto acima \u00e9 do osonai mochi (ou kagami mochi), que fazemos todos os anos, como um tipo de oferenda. Hoje soube que o blog recebeu\u00a0913.731 visitas que \u00a0visualizaram \u00a02.418.232 \u00a0p\u00e1ginas. \u00a0\u00c9 um n\u00famero excelente, considerando que o blog n\u00e3o est\u00e1 em um\u2026","rel":"","context":"In &quot;cotidiano&quot;","img":{"alt_text":"","src":"https:\/\/i0.wp.com\/marisaono.com\/delicia\/wp-content\/uploads\/CIMG0503.jpg?resize=350%2C200&ssl=1","width":350,"height":200},"classes":[]},{"id":2153,"url":"https:\/\/marisaono.com\/delicia\/2010\/04\/17\/jardim-meio-hectare\/","url_meta":{"origin":5416,"position":1},"title":"Jardim Meio Hectare","date":"Abril 17, 2010","format":false,"excerpt":"H\u00e1 muito eu queria conhecer o restaurante Jardim Meio Hectare (R Thomaz Gonzaga, 65 , Liberdade). Afinal, uma casa que tem coragem de colocar \"intestino grosso de porco frito\" no card\u00e1pio, merece meu respeito. Primeira surpresa: atendimento em portugu\u00eas (uma das funcion\u00e1rias \u00e9 brasileira). Come\u00e7amos com gyoza de porco grelhado.\u2026","rel":"","context":"In &quot;curiosidades&quot;","img":{"alt_text":"","src":"https:\/\/i0.wp.com\/marisaono.com\/delicia\/wp-content\/uploads\/Card\u00e1pio-jardim-meio-hectare.jpg?resize=350%2C200&ssl=1","width":350,"height":200},"classes":[]},{"id":5500,"url":"https:\/\/marisaono.com\/delicia\/2012\/11\/24\/eu-indico-vegetais-em-vaso-pastel-gyoza-e-cogumelos\/","url_meta":{"origin":5416,"position":2},"title":"Eu Indico: Vegetais em Vaso, Pastel, Gyoza e Cogumelos","date":"Novembro 24, 2012","format":false,"excerpt":"Que tal ter um vaso produzindo pepino? Ou um p\u00e9 de berinjela que cabe na varanda do apartamento? No Varej\u00e3o do Ceagesp, s\u00e1bado e domingo \u00a0pela manh\u00e3, com dona Maria Maruyama. A pastelaria Yoka, premiada pela Veja (rua dos Estudantes 37, Liberdade). \u00c9 fato: a massa \u00e9 mais fina que\u2026","rel":"","context":"In &quot;Compras&quot;","img":{"alt_text":"","src":"https:\/\/i1.wp.com\/marisaono.com\/delicia\/wp-content\/uploads\/CIMG00051.jpg?resize=350%2C200&ssl=1","width":350,"height":200},"classes":[]},{"id":5183,"url":"https:\/\/marisaono.com\/delicia\/2012\/09\/11\/caracois-marinhos\/","url_meta":{"origin":5416,"position":3},"title":"Carac\u00f3is Marinhos","date":"Setembro 11, 2012","format":false,"excerpt":"Confesso que s\u00f3 h\u00e1 pouco tempo fiquei sabendo que existiam carac\u00f3is marinhos comest\u00edveis no Brasil. Na verdade, soube porque o Alex Atala comentou durante a aula no Paladar - Cozinha do Brasil. Perdoem meu desinteresse por gastr\u00f3podes. Durante muito tempo relutei em comer esses moluscos no Jap\u00e3o, onde s\u00e3o muito\u2026","rel":"","context":"In &quot;curiosidades&quot;","img":{"alt_text":"","src":"https:\/\/i0.wp.com\/marisaono.com\/delicia\/wp-content\/uploads\/IMG_0743.jpg?resize=350%2C200&ssl=1","width":350,"height":200},"classes":[]},{"id":5036,"url":"https:\/\/marisaono.com\/delicia\/2012\/07\/17\/de-belem-a-tokyo\/","url_meta":{"origin":5416,"position":4},"title":"De Bel\u00e9m a Tokyo","date":"Julho 17, 2012","format":false,"excerpt":"Duas not\u00edcias boas. Nos dias 18,19,20 e 21 o restaurante Dalva e Dito recebe Thiago e Felipe Castanho do Remanso do Bosque e Remanso do Peixe. Uma boa oportunidade para conhecer a cozinha desses jovens de Bel\u00e9m do Par\u00e1. O almo\u00e7o fica em R$80,00 e jantar, R$110,00, sem couvert ou\u2026","rel":"","context":"In &quot;dicas&quot;","img":{"alt_text":"","src":"","width":0,"height":0},"classes":[]},{"id":107,"url":"https:\/\/marisaono.com\/delicia\/2007\/08\/23\/a-pedidos\/","url_meta":{"origin":5416,"position":5},"title":"A Pedidos&#8230;","date":"Agosto 23, 2007","format":false,"excerpt":"Pediram para que publicasse as fotos dos doces que fa\u00e7o.Atendendo a pedidos. Alfajores aromatizados com baunilha e ess\u00eancia de am\u00eandoas, recheados com doce de leite e cobertos com chocolate meio-amargo, pequenos, pouco maiores que um bombom.Duram cerca de um m\u00eas, mas s\u00e3o melhores nas primeiras semanas. A embalagem pesa cerca\u2026","rel":"","context":"In &quot;Doces&quot;","img":{"alt_text":"","src":"","width":0,"height":0},"classes":[]}],"_links":{"self":[{"href":"https:\/\/marisaono.com\/delicia\/wp-json\/wp\/v2\/posts\/5416"}],"collection":[{"href":"https:\/\/marisaono.com\/delicia\/wp-json\/wp\/v2\/posts"}],"about":[{"href":"https:\/\/marisaono.com\/delicia\/wp-json\/wp\/v2\/types\/post"}],"author":[{"embeddable":true,"href":"https:\/\/marisaono.com\/delicia\/wp-json\/wp\/v2\/users\/1"}],"replies":[{"embeddable":true,"href":"https:\/\/marisaono.com\/delicia\/wp-json\/wp\/v2\/comments?post=5416"}],"version-history":[{"count":3,"href":"https:\/\/marisaono.com\/delicia\/wp-json\/wp\/v2\/posts\/5416\/revisions"}],"predecessor-version":[{"id":5432,"href":"https:\/\/marisaono.com\/delicia\/wp-json\/wp\/v2\/posts\/5416\/revisions\/5432"}],"wp:featuredmedia":[{"embeddable":true,"href":"https:\/\/marisaono.com\/delicia\/wp-json\/wp\/v2\/media\/5417"}],"wp:attachment":[{"href":"https:\/\/marisaono.com\/delicia\/wp-json\/wp\/v2\/media?parent=5416"}],"wp:term":[{"taxonomy":"category","embeddable":true,"href":"https:\/\/marisaono.com\/delicia\/wp-json\/wp\/v2\/categories?post=5416"},{"taxonomy":"post_tag","embeddable":true,"href":"https:\/\/marisaono.com\/delicia\/wp-json\/wp\/v2\/tags?post=5416"}],"curies":[{"name":"wp","href":"https:\/\/api.w.org\/{rel}","templated":true}]}}